{"id":605053,"date":"2025-12-17T11:05:13","date_gmt":"2025-12-17T11:05:13","guid":{"rendered":"https:\/\/www.europesays.com\/fr\/605053\/"},"modified":"2025-12-17T11:05:13","modified_gmt":"2025-12-17T11:05:13","slug":"leurope-est-notre-destin-declare-la-presidente-du-kosovo-vjosa-osmani-a-euronews","status":"publish","type":"post","link":"https:\/\/www.europesays.com\/fr\/605053\/","title":{"rendered":"\u00ab\u00a0L&rsquo;Europe est notre destin\u00a0\u00bb d\u00e9clare la pr\u00e9sidente du Kosovo, Vjosa Osmani, \u00e0 Euronews"},"content":{"rendered":"<p>\n  Par&amp;nbsp<b>Euronews<\/b>\n<\/p>\n<p>\n         Publi\u00e9 le<br \/>\n            17\/12\/2025 &#8211; 12:00 UTC+1\n            <\/p>\n<p>L&rsquo;adh\u00e9sion \u00e0 l&rsquo;UE est le \u00ab\u00a0destin\u00a0\u00bb du Kosovo, a d\u00e9clar\u00e9 la pr\u00e9sidente Vjosa Osmani \u00e0 l&rsquo;\u00e9mission matinale Europe Today d&rsquo;Euronews, soulignant son alignement complet sur les valeurs de l&rsquo;Union.<\/p>\n<p>\u00ab\u00a0En tant qu&rsquo;identit\u00e9, en tant que pays, en tant que nation, nous contribuons aux valeurs de l&rsquo;Union europ\u00e9enne depuis des si\u00e8cles\u00a0\u00bb, a d\u00e9clar\u00e9 Vjosa Osmani. \u00ab\u00a0Bien qu&rsquo;il s&rsquo;agisse d&rsquo;un processus tr\u00e8s complexe, si l&rsquo;on utilise des crit\u00e8res fond\u00e9s sur le m\u00e9rite, le Kosovo aurait d\u00e9j\u00e0 \u00e9t\u00e9 en t\u00eate de liste \u00e0 l&rsquo;heure actuelle.\u00a0\u00bb<\/p>\n<p>Le Kosovo a d\u00e9pos\u00e9 sa candidature \u00e0 l&rsquo;adh\u00e9sion \u00e0 l&rsquo;UE en d\u00e9cembre 2022, mais n&rsquo;a que le statut de candidat potentiel, son chemin vers l&rsquo;adh\u00e9sion \u00e9tant compliqu\u00e9 par la non-reconnaissance de cinq \u00c9tats de l&rsquo;UE et la n\u00e9cessit\u00e9 d&rsquo;un accord politique avec la Serbie, qui refuse de reconna\u00eetre l&rsquo;ind\u00e9pendance de son ancienne province, d\u00e9clar\u00e9e en 2008 &#8211; un dialogue que Bruxelles a facilit\u00e9 pendant plus d&rsquo;une d\u00e9cennie.<\/p>\n<p>Pendant ce temps, le Kosovo reste 100% align\u00e9 sur la s\u00e9curit\u00e9 et la politique \u00e9trang\u00e8re de l&rsquo;UE, \u00ab\u00a0qu&rsquo;il s&rsquo;agisse des sanctions contre la Russie ou contre d&rsquo;autres adversaires du monde occidental et de ce que l&rsquo;UE repr\u00e9sente aujourd&rsquo;hui\u00a0\u00bb, a d\u00e9clar\u00e9 Vjosa Osmani \u00e0 Euronews.<\/p>\n<p>Selon elle, le Kosovo est \u00e9galement l&rsquo;un des meilleurs \u00e9l\u00e8ves des Balkans occidentaux en termes de r\u00e9formes \u00e9conomiques et administratives. \u00ab\u00a0Il est \u00e9vident qu&rsquo;il y a encore des choses et des devoirs \u00e0 faire, mais je pense que s&rsquo;il n&rsquo;y avait pas de complications politiques qui n&rsquo;ont rien \u00e0 voir avec les r\u00e9formes, nous serions absolument en t\u00eate\u00a0\u00bb, a d\u00e9clar\u00e9 Vjosa Osmani.<\/p>\n<p>La Russie et la Chine ont cherch\u00e9 \u00e0 \u00e9tendre leur influence dans les Balkans occidentaux ces derni\u00e8res ann\u00e9es, Moscou conservant un int\u00e9r\u00eat et P\u00e9kin investissant massivement dans des projets d&rsquo;infrastructure dans la r\u00e9gion. Et si l&rsquo;UE ne conserve pas son influence dans les Balkans occidentaux, \u00ab\u00a0quelqu&rsquo;un d&rsquo;autre viendra, non pas par charit\u00e9, mais parce qu&rsquo;il a des int\u00e9r\u00eats strat\u00e9giques dans la r\u00e9gion\u00a0\u00bb, a averti Vjosa Osmani.<\/p>\n<p>Dans ce contexte, le Kosovo soutient la candidature de l&rsquo;Ukraine \u00e0 l&rsquo;adh\u00e9sion \u00e0 l&rsquo;UE, \u00ab\u00a0un imp\u00e9ratif de s\u00e9curit\u00e9\u00a0\u00bb, a d\u00e9clar\u00e9 Vjosa Osmani. Cependant, les Kosovars voudraient que l&rsquo;Ukraine \u00ab\u00a0compl\u00e8te toutes les r\u00e9formes qui sont requises\u00a0\u00bb pour les autres candidats, a-t-elle ajout\u00e9.<\/p>\n<p>Dans l&rsquo;\u00e9valuation des pays candidats r\u00e9alis\u00e9e cette ann\u00e9e, la Commission europ\u00e9enne a salu\u00e9 l&rsquo;engagement du Kosovo en faveur de l&rsquo;adh\u00e9sion \u00e0 l&rsquo;UE, mais a not\u00e9 que les \u00e9lections et l&rsquo;impasse politique avaient retard\u00e9 les r\u00e9formes. Bruxelles a soulign\u00e9 qu&rsquo;il \u00e9tait essentiel de normaliser les relations avec la Serbie.<\/p>\n<p>Le Kosovo a r\u00e9cemment \u00e9t\u00e9 plong\u00e9 dans une crise politique apr\u00e8s que les partis ont \u00e9chou\u00e9 \u00e0 plusieurs reprises \u00e0 former un gouvernement \u00e0 la suite du vote de f\u00e9vrier. Des \u00e9lections l\u00e9gislatives anticip\u00e9es auront lieu le 28 d\u00e9cembre.<\/p>\n","protected":false},"excerpt":{"rendered":"Par&amp;nbspEuronews Publi\u00e9 le 17\/12\/2025 &#8211; 12:00 UTC+1 L&rsquo;adh\u00e9sion \u00e0 l&rsquo;UE est le \u00ab\u00a0destin\u00a0\u00bb du Kosovo, a d\u00e9clar\u00e9 la&hellip;\n","protected":false},"author":2,"featured_media":605054,"comment_status":"","ping_status":"","sticky":false,"template":"","format":"standard","meta":{"footnotes":""},"categories":[1586],"tags":[11,6157,1777,674,1011,27,13306,12,25,364],"class_list":{"0":"post-605053","1":"post","2":"type-post","3":"status-publish","4":"format-standard","5":"has-post-thumbnail","7":"category-europe","8":"tag-actualites","9":"tag-elargissement-de-lunion-europeenne","10":"tag-eu","11":"tag-europe","12":"tag-fr","13":"tag-france","14":"tag-kosovo","15":"tag-news","16":"tag-republique-francaise","17":"tag-union-europeenne"},"share_on_mastodon":{"url":"https:\/\/pubeurope.com\/@fr\/115734585473615162","error":""},"_links":{"self":[{"href":"https:\/\/www.europesays.com\/fr\/wp-json\/wp\/v2\/posts\/605053","targetHints":{"allow":["GET"]}}],"collection":[{"href":"https:\/\/www.europesays.com\/fr\/wp-json\/wp\/v2\/posts"}],"about":[{"href":"https:\/\/www.europesays.com\/fr\/wp-json\/wp\/v2\/types\/post"}],"author":[{"embeddable":true,"href":"https:\/\/www.europesays.com\/fr\/wp-json\/wp\/v2\/users\/2"}],"replies":[{"embeddable":true,"href":"https:\/\/www.europesays.com\/fr\/wp-json\/wp\/v2\/comments?post=605053"}],"version-history":[{"count":0,"href":"https:\/\/www.europesays.com\/fr\/wp-json\/wp\/v2\/posts\/605053\/revisions"}],"wp:featuredmedia":[{"embeddable":true,"href":"https:\/\/www.europesays.com\/fr\/wp-json\/wp\/v2\/media\/605054"}],"wp:attachment":[{"href":"https:\/\/www.europesays.com\/fr\/wp-json\/wp\/v2\/media?parent=605053"}],"wp:term":[{"taxonomy":"category","embeddable":true,"href":"https:\/\/www.europesays.com\/fr\/wp-json\/wp\/v2\/categories?post=605053"},{"taxonomy":"post_tag","embeddable":true,"href":"https:\/\/www.europesays.com\/fr\/wp-json\/wp\/v2\/tags?post=605053"}],"curies":[{"name":"wp","href":"https:\/\/api.w.org\/{rel}","templated":true}]}}