{"id":605059,"date":"2025-12-17T11:08:18","date_gmt":"2025-12-17T11:08:18","guid":{"rendered":"https:\/\/www.europesays.com\/fr\/605059\/"},"modified":"2025-12-17T11:08:18","modified_gmt":"2025-12-17T11:08:18","slug":"direct-dermatose-nodulaire-autoroutes-bloquees-train-a-larret-nous-reclamons-le-meme-budget-que-le-ministere-des-armees","status":"publish","type":"post","link":"https:\/\/www.europesays.com\/fr\/605059\/","title":{"rendered":"DIRECT. Dermatose nodulaire\u00a0: autoroutes bloqu\u00e9es, train \u00e0 l\u2019arr\u00eat\u2026 \u00ab\u00a0Nous r\u00e9clamons le m\u00eame budget que le minist\u00e8re des Arm\u00e9es\u00a0\u00bb"},"content":{"rendered":"<p>11h44.Bardella :\u00a0\u00ab\u00a0Les fran\u00e7ais sont avec vous\u00a0\u00bb<\/p>\n<p class=\"live-post__amorce\">Le num\u00e9ro 2 du Rassemblement National Jordan Bardella est en d\u00e9placement \u00e0 Strasbourg. Il s&rsquo;est rendu sur un point de blocage pour apporter son soutien aux agriculteur. \u00ab\u00a0Je pense qu&rsquo;on ne sera jamais comp\u00e9titifs avec des pays qui ne respectent pas les normes qu&rsquo;on vous demande \u00e0 vous\u00a0\u00bb, affirme-t-il, en r\u00e9f\u00e9rence au Mercosur. \u00ab\u00a0Les fran\u00e7ais sont avec vous\u00a0\u00bb ajoute-t-il.<\/p>\n<p>11h10.\u00a0\u00bbNous r\u00e9clamons le m\u00eame budget que le minist\u00e8re des Arm\u00e9es\u00a0\u00bb :\u00a0\u00a0FDSEA et JA appellent \u00e0 un rassemblement ce midi devant la pr\u00e9fecture de Tarn-et-Garonne \u00e0 Montauban<\/p>\n<p class=\"live-post__amorce\">\u00ab\u00a0Le point de rupture est atteint\u00a0\u00bb, consid\u00e8rent la FDSEA et les JA de Tarn-et-Garonne. Les deux syndicats majoritaires \u00e0 la Chambre d&rsquo;agriculture appellent \u00e0 un rassemblement devant la pr\u00e9fecture ce mercredi 17 d\u00e9cembre en fin de matin\u00e9e. Une manifestation loin des actions coup de poing men\u00e9es samedi soir \u00e0 Castelsarrasin ou encore dans la nuit de lundi \u00e0 mardi \u00e0 Montauban, si l&rsquo;on en croit l&rsquo;installation d&rsquo;un brasero pour faire griller des saucisses \u00e0 l&rsquo;heure du d\u00e9jeuner. <\/p>\n<p class=\"live-post__amorce\">Ceci dit, les agriculteurs ont un message clair \u00e0 adresser \u00e0 l&rsquo;Etat, sous les fen\u00eatres de la pr\u00e9fecture. \u00ab\u00a0Aujourd&rsquo;hui, l&rsquo;heure est grave car ce que nous annoncions depuis plusieurs mois est en train de se produire. Le point de rupture est atteint, au-del\u00e0 de la crise de la DNC o\u00f9 l&rsquo;Etat est le seul responsable de la situation, car ce n&rsquo;est pas par la force que l&rsquo;on r\u00e9sout les crises\u00a0\u00bb, \u00e9crivent les deux syndicats dans un communiqu\u00e9 transmis ce mercredi 17 d\u00e9cembre \u00e0 La D\u00e9p\u00eache.<\/p>\n<p class=\"live-post__amorce\">\u00ab\u00a0On demande les moyens pour produire, on nous augmente les taxes sur les engrais et les produits phytosanitaires. Nous exigeons un plan Marchal pour l\u2019agriculture occitane, et puisque l\u2019agriculture est une arme, nous r\u00e9clamons le m\u00eame budget que le Minist\u00e8re des Arm\u00e9es. Et d\u00e9sormais, nous exigeons que tout soit \u00e9crit, sign\u00e9 du Pr\u00e9sident de la R\u00e9publique, du Premier Ministre et des repr\u00e9sentants de l\u2019ensemble des Institutions concern\u00e9es.\u00a0\u00bb<\/p>\n<p>        <img decoding=\"async\" class=\"std-img__img responsive-img\" src=\"https:\/\/www.europesays.com\/fr\/wp-content\/uploads\/2025\/12\/1765969695_904_image.jpg\" alt=\"A 11\u00a0heures, place Foch \u00e0 Montauban les pr\u00e9paratifs de la manifestation organis\u00e9e par la FDSEA et les JA sous les fen\u00eatres de la pr\u00e9fecture.\"\/><\/p>\n<p>                A 11\u00a0heures, place Foch \u00e0 Montauban les pr\u00e9paratifs de la manifestation organis\u00e9e par la FDSEA et les JA sous les fen\u00eatres de la pr\u00e9fecture.<\/p>\n<p>10h08.Le trafic ferroviaire arr\u00eat\u00e9 entre Toulouse et Marseille est bloqu\u00e9 jusqu&rsquo;\u00e0 demain au minimum<\/p>\n<p class=\"live-post__amorce\">Le trafic ferroviaire, fortement perturb\u00e9 ces derni\u00e8res heures, pourrait reprendre progressivement dans la matin\u00e9e de demain jeudi 18 d\u00e9cembre, selon la SNCF, seulement si le point de blocage est lev\u00e9.<\/p>\n<p>09h10.Quelle est la situation dans la ferme de Benque, en Haute-Garonne, suspect\u00e9 d&rsquo;avoir un cas de dermatose<\/p>\n<p class=\"live-post__amorce\">La situation reste flou autour de cette exploitation. \u00ab\u00a0Apr\u00e8s nouveau pr\u00e9l\u00e8vement dans l&rsquo;exploitation suspecte de Benque, en Haute-Garonne, les r\u00e9sultats rendus ne permettent pas de conclure \u00e0 un r\u00e9sultat positif\u00a0\u00bb, indique la prefecture 31. \u00ab\u00a0Ce r\u00e9sultat ne permet donc pas de consid\u00e9rer qu&rsquo;il y a un foyer de DNC confirm\u00e9\u00a0\u00bb.<\/p>\n<p class=\"live-post__amorce\">Cette exploitation reste sous surveillance afin de pouvoir d\u00e9terminer si cette exploitation est ou pas un foyer de dermatose. \u00ab\u00a0Cette surveillance sera renforc\u00e9e par la r\u00e9alisation de deux visites v\u00e9t\u00e9rinaires hebdomadaires pour d\u00e9tecter le plus t\u00f4t possible une \u00e9ventuelle apparition de signe clinique\u00a0\u00bb, ajoute la pr\u00e9fecture. L&rsquo;\u00e9levage fera l&rsquo;objet d&rsquo;une vaccination comme les autres exploitations de la Haute-Garonne.<\/p>\n<p>08h40.Feu de d\u00e9tritus \u00e0 l\u2019entr\u00e9e de l\u2019A680 \u00e0 Verfeil<\/p>\n<p class=\"live-post__amorce\">Des agriculteurs ont allum\u00e9 un feu de d\u00e9tritus \u00e0 l\u2019entr\u00e9e de l\u2019A680, \u00e0 hauteur de Verfeil, sans interrompre totalement la circulation.<\/p>\n<p>        <img decoding=\"async\" class=\"std-img__img responsive-img\" src=\"https:\/\/www.europesays.com\/fr\/wp-content\/uploads\/2025\/12\/1765969696_380_image.jpg\" alt=\"Un feu de d\u00e9tritus est en cours \u00e0 l\u2019entr\u00e9e de l\u2019autoroute A680 \u00e0 Verfeil.\"\/><\/p>\n<p>                Un feu de d\u00e9tritus est en cours \u00e0 l\u2019entr\u00e9e de l\u2019autoroute A680 \u00e0 Verfeil.<br \/>\n                                    DR<\/p>\n<p>08h09.Les autoroutes bloqu\u00e9es dans le Sud<\/p>\n<p class=\"live-post__amorce\">Vinci fait le point sur les blocages ce mercredi 17 d\u00e9cembre.<\/p>\n<blockquote data-class=\"twitter-tweet\">\n<p lang=\"fr\" dir=\"ltr\">Manifestations agricoles en cours sur le r\u00e9seau VINCI Autoroutes. Avant de prendre la route, informez-vous sur vos conditions de circulation en suivant notre point de situation <a href=\"https:\/\/t.co\/Ggde9cxExh\">https:\/\/t.co\/Ggde9cxExh<\/a> et en \u00e9coutant <a href=\"https:\/\/twitter.com\/hashtag\/Radio1077?src=hash&amp;ref_src=twsrc%5Etfw\" target=\"_blank\" rel=\"noopener\">#Radio1077<\/a> <a href=\"https:\/\/t.co\/ox8VuEJlFL\">pic.twitter.com\/ox8VuEJlFL<\/a><\/p>\n<p>\u2014 VINCI Autoroutes (@VINCIAutoroutes) <a href=\"https:\/\/twitter.com\/VINCIAutoroutes\/status\/2001155068981047392?ref_src=twsrc%5Etfw\" target=\"_blank\" rel=\"noopener\">December 17, 2025<\/a><\/p><\/blockquote>\n<p>08h00.Gers :\u00a0les agriculteurs durcissent la mobilisation<\/p>\n<p class=\"live-post__amorce\">J\u00e9r\u00f4me Courr\u00e8ges, copr\u00e9sident de la Coordination rurale dans le Gers : \u00ab\u00a0On r\u00e9agit tr\u00e8s tr\u00e8s mal, d\u2019o\u00f9 le bulldozer. Le probl\u00e8me, c\u2019est qu\u2019aujourd\u2019hui ils emploient la force sur des gens qui travaillent. C\u2019est le monde \u00e0 l\u2019envers\u00a0\u00bb, juge l\u2019agriculteur. Selon lui, les mesures annonc\u00e9es emp\u00eachent les \u00e9leveurs de travailler dignement et de maintenir leurs troupeaux, dans un contexte de grave d\u00e9tresse financi\u00e8re aggrav\u00e9e par l\u2019absence de r\u00e9ponses \u00ab\u00a0comme sur les ann\u00e9es blanches demand\u00e9es depuis deux ans\u00a0\u00bb, appuie-t-il.<\/p>\n<p class=\"live-post__amorce\">\u00ab\u00a0L\u00e0, maintenant, il y en a marre. \u00c7a ne peut plus durer. Mais ce que je retiens, et c\u2019est la seule chose bien qu\u2019ait faite la ministre, c\u2019est de nous rassembler.\u00a0\u00bbEn effet, dans le Gers, les Jeunes agriculteurs sont aussi du mouvement. Ce mardi matin, ils ont bloqu\u00e9 la circulation \u00e0 Mirande et Vic-Fezensac.<\/p>\n<p>        <img decoding=\"async\" class=\"std-img__img responsive-img\" src=\"https:\/\/www.europesays.com\/fr\/wp-content\/uploads\/2025\/12\/1765969697_245_image.jpg\" alt=\"Mobilisation dans le Gers\"\/><\/p>\n<p>                Mobilisation dans le Gers<\/p>\n<p>07h40.Pas de train entre Bordeaux et Marseille, les agriculteurs bloquent les voies \u00e0 Villefranche-de-Lauragais<\/p>\n<p class=\"live-post__amorce\">Les manifestations agricoles impactent \u00e9galement le rail : la circulation des trains sur les axes Bordeaux-Marseille et Toulouse-Narbonne est interrompue au moins jusqu&rsquo;\u00e0 ce mercredi midi, nous indique la SNCF. Les agriculteurs ont bloqu\u00e9 les voies au niveau de Villefranche-de-Lauragais. Il existe des alternatives indique la SNCF, en passant par divers changements ou via des transferts par car. La reprise du trafic est soumis \u00e0 l&rsquo;autorisation de la pr\u00e9fecture.  <a href=\"https:\/\/www.ladepeche.fr\/2025\/12\/17\/dermatose-nodulaire-les-voies-ferrees-toujours-bloquees-aucun-train-ce-mercredi-entre-toulouse-et-marseille-au-minimum-jusqua-midi-13115866.php\" target=\"_blank\" rel=\"noopener noreferrer nofollow\" class=\"\">Plus d&rsquo;infos ici.<\/a> <\/p>\n<p>07h34.Les agriculteurs tarnais ont enseveli la sous-pr\u00e9fecture sous les pneus et le lisier<\/p>\n<p class=\"live-post__amorce\">Ce mardi, dans la soir\u00e9e, autour de 21 h, les agriculteurs sud-tarnais se sont mobilis\u00e9s devant la sous-pr\u00e9fecture de Castres pour crier leur col\u00e8re. \u00c0 Castres, ils ont notamment d\u00e9vers\u00e9 une impressionnante quantit\u00e9 de pneus et copieusement arros\u00e9 la fa\u00e7ade du b\u00e2timent public, sur les boulevards. En plus de nombreux agriculteurs tarnais, on trouvait sur place des Castrais venus voir ce qu\u2019il se passait et qui affichaient leur soutien aux manifestants.<\/p>\n<p>        <img decoding=\"async\" class=\"std-img__img responsive-img\" src=\"https:\/\/www.europesays.com\/fr\/wp-content\/uploads\/2025\/12\/1765969698_333_image.jpg\" alt=\"La mobilisation \u00e0 Castres\"\/><\/p>\n<p>                La mobilisation \u00e0 Castres<br \/>\n                                    DDM CM<\/p>\n<p>07h32.L&rsquo;autoroute A64 toujours bloqu\u00e9e, le point sur le trafic<\/p>\n<p class=\"live-post__amorce\">L&rsquo;autoroute est toujours bloqu\u00e9e sur 180 km entre Bayonne et Carbonne. Plusieurs rocades \u00e0 Albi, Gers ou en sur la RN88 pr\u00e8s de Rodez sont aussi ferm\u00e9e par les agriculteurs, ainsi que l&rsquo;acc\u00e8s \u00e0 l&rsquo;A63 au sud de Bordeaux.<\/p>\n<p>07h31.Ari\u00e8ge : \u00ab\u00a0On durcit, il n\u2019y a que \u00e7a pour se faire entendre\u00a0\u00bb<\/p>\n<p class=\"live-post__amorce\">. Peu apr\u00e8s leur entrevue avec la ministre de l\u2019Agriculture Annie Genevard, organis\u00e9e dans le cadre de la crise de la dermatose nodulaire contagieuse (DNC), les repr\u00e9sentants syndicaux agricoles ont rejoint le blocage de Tarascon-sur-Ari\u00e8ge pour faire un point de situation avec les acteurs mobilis\u00e9s. Le mot d\u2019ordre est clair : durcir le mouvement. \u00ab\u00a0On durcit, il n\u2019y a que \u00e7a pour se faire entendre\u00a0\u00bb, a martel\u00e9 S\u00e9bastien Durand, pr\u00e9sident de la Coordination rurale, devant les agriculteurs r\u00e9unis.<\/p>\n<p class=\"live-post__amorce\">\u00ab\u00a0Elle a os\u00e9 faire une conf\u00e9rence de presse juste avant notre r\u00e9union. En gros, vous saviez tout avant nous. Et \u00e0 cela s\u2019ajoute une heure de retard : c\u2019est un manque de respect incroyable\u00a0\u00bb, a fustig\u00e9 S\u00e9bastien Durand. <\/p>\n<p class=\"live-post__amorce\">La RN20 est toujours bloqu\u00e9e au rond-point de Sabart, \u00e0 Tarascon-sur-Ari\u00e8ge. Une d\u00e9viation est mise en place. La RD 20 (dite route des corniches) est actuellement \u00ab\u00a0impraticable\u00a0\u00bb, indique la pr\u00e9fecture de l\u2019Ari\u00e8ge. <\/p>\n<p>07h29.Plus de 3 000 b\u00eates abattues<\/p>\n<p class=\"live-post__amorce\">Plus de 3 300 vaches ont \u00e9t\u00e9 abattues sur un cheptel bovins de quelque 16 millions bovins.<\/p>\n<p class=\"std-elt__inline\">\n        <strong>\u00c0 lire aussi :<\/strong><br \/>\n        <a href=\"https:\/\/www.ladepeche.fr\/2025\/12\/15\/dermatose-nodulaire-pistolet-a-tige-carcasses-incineration-comment-les-vaches-sont-elles-euthanasiees-13112121.php\" target=\"_blank\" rel=\"noopener\">Dermatose nodulaire\u00a0: comment les vaches sont-elles euthanasi\u00e9es\u00a0?<\/a>\n    <\/p>\n<p>07h27.Le point sur la campagne de vaccination, l&rsquo;arm\u00e9e mobilisi\u00e9e<\/p>\n<p class=\"live-post__amorce\">Pour tenter de d\u00e9samorcer la col\u00e8re des agriculteurs, le gouvernement veut acc\u00e9l\u00e9rer la vaccination dans le Sud-Ouest contre la dermatose nodulaire contagieuse, avec 750 000 bovins suppl\u00e9mentaires. L&rsquo;arm\u00e9e va \u00eatre mobilis\u00e9e pour acheminer les vaccins.<\/p>\n<p class=\"live-post__amorce\">\u00ab\u00a0Dans les semaines qui viennent, il faut que l&rsquo;int\u00e9gralit\u00e9 (de ce) cheptel soit vaccin\u00e9 et nous nous y employons\u00a0\u00bb pour juguler la propagation de la maladie, a annonc\u00e9 mardi soir la ministre de l&rsquo;Agriculture, Annie Genevard, \u00e0 la sortie d&rsquo;une r\u00e9union \u00e0 Matignon. Cet objectif vient affiner la fourchette de 600 000 \u00e0 1 million d&rsquo;animaux suppl\u00e9mentaires devant \u00eatre vaccin\u00e9s, jusqu&rsquo;ici \u00e9voqu\u00e9e par le minist\u00e8re. <\/p>\n<p class=\"live-post__amorce\">Plus t\u00f4t, le Premier ministre, S\u00e9bastien Lecornu, avait d\u00e9j\u00e0 promis \u00ab\u00a0d&rsquo;acc\u00e9l\u00e9rer\u00a0\u00bb la vaccination, pour rassurer les \u00e9leveurs tr\u00e8s mobilis\u00e9s dans le Sud-Ouest contre la gestion de cette crise par le gouvernement.<\/p>\n<p><script async src=\"https:\/\/platform.twitter.com\/widgets.js\" charset=\"utf-8\"><\/script><\/p>\n","protected":false},"excerpt":{"rendered":"11h44.Bardella :\u00a0\u00ab\u00a0Les fran\u00e7ais sont avec vous\u00a0\u00bb Le num\u00e9ro 2 du Rassemblement National Jordan Bardella est en d\u00e9placement \u00e0&hellip;\n","protected":false},"author":2,"featured_media":605060,"comment_status":"","ping_status":"","sticky":false,"template":"","format":"standard","meta":{"footnotes":""},"categories":[2],"tags":[11,327,70814,33,1011,27,12,6375,25],"class_list":{"0":"post-605059","1":"post","2":"type-post","3":"status-publish","4":"format-standard","5":"has-post-thumbnail","7":"category-actualites","8":"tag-actualites","9":"tag-agriculture","10":"tag-dermatose-nodulaire","11":"tag-economie","12":"tag-fr","13":"tag-france","14":"tag-news","15":"tag-pyrenees-atlantiques","16":"tag-republique-francaise"},"share_on_mastodon":{"url":"https:\/\/pubeurope.com\/@fr\/115734598218920449","error":""},"_links":{"self":[{"href":"https:\/\/www.europesays.com\/fr\/wp-json\/wp\/v2\/posts\/605059","targetHints":{"allow":["GET"]}}],"collection":[{"href":"https:\/\/www.europesays.com\/fr\/wp-json\/wp\/v2\/posts"}],"about":[{"href":"https:\/\/www.europesays.com\/fr\/wp-json\/wp\/v2\/types\/post"}],"author":[{"embeddable":true,"href":"https:\/\/www.europesays.com\/fr\/wp-json\/wp\/v2\/users\/2"}],"replies":[{"embeddable":true,"href":"https:\/\/www.europesays.com\/fr\/wp-json\/wp\/v2\/comments?post=605059"}],"version-history":[{"count":0,"href":"https:\/\/www.europesays.com\/fr\/wp-json\/wp\/v2\/posts\/605059\/revisions"}],"wp:featuredmedia":[{"embeddable":true,"href":"https:\/\/www.europesays.com\/fr\/wp-json\/wp\/v2\/media\/605060"}],"wp:attachment":[{"href":"https:\/\/www.europesays.com\/fr\/wp-json\/wp\/v2\/media?parent=605059"}],"wp:term":[{"taxonomy":"category","embeddable":true,"href":"https:\/\/www.europesays.com\/fr\/wp-json\/wp\/v2\/categories?post=605059"},{"taxonomy":"post_tag","embeddable":true,"href":"https:\/\/www.europesays.com\/fr\/wp-json\/wp\/v2\/tags?post=605059"}],"curies":[{"name":"wp","href":"https:\/\/api.w.org\/{rel}","templated":true}]}}