{"id":605064,"date":"2025-12-17T11:11:16","date_gmt":"2025-12-17T11:11:16","guid":{"rendered":"https:\/\/www.europesays.com\/fr\/605064\/"},"modified":"2025-12-17T11:11:16","modified_gmt":"2025-12-17T11:11:16","slug":"merite-sportif-2025-les-merites-du-sport-honorent-romain-febvre-et-bien-dautres-athletes-vosgiens","status":"publish","type":"post","link":"https:\/\/www.europesays.com\/fr\/605064\/","title":{"rendered":"M\u00e9rite Sportif 2025. Les M\u00e9rites du Sport honorent Romain Febvre et bien d\u2019autres athl\u00e8tes vosgiens"},"content":{"rendered":"<p>La tradition, \u00e7a a du bon ! \u00c0 quelques encablures de la tr\u00eave des confiseurs et autres agapes, les divers repr\u00e9sentants du sport vosgien n\u2019ont pas manqu\u00e9 de se r\u00e9unir ce lundi soir dans l\u2019architecture cossue de la Rotonde de Thaon-les-Vosges. Th\u00e9\u00e2tre ind\u00e9modable de cette c\u00e9r\u00e9monie du M\u00e9rite Sportif. Un 33e opus, orchestr\u00e9 par l\u2019illustre journaliste Nelson Monfort, \u201cso british\u201d, et mis en musique par le conseil d\u00e9partemental des Vosges en partenariat avec Vosges Matin (repr\u00e9sent\u00e9 par G\u00e9rald Rebora, directeur de la r\u00e9gie publicitaire de Vosges Matin , L\u2019Est R\u00e9publicain et du R\u00e9publicain Lorrain ), qui a mis en lumi\u00e8re &#8211; et sous les projecteurs &#8211; les prouesses des uns et des&#8230;<\/p>\n","protected":false},"excerpt":{"rendered":"La tradition, \u00e7a a du bon ! \u00c0 quelques encablures de la tr\u00eave des confiseurs et autres agapes,&hellip;\n","protected":false},"author":2,"featured_media":605065,"comment_status":"","ping_status":"","sticky":false,"template":"","format":"standard","meta":{"footnotes":""},"categories":[1417],"tags":[1976,4130,10220,207,1796,1797,1798,1799,107,1011,27,517,1700,60,9589,10219,6187,1470,1632,1469],"class_list":{"0":"post-605064","1":"post","2":"type-post","3":"status-publish","4":"format-standard","5":"has-post-thumbnail","7":"category-volley","8":"tag-auto-moto","9":"tag-biathlon","10":"tag-ca-depinal-88a2","11":"tag-cyclisme","12":"tag-edition-epinal","13":"tag-edition-la-plaine","14":"tag-edition-remiremont-gerardmer","15":"tag-edition-saint-die","16":"tag-fil-info","17":"tag-fr","18":"tag-france","19":"tag-sport","20":"tag-sport-lorrain","21":"tag-sports","22":"tag-sports-dhiver","23":"tag-thaon-les-vosges","24":"tag-trail","25":"tag-volley","26":"tag-volley-ball","27":"tag-volleyball"},"share_on_mastodon":{"url":"https:\/\/pubeurope.com\/@fr\/115734608902826500","error":""},"_links":{"self":[{"href":"https:\/\/www.europesays.com\/fr\/wp-json\/wp\/v2\/posts\/605064","targetHints":{"allow":["GET"]}}],"collection":[{"href":"https:\/\/www.europesays.com\/fr\/wp-json\/wp\/v2\/posts"}],"about":[{"href":"https:\/\/www.europesays.com\/fr\/wp-json\/wp\/v2\/types\/post"}],"author":[{"embeddable":true,"href":"https:\/\/www.europesays.com\/fr\/wp-json\/wp\/v2\/users\/2"}],"replies":[{"embeddable":true,"href":"https:\/\/www.europesays.com\/fr\/wp-json\/wp\/v2\/comments?post=605064"}],"version-history":[{"count":0,"href":"https:\/\/www.europesays.com\/fr\/wp-json\/wp\/v2\/posts\/605064\/revisions"}],"wp:featuredmedia":[{"embeddable":true,"href":"https:\/\/www.europesays.com\/fr\/wp-json\/wp\/v2\/media\/605065"}],"wp:attachment":[{"href":"https:\/\/www.europesays.com\/fr\/wp-json\/wp\/v2\/media?parent=605064"}],"wp:term":[{"taxonomy":"category","embeddable":true,"href":"https:\/\/www.europesays.com\/fr\/wp-json\/wp\/v2\/categories?post=605064"},{"taxonomy":"post_tag","embeddable":true,"href":"https:\/\/www.europesays.com\/fr\/wp-json\/wp\/v2\/tags?post=605064"}],"curies":[{"name":"wp","href":"https:\/\/api.w.org\/{rel}","templated":true}]}}