{"id":605070,"date":"2025-12-17T11:17:13","date_gmt":"2025-12-17T11:17:13","guid":{"rendered":"https:\/\/www.europesays.com\/fr\/605070\/"},"modified":"2025-12-17T11:17:13","modified_gmt":"2025-12-17T11:17:13","slug":"camille-basset-a-paye-ses-lacunes-techniques-actualite","status":"publish","type":"post","link":"https:\/\/www.europesays.com\/fr\/605070\/","title":{"rendered":"Camille Basset a pay\u00e9 ses lacunes techniques &#8211; Actualit\u00e9"},"content":{"rendered":"<p style=\"text-align: justify;\"><strong>Toujours bien plac\u00e9e lors des deux premiers week-ends de Coupe de France (4 et 2 \u00e0 Albi puis 6 et 4 \u00e0 Quelneuc),\u00a0<strong><a href=\"https:\/\/www.directvelo.com\/coureur\/52473\/camille-basset\" target=\"_blank\" rel=\"noopener\">Camille Basset<\/a><\/strong> avait une place sur le podium du classement g\u00e9n\u00e9ral \u00e0 d\u00e9fendre, dimanche, lors de la derni\u00e8re manche \u00e0 Ouistreham, dans le Calvados. Mais pas franchement \u00e0 son avantage, la Bretonne s\u2019est enfonc\u00e9e profond\u00e9ment dans le classement et dans le sable normand. \u201cJ\u2019ai donn\u00e9 tout ce que je pouvais pour garder ma position mais je n\u2019ai pas r\u00e9ussi \u00e0 le faire, c\u2019est comme \u00e7a\u2026\u201d, regrettait-elle \u00e0 chaud, aupr\u00e8s de DirectVelo, juste apr\u00e8s en avoir termin\u00e9. <br \/><\/strong><\/p>\n<p style=\"text-align: justify;\">\u201cTechniquement, j\u2019allais moins vite que les autres, je perdais donc du temps dans le sable \u00e0 chaque fois. J\u2019essayais de revenir sur les parties roulantes mais \u00e7a n\u2019a pas \u00e9t\u00e9 suffisant\u201d. <strong><a href=\"https:\/\/www.directvelo.com\/epreuve\/48733\/coupe-de-france-de-cyclo-cross-ouistreham-u19-femmes-2025\" target=\"_blank\" rel=\"noopener\">Camille Basset termine ainsi loin des meilleures, hors du Top 10<\/a><\/strong>. \u201cJ\u2019ai essay\u00e9 de travailler le sable avant la course mais \u00e7a reste sp\u00e9cial. Il fallait faire avec, c\u2019\u00e9tait pareil pour tout le monde\u201d.<br \/>T\u00e2che \u00e0 elle d\u00e9sormais de vite se tourner vers la suite des \u00e9v\u00e9nements, et notamment bien s\u00fbr le gros rendez-vous troyen, pour le Championnat de France. \u201cJe vais continuer la pr\u00e9paration en esp\u00e9rant \u00eatre en meilleure forme au Championnat de France. J\u2019aimerais bien finir sur le podium mais il y a un gros niveau, ce ne sera pas facile\u201d. <\/p>\n","protected":false},"excerpt":{"rendered":"Toujours bien plac\u00e9e lors des deux premiers week-ends de Coupe de France (4 et 2 \u00e0 Albi puis&hellip;\n","protected":false},"author":2,"featured_media":605071,"comment_status":"","ping_status":"","sticky":false,"template":"","format":"standard","meta":{"footnotes":""},"categories":[1411],"tags":[834,828,836,829,837,827,83,826,824,823,1154,207,814,817,815,816,822,821,832,211,839,1011,27,820,818,819,835,831,830,833,838,60,212,208,825],"class_list":{"0":"post-605070","1":"post","2":"type-post","3":"status-publish","4":"format-standard","5":"has-post-thumbnail","7":"category-cyclisme","8":"tag-attaque","9":"tag-belgique","10":"tag-braquet","11":"tag-bretagne","12":"tag-chute","13":"tag-competition","14":"tag-coupe-de-france","15":"tag-coureur","16":"tag-course-cyclisme","17":"tag-course-cycliste","18":"tag-cycling","19":"tag-cyclisme","20":"tag-direct","21":"tag-direct-velo","22":"tag-directvelo","23":"tag-directvelo-com","24":"tag-epreuve","25":"tag-epreuve-cycliste","26":"tag-federation-francaise-de-cyclisme","27":"tag-ffc","28":"tag-flandres","29":"tag-fr","30":"tag-france","31":"tag-live","32":"tag-live-course","33":"tag-live-epreuve","34":"tag-peloton","35":"tag-radio-peloton","36":"tag-radio-tour","37":"tag-ravitaillement","38":"tag-relance","39":"tag-sports","40":"tag-uci","41":"tag-velo","42":"tag-velos"},"share_on_mastodon":{"url":"https:\/\/pubeurope.com\/@fr\/115734632538404881","error":""},"_links":{"self":[{"href":"https:\/\/www.europesays.com\/fr\/wp-json\/wp\/v2\/posts\/605070","targetHints":{"allow":["GET"]}}],"collection":[{"href":"https:\/\/www.europesays.com\/fr\/wp-json\/wp\/v2\/posts"}],"about":[{"href":"https:\/\/www.europesays.com\/fr\/wp-json\/wp\/v2\/types\/post"}],"author":[{"embeddable":true,"href":"https:\/\/www.europesays.com\/fr\/wp-json\/wp\/v2\/users\/2"}],"replies":[{"embeddable":true,"href":"https:\/\/www.europesays.com\/fr\/wp-json\/wp\/v2\/comments?post=605070"}],"version-history":[{"count":0,"href":"https:\/\/www.europesays.com\/fr\/wp-json\/wp\/v2\/posts\/605070\/revisions"}],"wp:featuredmedia":[{"embeddable":true,"href":"https:\/\/www.europesays.com\/fr\/wp-json\/wp\/v2\/media\/605071"}],"wp:attachment":[{"href":"https:\/\/www.europesays.com\/fr\/wp-json\/wp\/v2\/media?parent=605070"}],"wp:term":[{"taxonomy":"category","embeddable":true,"href":"https:\/\/www.europesays.com\/fr\/wp-json\/wp\/v2\/categories?post=605070"},{"taxonomy":"post_tag","embeddable":true,"href":"https:\/\/www.europesays.com\/fr\/wp-json\/wp\/v2\/tags?post=605070"}],"curies":[{"name":"wp","href":"https:\/\/api.w.org\/{rel}","templated":true}]}}