{"id":605074,"date":"2025-12-17T11:19:12","date_gmt":"2025-12-17T11:19:12","guid":{"rendered":"https:\/\/www.europesays.com\/fr\/605074\/"},"modified":"2025-12-17T11:19:12","modified_gmt":"2025-12-17T11:19:12","slug":"tres-emu-jean-dujardin-se-confie-sur-la-mort-de-belmondo-ce-dernier-repas","status":"publish","type":"post","link":"https:\/\/www.europesays.com\/fr\/605074\/","title":{"rendered":"Tr\u00e8s \u00e9mu, Jean Dujardin se confie sur la mort de Belmondo : \u201cCe dernier repas\u2026\u201d"},"content":{"rendered":"<p><strong>Jean Dujardin a \u00e9t\u00e9 r\u00e9v\u00e9l\u00e9 par Un Gars, Une<br \/>\nFille dans les ann\u00e9es 2000.<\/strong> Une s\u00e9rie humoristique<br \/>\nqui lui a fait rencontrer la deuxi\u00e8me femme de sa vie,<br \/>\n<strong>Alexandra Lamy<\/strong>. Plus tard, le com\u00e9dien fait<br \/>\ncarri\u00e8re au cin\u00e9ma, d\u2019abord au second plan puis en haut de<br \/>\nl\u2019affiche. Jusqu\u2019au sommet, m\u00eame, lorsqu\u2019il d\u00e9croche un<br \/>\n<strong>Oscar<\/strong> puis fait une carri\u00e8re \u00e9clair \u00e0<br \/>\n<strong>Hollywood<\/strong>. Finalement, Jean Dujardin est revenu en<br \/>\nFrance, sa terre natale. <strong>Et celle d\u2019un certain Jean-Paul<br \/>\nBelmondo, l\u00e9gende du cinoche et l\u2019un des mod\u00e8les de<br \/>\nl\u2019int\u00e9ress\u00e9.<\/strong><\/p>\n<p>Jean Dujardin : il rencontre Alexandra Lamy dans Un Gars,<br \/>\nUne Fille<\/p>\n<p>1999, tout le monde flippe du fameux bug de l\u2019an 2000 \u00e0 venir un<br \/>\nan plus tard. Mais le grand public balaye ce mythe num\u00e9rique d\u2019un<br \/>\nrevers de la main. La raison ? Il d\u00e9couvre Un Gars, Une<br \/>\nFille. <strong>Format court humoristique pr\u00e9c\u00e9dant le JT de<br \/>\n20h00 sur France 2.<\/strong> Un divertissement tirant le portrait<br \/>\nd\u2019un couple de trentenaires bien dans leurs baskets. Le<br \/>\nGars, c\u2019est Jean Dujardin, la Fille, c\u2019est<br \/>\nAlexandra Lamy. <strong>Et la s\u00e9rie est un tremplin pour eux<br \/>\ndeux.<\/strong><\/p>\n<p>Avant de devenir un ph\u00e9nom\u00e8ne de mode \u00e0 l\u2019\u00e9poque. Car tout le<br \/>\nmonde pense que les deux interpr\u00e8tes d\u2019Un Gars, Une Fille<br \/>\nsont r\u00e9ellement en couple. Oui, mais non. Mais oui, en fait. La<br \/>\nfiction rejoint la r\u00e9alit\u00e9, et vice-versa. <strong>Jean Dujardin et<br \/>\nAlexandra Lamy tombent \u00e9perdument amoureux l\u2019un l\u2019autre.<\/strong><br \/>\nToutefois, \u00e0 ce moment-l\u00e0, ils sont chacun de leurs c\u00f4t\u00e9s en<br \/>\ncouple. Une fois le m\u00e9nage fait par l\u2019un et par l\u2019autre, ils vivent<br \/>\nleur amour au grand jour.<\/p>\n<p>Sa carri\u00e8re au cin\u00e9ma l\u2019a emmen\u00e9 jusqu\u2019\u00e0 l\u2019Oscar puis<br \/>\nHollywood<\/p>\n<p>Puis la s\u00e9rie s\u2019arr\u00eate, en apoth\u00e9ose, sur le mariage des deux<br \/>\npersonnages. Jean Dujardin et Alexandra Lamy, eux, se marient plus<br \/>\ntard, en 2009. <strong>Entretemps, l\u2019acteur s\u2019est lanc\u00e9 en bonne et<br \/>\ndue forme sur le grand \u00e9cran.<\/strong> Au cin\u00e9ma, d\u2019abord, il<br \/>\ns\u2019impose au second plan comme dans Le Convoyeur mettant en<br \/>\nvedette <strong>Albert Dupontel<\/strong>. Finalement, le doubl\u00e9<br \/>\nBrice de Nice et OSS 117 propulse Dujardin au<br \/>\nsommet de la com\u00e9die fran\u00e7aise.<\/p>\n<p>Peu apr\u00e8s, il se diversifie, ose des r\u00f4les plus dramatiques tels<br \/>\nque Contre-enqu\u00eate ou encore Les Petits mouchoirs<br \/>\nr\u00e9alis\u00e9 par le copain <strong>Guillaume Canet<\/strong>. Or, c\u2019est<br \/>\nThe Artist qui va tout changer dans sa carri\u00e8re, voire sa<br \/>\nvie. <strong>Il gagne l\u2019Oscar du meilleur acteur 2012 pour ce drame<br \/>\nmuet en noir et blanc retra\u00e7ant l\u2019\u00e2ge d\u2019or hollywoodien.<\/strong><br \/>\nEt le passage du muet au parlant. Jean Dujardin devient<br \/>\nworldwide, tourne notamment pour <strong>Martin<br \/>\nScorsese<\/strong>\u2026<\/p>\n<p>Jean Dujardin, ses quelques mots sur la<br \/>\nmort de son mod\u00e8le \u2018B\u00e9bel\u2019<\/p>\n<p>N\u00e9anmoins, l\u2019acteur reste tr\u00e8s attach\u00e9 \u00e0 la France. Son<br \/>\nexp\u00e9dition \u00e0 Hollywood va durer \u00e0 peine deux ans. Il revient<br \/>\ntourner en France, devient une ic\u00f4ne de la r\u00e9ussite fran\u00e7aise \u00e0<br \/>\nl\u2019\u00e9tranger et plus particuli\u00e8rement les Etats-Unis.<br \/>\n<strong>Toutefois, certaines de ses d\u00e9clarations patriotiques<br \/>\n<a href=\"https:\/\/www.melty.fr\/people\/jean-dujardin-pousse-un-coup-de-gueule-quand-tu-dis-que-tu-aimes-la-france-cest-complique-2197277.html\" target=\"_blank\" rel=\"noopener\"><br \/>\nen irritent certains, voire suscitent la pol\u00e9mique<\/a>.<\/strong><br \/>\nJean Dujardin semble s\u2019en foutre, il continue \u00e0 faire son job, \u00e0<br \/>\ntourner, pour le controvers\u00e9 <strong>Roman Polanski<\/strong>,<br \/>\nnotamment, ou le zinzin <strong>Jan Kounen<\/strong> plus<br \/>\nr\u00e9cemment.<\/p>\n<p>Cette ann\u00e9e, justement, Dujardin a retrouv\u00e9 Kounen pour<br \/>\nL\u2019Homme qui r\u00e9tr\u00e9cit. <strong>Film fantastique ambitieux<br \/>\nqui n\u2019a malheureusement pas trouv\u00e9 son public en salles.<\/strong><br \/>\nLes deux hommes avaient fait ensemble 99 francs, il y a<br \/>\npr\u00e8s de 20 ans, <a href=\"https:\/\/www.melty.fr\/people\/frederic-beigbeder-jai-sniffe-sur-cette-anecdote-lunaire-sur-une-substance-illicite-2245055.html\" target=\"_blank\" rel=\"noopener\"><br \/>\nadaptant le best-seller de <strong>Fr\u00e9d\u00e9ric Beigbeder<\/strong><\/a>.<br \/>\nPour la promo de L\u2019Homme qui r\u00e9tr\u00e9cit, les deux hommes se<br \/>\nretrouvent dans <strong>Clique<\/strong> pr\u00e9sent\u00e9 par<br \/>\n<strong>Mouloud Achour<\/strong>. L\u00e0, Jean Dujardin prononce<br \/>\nquelques mots \u00e0 propos d\u2019un des ses mod\u00e8les dans le cin\u00e9ma :<br \/>\nJean-Paul Belmondo. <strong>Ce dernier est d\u00e9c\u00e9d\u00e9 en 2021 et on a<br \/>\nsouvent pr\u00e9sent\u00e9 Dujardin comme le nouveau B\u00e9bel.<\/strong> \u201cJe<br \/>\nme souviens des quinze jours avant. On avait mang\u00e9 ensemble, avec<br \/>\nsa famille et quelques amis. Je me souviens, il \u00e9tait accroch\u00e9 \u00e0<br \/>\nson chien, c\u2019\u00e9tait tr\u00e8s important pour rester encore un peu l\u00e0,<br \/>\npour tenir.\u201d Tr\u00e8s \u00e9mu, l\u2019intepr\u00e8te d\u2019OSS 117 ajoute :<br \/>\n\u201cMais c\u2019est admirable ce qu\u2019il a fait [&#8230;]<br \/>\n<strong>Et, l\u00e0, ce dernier repas c\u2019\u00e9tait vraiment le dernier<br \/>\nrepas<\/strong> [&#8230;]\u201d Un dernier hommage bien \u00e0 lui.<\/p>\n","protected":false},"excerpt":{"rendered":"Jean Dujardin a \u00e9t\u00e9 r\u00e9v\u00e9l\u00e9 par Un Gars, Une Fille dans les ann\u00e9es 2000. Une s\u00e9rie humoristique qui&hellip;\n","protected":false},"author":2,"featured_media":605075,"comment_status":"","ping_status":"","sticky":false,"template":"","format":"standard","meta":{"footnotes":""},"categories":[1359],"tags":[905,58,59,1011,27,61777,218,973,65861,729],"class_list":{"0":"post-605074","1":"post","2":"type-post","3":"status-publish","4":"format-standard","5":"has-post-thumbnail","7":"category-people","8":"tag-a-la-une-melty","9":"tag-divertissement","10":"tag-entertainment","11":"tag-fr","12":"tag-france","13":"tag-has_video","14":"tag-jean-dujardin","15":"tag-people","16":"tag-trend","17":"tag-yout_video"},"share_on_mastodon":{"url":"https:\/\/pubeurope.com\/@fr\/115734640604717474","error":""},"_links":{"self":[{"href":"https:\/\/www.europesays.com\/fr\/wp-json\/wp\/v2\/posts\/605074","targetHints":{"allow":["GET"]}}],"collection":[{"href":"https:\/\/www.europesays.com\/fr\/wp-json\/wp\/v2\/posts"}],"about":[{"href":"https:\/\/www.europesays.com\/fr\/wp-json\/wp\/v2\/types\/post"}],"author":[{"embeddable":true,"href":"https:\/\/www.europesays.com\/fr\/wp-json\/wp\/v2\/users\/2"}],"replies":[{"embeddable":true,"href":"https:\/\/www.europesays.com\/fr\/wp-json\/wp\/v2\/comments?post=605074"}],"version-history":[{"count":0,"href":"https:\/\/www.europesays.com\/fr\/wp-json\/wp\/v2\/posts\/605074\/revisions"}],"wp:featuredmedia":[{"embeddable":true,"href":"https:\/\/www.europesays.com\/fr\/wp-json\/wp\/v2\/media\/605075"}],"wp:attachment":[{"href":"https:\/\/www.europesays.com\/fr\/wp-json\/wp\/v2\/media?parent=605074"}],"wp:term":[{"taxonomy":"category","embeddable":true,"href":"https:\/\/www.europesays.com\/fr\/wp-json\/wp\/v2\/categories?post=605074"},{"taxonomy":"post_tag","embeddable":true,"href":"https:\/\/www.europesays.com\/fr\/wp-json\/wp\/v2\/tags?post=605074"}],"curies":[{"name":"wp","href":"https:\/\/api.w.org\/{rel}","templated":true}]}}