{"id":605076,"date":"2025-12-17T11:20:13","date_gmt":"2025-12-17T11:20:13","guid":{"rendered":"https:\/\/www.europesays.com\/fr\/605076\/"},"modified":"2025-12-17T11:20:13","modified_gmt":"2025-12-17T11:20:13","slug":"la-direction-du-louvre-a-paris-annonce-tout-de-meme-une-ouverture-partielle-du-musee-liberation","status":"publish","type":"post","link":"https:\/\/www.europesays.com\/fr\/605076\/","title":{"rendered":"la direction du Louvre \u00e0 Paris annonce tout de m\u00eame une ouverture partielle du mus\u00e9e \u2013 Lib\u00e9ration"},"content":{"rendered":"<p class=\"sc-cPiKLX AiZTS text-element\">Il affichait porte close lundi, et il devait en \u00eatre de m\u00eame ce mercredi 17 d\u00e9cembre. Les salari\u00e9s du Louvre, qui demandent de meilleures conditions de travail et d\u2019accueil du public, ont choisi de poursuivre la gr\u00e8ve entam\u00e9e en d\u00e9but de semaine, a appris Lib\u00e9ration de source syndicale. Au cours de l\u2019assembl\u00e9e g\u00e9n\u00e9rale qui s\u2019est d\u00e9roul\u00e9e en d\u00e9but de journ\u00e9e, ils ont rejet\u00e9 la proposition minist\u00e9rielle et reconduit la gr\u00e8ve, ont d\u00e9clar\u00e9 la CFDT et la CGT \u00e0 l\u2019issue de la r\u00e9union.<\/p>\n<p class=\"sc-cPiKLX AiZTS text-element\">Mais la direction a annonc\u00e9 peu apr\u00e8s une ouverture partielle du mus\u00e9e. \u00abTous les espaces ne sont pas accessibles mais le mus\u00e9e ouvre et les premiers visiteurs sont en train d\u2019entrer\u00bb, a indiqu\u00e9 la direction. Peu avant, quelque 300 salari\u00e9s qui d\u00e9brayent contre les probl\u00e8mes de sous-effectifs et la d\u00e9gradation du b\u00e2timent avaient vot\u00e9 un deuxi\u00e8me jour de gr\u00e8ve.<\/p>\n<p class=\"sc-cPiKLX AiZTS text-element\">Une repr\u00e9sentante de la CFDT, Val\u00e9rie Baud, a notamment mis en garde contre une ouverture du mus\u00e9e dans ces conditions, pr\u00e8s de deux mois apr\u00e8s le vol spectaculaire de huit joyaux de la Couronne : \u00abIl ne faudrait pas que la direction du Louvre mette en danger la s\u00fbret\u00e9 de l\u2019\u00e9tablissement\u00bb, a-t-elle averti.<\/p>\n<p class=\"sc-cPiKLX AiZTS text-element\">\u00abLe pr\u00e9avis de gr\u00e8ve a \u00e9t\u00e9 maintenu et la gr\u00e8ve vot\u00e9e \u00e0 l\u2019unanimit\u00e9\u00bb, avaut d\u00e9clar\u00e9 plus t\u00f4t Val\u00e9rie Baud, repr\u00e9sentante CFDT, devant la presse sur le parvis du mus\u00e9e. \u00abLes propositions du minist\u00e8re\u00bb de la Culture ont \u00e9t\u00e9 \u00abjug\u00e9es insuffisantes et inacceptables par le personnel\u00bb, a de son c\u00f4t\u00e9 comment\u00e9 la CGT sur son compte Instagram. Dehors, devant la pyramide, un panneau, le m\u00eame que lundi, indiquait aux nombreux visiteurs un retard dans l\u2019ouverture du mus\u00e9e. <\/p>\n<p class=\"sc-cPiKLX AiZTS text-element\">Outre une annulation de la baisse pr\u00e9vue de la dotation de 5,7 millions d\u2019euros pour 2026, le minist\u00e8re de la Culture proposait d\u2019ouvrir des recrutements d\u00e9di\u00e9s \u00e0 l\u2019accueil et la surveillance du mus\u00e9e et une revalorisation indemnitaire que les syndicats voudraient p\u00e9renne.<\/p>\n<p class=\"sc-cPiKLX AiZTS text-element\">Une nouvelle \u00e9preuve pour un \u00e9tablissement en crise, alors que <a href=\"https:\/\/www.liberation.fr\/culture\/casse-du-louvre-management-controverse-menace-de-greve-des-agents-enquete-sur-laurence-des-cars-une-patronne-en-pleine-tempete-20251214_ZDDGWZJKAJG55EEWLEJPA3L25Q\/\" target=\"_blank\" rel=\"noopener\" title=\"https:\/\/www.liberation.fr\/culture\/casse-du-louvre-management-controverse-menace-de-greve-des-agents-enquete-sur-laurence-des-cars-une-patronne-en-pleine-tempete-20251214_ZDDGWZJKAJG55EEWLEJPA3L25Q\/\">la pr\u00e9sidente, Laurence des Cars,<\/a> est r\u00e9entendue en fin de journ\u00e9e au S\u00e9nat sur les failles de s\u00e9curit\u00e9 qui touchent l\u2019institution. La veille, l\u2019ancien pr\u00e9sident du Louvre, Jean-Luc Martinez, s\u2019est \u00e9galement expliqu\u00e9 face aux s\u00e9nateurs. Lors d\u2019une premi\u00e8re AG, lundi matin, quelque 400 agents avaient <a href=\"https:\/\/www.liberation.fr\/culture\/musee-du-louvre-les-salaries-appeles-a-voter-la-greve-reconductible-ce-lundi-matin-20251215_F32JUQ4QGFCEPCP5I4SYVEHBK4\/\" target=\"_blank\" rel=\"noopener\" title=\"https:\/\/www.liberation.fr\/culture\/musee-du-louvre-les-salaries-appeles-a-voter-la-greve-reconductible-ce-lundi-matin-20251215_F32JUQ4QGFCEPCP5I4SYVEHBK4\/\">vot\u00e9 \u00e0 l\u2019unanimit\u00e9 pour d\u00e9brayer<\/a> contre les probl\u00e8mes de sous-effectif, la d\u00e9gradation du b\u00e2timent ou <a href=\"https:\/\/www.liberation.fr\/culture\/payer-le-prix-fort-pour-visiter-un-musee-delabre-le-louvre-augmente-de-45-son-prix-dentree-pour-les-extra-europeens-20251127_A6S6BRUGYJA4HOTC5JP5N3NWHA\/\" target=\"_blank\" rel=\"noopener\" title=\"https:\/\/www.liberation.fr\/culture\/payer-le-prix-fort-pour-visiter-un-musee-delabre-le-louvre-augmente-de-45-son-prix-dentree-pour-les-extra-europeens-20251127_A6S6BRUGYJA4HOTC5JP5N3NWHA\/\">la hausse des tarifs pour les non-Europ\u00e9ens<\/a>.<\/p>\n<p class=\"sc-cPiKLX AiZTS text-element\">Dans la tourmente depuis <a href=\"https:\/\/www.liberation.fr\/culture\/arts\/braquage-au-musee-du-louvre-letablissement-ferme-pour-la-journee-20251019_P3722ZGVZBABBHQYMIRO636F5I\/#:~:text=Le%20mus%C3%A9e%20parisien%20a%20%C3%A9t%C3%A9,%C2%ABcommando%C2%BB%20de%20quatre%20hommes.\" target=\"_blank\" rel=\"noopener\" title=\"https:\/\/www.liberation.fr\/culture\/arts\/braquage-au-musee-du-louvre-letablissement-ferme-pour-la-journee-20251019_P3722ZGVZBABBHQYMIRO636F5I\/#:~:text=Le%20mus%C3%A9e%20parisien%20a%20%C3%A9t%C3%A9,%C2%ABcommando%C2%BB%20de%20quatre%20hommes.\">le casse du 19 octobre<\/a>, le mus\u00e9e le plus visit\u00e9 du monde \u00e9tait rest\u00e9 ferm\u00e9 aux visiteurs ce lundi. Parfois venus de loin, ils ont d\u2019abord \u00e9t\u00e9 pr\u00e9venus par un panneau annon\u00e7ant une ouverture \u00abretard\u00e9e\u00bb, avant d\u2019\u00eatre mis au courant par les salari\u00e9s eux-m\u00eames sur le parvis de la pyramide de la gr\u00e8ve en cours. Les agents pr\u00e9sents pour g\u00e9rer la foule ont enjoint les touristes, plus nombreux en cette p\u00e9riode de fin d\u2019ann\u00e9e et partag\u00e9s entre d\u00e9ception et r\u00e9signation, \u00e0 revenir mercredi.<\/p>\n<p class=\"sc-cPiKLX AiZTS text-element\">A la suite de l\u2019AG qui a d\u00e9cid\u00e9 la fermeture du mus\u00e9e lundi dernier, une r\u00e9union de crise avait eu lieu avec les syndicats au minist\u00e8re de la Culture, en premi\u00e8re ligne dans ce dossier, pour r\u00e9pondre \u00e0 la col\u00e8re des agents, \u00e9galement nourrie par la succession d\u2019avanies depuis le cambriolage (fermeture d\u2019une galerie, ouvrages anciens endommag\u00e9s par une fuite\u2026).<\/p>\n<p class=\"sc-cPiKLX AiZTS text-element\">\u00abIl y a une grande exasp\u00e9ration des agents\u00bb, commentait avait la r\u00e9union Christian Galani, d\u00e9l\u00e9gu\u00e9 CGT, syndicat majoritaire au Louvre. <\/p>\n<p class=\"sc-cPiKLX AiZTS text-element\">Fragilis\u00e9e un peu plus par ce conflit social, la pr\u00e9sidente du Louvre est de nouveau attendue, d\u00e8s 16h30, par la commission de la culture du S\u00e9nat, qui cherche \u00e0 \u00e9clairer les failles s\u00e9curitaires du mus\u00e9e. Le 22 octobre, juste apr\u00e8s <a href=\"https:\/\/www.liberation.fr\/culture\/arts\/casse-spectaculaire-au-louvre-quels-bijoux-ont-ete-derobes-20251019_ZYH6SAE5X5FZLKUEHV2QLV2S3A\/\" target=\"_blank\" rel=\"noopener\" title=\"https:\/\/www.liberation.fr\/culture\/arts\/casse-spectaculaire-au-louvre-quels-bijoux-ont-ete-derobes-20251019_ZYH6SAE5X5FZLKUEHV2QLV2S3A\/\">le vol des huit joyaux de la Couronne<\/a>, Laurence des Cars avait d\u00e9j\u00e0 reconnu un \u00ab\u00e9chec\u00bb devant les s\u00e9nateurs mais d\u00e9fendu son action, en assurant notamment avoir \u00abacc\u00e9l\u00e9r\u00e9 l\u2019\u00e9laboration\u00bb du sch\u00e9ma directeur de s\u00fbret\u00e9.<\/p>\n<p class=\"sc-cPiKLX AiZTS text-element\">Depuis, des r\u00e9v\u00e9lations embarrassantes ont toutefois affaibli la dirigeante, arriv\u00e9e \u00e0 la t\u00eate du mus\u00e9e fin 2021. Elle a notamment d\u00fb reconna\u00eetre n\u2019avoir eu connaissance d\u2019un audit s\u00e9curitaire alarmant de 2019 qu\u2019apr\u00e8s le casse. Parall\u00e8lement, la Cour des comptes a \u00e9pingl\u00e9 les retards persistants de la mise en \u0153uvre du sch\u00e9ma directeur de s\u00fbret\u00e9. Au S\u00e9nat, un responsable de l\u2019enqu\u00eate administrative lanc\u00e9e apr\u00e8s le cambriolage a confi\u00e9 avoir \u00e9t\u00e9 \u00abtr\u00e8s fortement surpris\u00bb de constater qu\u2019un mus\u00e9e comme le Louvre \u00abpuisse \u00eatre aussi fragile\u00bb.<\/p>\n<p class=\"sc-cPiKLX AiZTS text-element\">Sous pression, le Louvre a <a href=\"https:\/\/www.liberation.fr\/societe\/police-justice\/braquage-au-louvre-le-musee-presente-des-mesures-durgence-sur-la-securite-20251107_P7EPB3ISAFCGVBJUGI6O6DBIME\/\" target=\"_blank\" rel=\"noopener\" title=\"https:\/\/www.liberation.fr\/societe\/police-justice\/braquage-au-louvre-le-musee-presente-des-mesures-durgence-sur-la-securite-20251107_P7EPB3ISAFCGVBJUGI6O6DBIME\/\">annonc\u00e9 d\u00e9but novembre des mesures d\u2019urgence<\/a>, dont l\u2019installation de dispositifs \u00abanti-intrusion\u00bb. Mais, signe de d\u00e9saveu, la ministre de la Culture a confi\u00e9 \u00e0 Philippe Jost, en charge du chantier de Notre-Dame, une mission de deux mois pour r\u00e9organiser le mus\u00e9e au c\u00f4t\u00e9 de la pr\u00e9sidente. \u00abQu\u2019est-ce qu\u2019il qui va faire ? De l\u2019ombre \u00e0 Madame des Cars ?\u00bb, s\u2019interrogeait, sceptique, Yvan Navarro, co-secr\u00e9taire g\u00e9n\u00e9ral de la CGT Culture, et mobilis\u00e9 lors de la gr\u00e8ve du 15 d\u00e9cembre. <\/p>\n<p class=\"sc-cPiKLX AiZTS text-element\">Mardi 16 d\u00e9cembre, lors d\u2019une audition au S\u00e9nat, l\u2019ancien pr\u00e9sident du Louvre, Jean-Luc Martinez, destinataire de deux audits s\u00e9curitaires alarmants pendant son double mandat (2013-2021), a d\u00e9fendu son action dans ce domaine, lui qui a jusqu\u2019\u00e0 pr\u00e9sent \u00e9t\u00e9 \u00e9pargn\u00e9 par la pol\u00e9mique. <\/p>\n<p class=\"sc-cPiKLX AiZTS text-element\">\u00abContrairement \u00e0 ce que j\u2019ai lu, la culture de la pr\u00e9vention contre le vol n\u2019avait pas disparu\u00bb, a assur\u00e9 l\u2019ex-pr\u00e9sident. Selon lui, une cartographie des risques avait \u00e9t\u00e9 \u00e9tablie d\u00e8s 2014, suivi par le lancement d\u2019un \u00absch\u00e9ma directeur de s\u00fbret\u00e9\u00bb. L\u2019ancien dirigeant a \u00e9galement contest\u00e9 toute d\u00e9perdition d\u2019information lors du passage de relais fin 2021 \u00e0 sa successeure, qui assure pourtant n\u2019avoir eu connaissance de l\u2019existence d\u2019audits cruciaux qu\u2019apr\u00e8s le cambriolage. <\/p>\n","protected":false},"excerpt":{"rendered":"Il affichait porte close lundi, et il devait en \u00eatre de m\u00eame ce mercredi 17 d\u00e9cembre. Les salari\u00e9s&hellip;\n","protected":false},"author":2,"featured_media":605077,"comment_status":"","ping_status":"","sticky":false,"template":"","format":"standard","meta":{"footnotes":""},"categories":[1358],"tags":[1348,1384,1385,1386,58,59,1011,27,18677,3094,9413],"class_list":{"0":"post-605076","1":"post","2":"type-post","3":"status-publish","4":"format-standard","5":"has-post-thumbnail","7":"category-arts-et-design","8":"tag-arts","9":"tag-arts-and-design","10":"tag-arts-et-design","11":"tag-design","12":"tag-divertissement","13":"tag-entertainment","14":"tag-fr","15":"tag-france","16":"tag-greves","17":"tag-musee-du-louvre","18":"tag-syndicalisme"},"share_on_mastodon":{"url":"https:\/\/pubeurope.com\/@fr\/115734644222406321","error":""},"_links":{"self":[{"href":"https:\/\/www.europesays.com\/fr\/wp-json\/wp\/v2\/posts\/605076","targetHints":{"allow":["GET"]}}],"collection":[{"href":"https:\/\/www.europesays.com\/fr\/wp-json\/wp\/v2\/posts"}],"about":[{"href":"https:\/\/www.europesays.com\/fr\/wp-json\/wp\/v2\/types\/post"}],"author":[{"embeddable":true,"href":"https:\/\/www.europesays.com\/fr\/wp-json\/wp\/v2\/users\/2"}],"replies":[{"embeddable":true,"href":"https:\/\/www.europesays.com\/fr\/wp-json\/wp\/v2\/comments?post=605076"}],"version-history":[{"count":0,"href":"https:\/\/www.europesays.com\/fr\/wp-json\/wp\/v2\/posts\/605076\/revisions"}],"wp:featuredmedia":[{"embeddable":true,"href":"https:\/\/www.europesays.com\/fr\/wp-json\/wp\/v2\/media\/605077"}],"wp:attachment":[{"href":"https:\/\/www.europesays.com\/fr\/wp-json\/wp\/v2\/media?parent=605076"}],"wp:term":[{"taxonomy":"category","embeddable":true,"href":"https:\/\/www.europesays.com\/fr\/wp-json\/wp\/v2\/categories?post=605076"},{"taxonomy":"post_tag","embeddable":true,"href":"https:\/\/www.europesays.com\/fr\/wp-json\/wp\/v2\/tags?post=605076"}],"curies":[{"name":"wp","href":"https:\/\/api.w.org\/{rel}","templated":true}]}}