{"id":605080,"date":"2025-12-17T11:23:12","date_gmt":"2025-12-17T11:23:12","guid":{"rendered":"https:\/\/www.europesays.com\/fr\/605080\/"},"modified":"2025-12-17T11:23:12","modified_gmt":"2025-12-17T11:23:12","slug":"julien-clerc-sur-le-depart-tant-que","status":"publish","type":"post","link":"https:\/\/www.europesays.com\/fr\/605080\/","title":{"rendered":"Julien Clerc, sur le d\u00e9part\u00a0? \u00ab\u00a0tant que&#8230;.\u00a0\u00bb"},"content":{"rendered":"<p><strong>Passion intacte<\/strong>. \u00c2g\u00e9 de 78\u00a0ans, <a href=\"https:\/\/www.journaldesfemmes.fr\/people\/personnalites\/2953129-julien-clerc-age-vie-privee-frere-infos\/\" title=\"Julien Clerc\" target=\"_blank\" rel=\"noopener\">Julien Clerc<\/a> repart en tourn\u00e9e en 2026\u00a0et en 2027\u00a0apr\u00e8s la sortie de son album Une vie et n&rsquo;a pas du tout l&rsquo;intention de s&rsquo;arr\u00eater de sit\u00f4t. \u00ab\u00a0Je trouve \u00e7a toujours agr\u00e9able d&rsquo;\u00eatre encore capable d&rsquo;\u00e9crire des nouveaut\u00e9s dans un style que je crois intemporel. (&#8230;) Tant que je me sens capable d&rsquo;\u00e9crire des chansons qui passent \u00e0 la radio, j&rsquo;aurais tort de m&rsquo;arr\u00eater. Il n&rsquo;y a pas de p\u00e9nibilit\u00e9 dans mon travail, tant que j&rsquo;ai la petite flamme bleue&#8230; J&rsquo;\u00e9tais fait pour \u00eatre professionnel mais j&rsquo;ai gard\u00e9 intact le plaisir. C&rsquo;est une chance inou\u00efe\u00a0\u00bb, a expliqu\u00e9 le chanteur de 78 ans \u00e0\u00a0Ouest-France.<\/p>\n","protected":false},"excerpt":{"rendered":"Passion intacte. \u00c2g\u00e9 de 78\u00a0ans, Julien Clerc repart en tourn\u00e9e en 2026\u00a0et en 2027\u00a0apr\u00e8s la sortie de son&hellip;\n","protected":false},"author":2,"featured_media":605081,"comment_status":"","ping_status":"","sticky":false,"template":"","format":"standard","meta":{"footnotes":""},"categories":[1355],"tags":[71683,51761,58,59,52292,1011,27,1735,51766,1031,1361,873],"class_list":{"0":"post-605080","1":"post","2":"type-post","3":"status-publish","4":"format-standard","5":"has-post-thumbnail","7":"category-musique","8":"tag-cms-journaldesfemmes-3250820","9":"tag-controller-content","10":"tag-divertissement","11":"tag-entertainment","12":"tag-format-reportage","13":"tag-fr","14":"tag-france","15":"tag-julien-clerc","16":"tag-les-histoires-du-jdf","17":"tag-magazine","18":"tag-music","19":"tag-musique"},"share_on_mastodon":{"url":"https:\/\/pubeurope.com\/@fr\/115734656262639644","error":""},"_links":{"self":[{"href":"https:\/\/www.europesays.com\/fr\/wp-json\/wp\/v2\/posts\/605080","targetHints":{"allow":["GET"]}}],"collection":[{"href":"https:\/\/www.europesays.com\/fr\/wp-json\/wp\/v2\/posts"}],"about":[{"href":"https:\/\/www.europesays.com\/fr\/wp-json\/wp\/v2\/types\/post"}],"author":[{"embeddable":true,"href":"https:\/\/www.europesays.com\/fr\/wp-json\/wp\/v2\/users\/2"}],"replies":[{"embeddable":true,"href":"https:\/\/www.europesays.com\/fr\/wp-json\/wp\/v2\/comments?post=605080"}],"version-history":[{"count":0,"href":"https:\/\/www.europesays.com\/fr\/wp-json\/wp\/v2\/posts\/605080\/revisions"}],"wp:featuredmedia":[{"embeddable":true,"href":"https:\/\/www.europesays.com\/fr\/wp-json\/wp\/v2\/media\/605081"}],"wp:attachment":[{"href":"https:\/\/www.europesays.com\/fr\/wp-json\/wp\/v2\/media?parent=605080"}],"wp:term":[{"taxonomy":"category","embeddable":true,"href":"https:\/\/www.europesays.com\/fr\/wp-json\/wp\/v2\/categories?post=605080"},{"taxonomy":"post_tag","embeddable":true,"href":"https:\/\/www.europesays.com\/fr\/wp-json\/wp\/v2\/tags?post=605080"}],"curies":[{"name":"wp","href":"https:\/\/api.w.org\/{rel}","templated":true}]}}