{"id":605088,"date":"2025-12-17T11:27:14","date_gmt":"2025-12-17T11:27:14","guid":{"rendered":"https:\/\/www.europesays.com\/fr\/605088\/"},"modified":"2025-12-17T11:27:14","modified_gmt":"2025-12-17T11:27:14","slug":"warner-bros-devrait-rejeter-loffre-de-paramount-privilegier-celle-de-netflix-17-12-2025-a-0930","status":"publish","type":"post","link":"https:\/\/www.europesays.com\/fr\/605088\/","title":{"rendered":"Warner Bros devrait rejeter l&rsquo;offre de Paramount, privil\u00e9gier celle de Netflix &#8211; 17\/12\/2025 \u00e0 09:30"},"content":{"rendered":"<p>        <img decoding=\"async\" src=\"https:\/\/www.europesays.com\/fr\/wp-content\/uploads\/2025\/12\/6270ca3695df1794026e520822fc9ec7-760x507.jpg\" alt=\"L'illustration montre les logos de Paramount, Netflix et Warner Bros\" loading=\"eager\" fetchpriority=\"high\" width=\"760\" height=\"507\" style=\"max-width: 100%!important; height: auto;\"\/><\/p>\n<p class=\"c-image-news__legend\">L&rsquo;illustration montre les logos de Paramount, Netflix et Warner Bros<\/p>\n<p>\n Le conseil d&rsquo;administration de Warner Bros Discovery pourrait annoncer d\u00e8s mercredi sa d\u00e9cision sur l&rsquo;offre de rachat hostile de 108,4 milliards de dollars \u00e9mise par Paramount Skydance et devrait vraisemblablement conseiller aux actionnaires de voter contre, ont d\u00e9clar\u00e9 des sources inform\u00e9es.\n<\/p>\n<p>\n Il s&rsquo;agit d&rsquo;un nouvel \u00e9pisode dans le feuilleton du rachat de l&rsquo;un des principaux studios historiques de Hollywood et de sa division &lsquo;streaming&rsquo;, qui inclut notamment le catalogue de HBO, pour lesquels Netflix a propos\u00e9 plus t\u00f4t ce mois-ci 72 milliards de dollars.\n<\/p>\n<p>\n Un porte-parole de Warner Bros Discovery a d\u00e9clin\u00e9 une demande de commentaire.\n<\/p>\n<p>\n D&rsquo;apr\u00e8s Bloomberg, la firme d&rsquo;investissement Affinity Partners, dirig\u00e9e par Jared Kushner, le gendre du pr\u00e9sident am\u00e9ricain Donald Trump, s&rsquo;est retir\u00e9e de la bataille pour le rachat de Warner Bros, alors qu&rsquo;elle \u00e9tait l&rsquo;un des partenaires financiers de Paramount.\n<\/p>\n<p>\n Aucun commentaire n&rsquo;a \u00e9t\u00e9 obtenu dans l&rsquo;imm\u00e9diat par Reuters aupr\u00e8s de Paramount et d&rsquo;Affinity Partners.\n<\/p>\n<p>\n (Milana Vinn \u00e0 New York et Dawn Chmielewski \u00e0 Los Angeles; version fran\u00e7aise Jean Terzian)<\/p>\n","protected":false},"excerpt":{"rendered":"L&rsquo;illustration montre les logos de Paramount, Netflix et Warner Bros Le conseil d&rsquo;administration de Warner Bros Discovery pourrait&hellip;\n","protected":false},"author":2,"featured_media":605089,"comment_status":"","ping_status":"","sticky":false,"template":"","format":"standard","meta":{"footnotes":""},"categories":[8],"tags":[400,398,408,405,58,59,1011,27,403,402,399,404,401,406,407],"class_list":{"0":"post-605088","1":"post","2":"type-post","3":"status-publish","4":"format-standard","5":"has-post-thumbnail","7":"category-divertissement","8":"tag-action-cac-40","9":"tag-bourse-de-paris","10":"tag-boursorama","11":"tag-cotations","12":"tag-divertissement","13":"tag-entertainment","14":"tag-fr","15":"tag-france","16":"tag-indices-devises","17":"tag-investir","18":"tag-investissement","19":"tag-marche-boursier","20":"tag-sicav","21":"tag-trackers","22":"tag-warrants"},"share_on_mastodon":{"url":"https:\/\/pubeurope.com\/@fr\/115734671977094391","error":""},"_links":{"self":[{"href":"https:\/\/www.europesays.com\/fr\/wp-json\/wp\/v2\/posts\/605088","targetHints":{"allow":["GET"]}}],"collection":[{"href":"https:\/\/www.europesays.com\/fr\/wp-json\/wp\/v2\/posts"}],"about":[{"href":"https:\/\/www.europesays.com\/fr\/wp-json\/wp\/v2\/types\/post"}],"author":[{"embeddable":true,"href":"https:\/\/www.europesays.com\/fr\/wp-json\/wp\/v2\/users\/2"}],"replies":[{"embeddable":true,"href":"https:\/\/www.europesays.com\/fr\/wp-json\/wp\/v2\/comments?post=605088"}],"version-history":[{"count":0,"href":"https:\/\/www.europesays.com\/fr\/wp-json\/wp\/v2\/posts\/605088\/revisions"}],"wp:featuredmedia":[{"embeddable":true,"href":"https:\/\/www.europesays.com\/fr\/wp-json\/wp\/v2\/media\/605089"}],"wp:attachment":[{"href":"https:\/\/www.europesays.com\/fr\/wp-json\/wp\/v2\/media?parent=605088"}],"wp:term":[{"taxonomy":"category","embeddable":true,"href":"https:\/\/www.europesays.com\/fr\/wp-json\/wp\/v2\/categories?post=605088"},{"taxonomy":"post_tag","embeddable":true,"href":"https:\/\/www.europesays.com\/fr\/wp-json\/wp\/v2\/tags?post=605088"}],"curies":[{"name":"wp","href":"https:\/\/api.w.org\/{rel}","templated":true}]}}