{"id":605094,"date":"2025-12-17T11:30:26","date_gmt":"2025-12-17T11:30:26","guid":{"rendered":"https:\/\/www.europesays.com\/fr\/605094\/"},"modified":"2025-12-17T11:30:26","modified_gmt":"2025-12-17T11:30:26","slug":"les-pays-de-lest-de-lunion-europeenne-appellent-bruxelles-a-renforcer-leur-defense","status":"publish","type":"post","link":"https:\/\/www.europesays.com\/fr\/605094\/","title":{"rendered":"Les pays de l\u2019est de l\u2019Union europ\u00e9enne appellent Bruxelles \u00e0 renforcer leur d\u00e9fense"},"content":{"rendered":"<p>                     <img loading=\"lazy\" decoding=\"async\" src=\"https:\/\/www.europesays.com\/fr\/wp-content\/uploads\/2025\/12\/4e0b2c2_upload-1-t0n0m6i4r6nx-277769.jpg\" alt=\"Les huit chefs d\u2019Etat et de gouvernement europ\u00e9ens de la partie orientale de l\u2019UE, r\u00e9unis \u00e0 Helsinki, le 16\u00a0d\u00e9cembre 2025.\"   width=\"664\" height=\"443\"\/>    Les huit chefs d\u2019Etat et de gouvernement europ\u00e9ens de la partie orientale de l\u2019UE, r\u00e9unis \u00e0 Helsinki, le 16\u00a0d\u00e9cembre 2025.  HEIKKI SAUKKOMAA \/ AFP                 <\/p>\n<p class=\"article__paragraph  \">Membres de l\u2019Union europ\u00e9enne (UE) et de l\u2019Alliance atlantique, leurs pays ont en commun de partager une fronti\u00e8re maritime ou terrestre avec la Russie et la Bi\u00e9lorussie. Ils sont aussi r\u00e9guli\u00e8rement la cible d\u2019attaques hybrides men\u00e9es par leurs deux\u00a0voisins et n\u2019ont eu de cesse, depuis f\u00e9vrier\u00a02022\u00a0et le d\u00e9but de l\u2019invasion \u00e0 grande \u00e9chelle de l\u2019Ukraine, d\u2019augmenter le budget de leurs arm\u00e9es, port\u00e9 \u00e0 3,3\u00a0% de leur produit int\u00e9rieur brut en moyenne.<\/p>\n<p class=\"article__paragraph  \">Cela ne suffit pas\u00a0: r\u00e9unis \u00e0 Helsinki, mardi 16\u00a0d\u00e9cembre, les dirigeants du flanc oriental de l\u2019Europe (Finlande, Su\u00e8de, Estonie, Lettonie, Lituanie, Pologne, Roumanie et Bulgarie) r\u00e9clament d\u00e9sormais que l\u2019UE mette la main \u00e0 la poche. Leur message est \u00ab\u00a0clair et sans \u00e9quivoque\u00a0\u00bb\u00a0: la d\u00e9fense de la fronti\u00e8re orientale doit \u00eatre consid\u00e9r\u00e9e comme une \u00ab\u00a0responsabilit\u00e9 commune\u00a0\u00bb, \u00e9crivent les huit\u00a0chefs d\u2019Etat et de gouvernement dans une d\u00e9claration.<\/p>\n<p class=\"article__paragraph  \">\u00ab\u00a0Si l\u2019Ukraine est la premi\u00e8re ligne de front de l\u2019Europe avec la Russie, le flanc oriental constitue la seconde ligne de d\u00e9fense. Il faut donc que nous \u00e9rigions un mur de dissuasion, afin d\u2019emp\u00eacher la Russie de tester notre niveau de pr\u00e9paration\u00a0\u00bb, a affirm\u00e9 le pr\u00e9sident lituanien, Gitanas\u00a0Nauseda, en arrivant dans la capitale finlandaise, pour ce sommet organis\u00e9 \u00e0 deux\u00a0jours du Conseil europ\u00e9en \u00e0 Bruxelles.<\/p>\n<p class=\"reading-mode-only \"><strong>Il vous reste 76.38% de cet article \u00e0 lire. La suite est r\u00e9serv\u00e9e aux abonn\u00e9s.<\/strong><\/p>\n","protected":false},"excerpt":{"rendered":"Les huit chefs d\u2019Etat et de gouvernement europ\u00e9ens de la partie orientale de l\u2019UE, r\u00e9unis \u00e0 Helsinki, le&hellip;\n","protected":false},"author":2,"featured_media":605095,"comment_status":"","ping_status":"","sticky":false,"template":"","format":"standard","meta":{"footnotes":""},"categories":[5],"tags":[11,1011,27,14,12,28],"class_list":{"0":"post-605094","1":"post","2":"type-post","3":"status-publish","4":"format-standard","5":"has-post-thumbnail","7":"category-international","8":"tag-actualites","9":"tag-fr","10":"tag-france","11":"tag-international","12":"tag-news","13":"tag-world"},"share_on_mastodon":{"url":"https:\/\/pubeurope.com\/@fr\/115734683650518161","error":""},"_links":{"self":[{"href":"https:\/\/www.europesays.com\/fr\/wp-json\/wp\/v2\/posts\/605094","targetHints":{"allow":["GET"]}}],"collection":[{"href":"https:\/\/www.europesays.com\/fr\/wp-json\/wp\/v2\/posts"}],"about":[{"href":"https:\/\/www.europesays.com\/fr\/wp-json\/wp\/v2\/types\/post"}],"author":[{"embeddable":true,"href":"https:\/\/www.europesays.com\/fr\/wp-json\/wp\/v2\/users\/2"}],"replies":[{"embeddable":true,"href":"https:\/\/www.europesays.com\/fr\/wp-json\/wp\/v2\/comments?post=605094"}],"version-history":[{"count":0,"href":"https:\/\/www.europesays.com\/fr\/wp-json\/wp\/v2\/posts\/605094\/revisions"}],"wp:featuredmedia":[{"embeddable":true,"href":"https:\/\/www.europesays.com\/fr\/wp-json\/wp\/v2\/media\/605095"}],"wp:attachment":[{"href":"https:\/\/www.europesays.com\/fr\/wp-json\/wp\/v2\/media?parent=605094"}],"wp:term":[{"taxonomy":"category","embeddable":true,"href":"https:\/\/www.europesays.com\/fr\/wp-json\/wp\/v2\/categories?post=605094"},{"taxonomy":"post_tag","embeddable":true,"href":"https:\/\/www.europesays.com\/fr\/wp-json\/wp\/v2\/tags?post=605094"}],"curies":[{"name":"wp","href":"https:\/\/api.w.org\/{rel}","templated":true}]}}