{"id":605102,"date":"2025-12-17T11:35:19","date_gmt":"2025-12-17T11:35:19","guid":{"rendered":"https:\/\/www.europesays.com\/fr\/605102\/"},"modified":"2025-12-17T11:35:19","modified_gmt":"2025-12-17T11:35:19","slug":"icionagit-un-noel-vert-a-nancy-pour-quil-soit-aussi-un-cadeau-pour-la-planete-2","status":"publish","type":"post","link":"https:\/\/www.europesays.com\/fr\/605102\/","title":{"rendered":"#IciOnAgit. Un No\u00ebl vert \u00e0 Nancy pour qu\u2019il soit aussi un cadeau pour la plan\u00e8te\u00a0!"},"content":{"rendered":"<p>Acm\u00e9, \u00e0 l\u2019instar de quelques autres rendez-vous dans l\u2019ann\u00e9e, de l\u2019hyperconsommation, No\u00ebl peut aussi \u00eatre une occasion de penser la f\u00eate autrement, en se pr\u00e9occupant de son environnement, notamment. C\u2019est tout le projet d\u00e9fendu depuis cinq ans par le Grand Nancy qui organise chaque ann\u00e9e un\u00a0No\u00ebl Vert, entendez, \u00e9thique et surtout, \u00e9coresponsable\u2026 Et \u00e0 en juger par le succ\u00e8s remport\u00e9 par la derni\u00e8re \u00e9dition, qui s\u2019\u00e9tait install\u00e9e \u00e0 la salle de f\u00eates de Gentilly sur les hauteurs de l\u2019agglom\u00e9ration, ils sont nombreux, les citoyens responsables engag\u00e9s en faveur des artisans et producteurs locaux. Faire acte d\u2019achat \u00e9thique et \u00e9co-vertueux, c\u2019est possible\u00a0!<\/p>\n<p>Pour l\u2019occasion, <a href=\"https:\/\/www.estrepublicain.fr\/economie\/2025\/11\/29\/le-marche-de-noel-vert-s-est-installe-pour-le-week-end-a-gentilly\" target=\"_blank\" rel=\"noopener\">plus de 60 artisans<\/a> ont propos\u00e9 \u00e0 la vente des cr\u00e9ations locales, des produits de seconde main ou des objets cr\u00e9\u00e9s dans l\u2019esprit du \u00ab\u00a0z\u00e9ro d\u00e9chet\u00a0\u00bb\u00a0: bougies\/savons naturels, c\u00e9ramiques, v\u00eatements et jouets de seconde main, objets recycl\u00e9s, photo booth, bijoux, confitures, bi\u00e8res artisanales,\u00a0etc. J\u2019en passe et des meilleurs\u00a0!<\/p>\n<p>  \u00c9changer id\u00e9es et bonnes pratiques<\/p>\n<p>Une occasion aussi pour l\u2019Agence locale de l\u2019\u00e9nergie et du climat de dispenser des conseils et de r\u00e9pondre aux questions en mati\u00e8re de consommation d\u2019\u00e9nergie et d\u2019habitat responsable, et pour le Grand Nancy de mettre en avant les initiatives port\u00e9es par la collectivit\u00e9, par exemple, l\u2019acquisition de lombricomposteurs.<\/p>\n<p>Un rendez-vous bas\u00e9 \u00e9galement sur l\u2019\u00e9change d\u2019id\u00e9es et de bonnes pratiques, la voie \u00e9tant ouverte par les recycleries pr\u00e9sentes, dont <a href=\"https:\/\/www.estrepublicain.fr\/environnement\/2025\/11\/07\/le-reemploi-et-le-recyclage\" target=\"_blank\" rel=\"noopener\">La Benne Id\u00e9e<\/a> , Rebond-Ulis Entre en jeu et la Croix-Rouge Adlis, aux c\u00f4t\u00e9s d\u2019ateliers cr\u00e9atifs et d\u2019un atelier cuisine\u00a0z\u00e9ro d\u00e9chet\u2026 Le tout, sans oublier le sens de la f\u00eate, puisque c\u2019est No\u00ebl qui fournit le pr\u00e9texte\u00a0!<\/p>\n<p>Ainsi, au milieu des stands, se taillant un franc succ\u00e8s parmi les visiteurs, les gnomes lumineux de M\u00e9lodie, artisane \u00e0 Xonrupt, fondatrice de F\u00e9e Moi R\u00eaver. Des objets ludiques enti\u00e8rement fabriqu\u00e9s \u00e0 partir de mat\u00e9riaux r\u00e9cup\u00e9r\u00e9s\u00a0: \u00ab\u00a0J\u2019utilise des petites bouteilles en plastique, par exemple avec Orangina, pour sculpter le corps du personnage dont le chapeau sera en papier et en carton\u00a0\u00bb, explique la jeune femme, dont la d\u00e9marche r\u00e9sume \u00e0 elle seule la philosophie de ce march\u00e9 de No\u00ebl Vert nanc\u00e9ien\u00a0: transformer des mati\u00e8res recycl\u00e9es et d\u00e9tourn\u00e9es en pi\u00e8ces uniques, personnalisables selon les demandes pour faire briller les yeux sans trop esquinter la plan\u00e8te.<\/p>\n","protected":false},"excerpt":{"rendered":"Acm\u00e9, \u00e0 l\u2019instar de quelques autres rendez-vous dans l\u2019ann\u00e9e, de l\u2019hyperconsommation, No\u00ebl peut aussi \u00eatre une occasion de&hellip;\n","protected":false},"author":2,"featured_media":604522,"comment_status":"","ping_status":"","sticky":false,"template":"","format":"standard","meta":{"footnotes":""},"categories":[9635],"tags":[1111,11,5738,11679,1687,436,1777,674,1011,27,775,9588,1702,12,3456,25,3365],"class_list":{"0":"post-605102","1":"post","2":"type-post","3":"status-publish","4":"format-standard","5":"has-post-thumbnail","7":"category-nancy","8":"tag-actu","9":"tag-actualites","10":"tag-bourses","11":"tag-brocantes","12":"tag-culture-loisirs","13":"tag-environnement","14":"tag-eu","15":"tag-europe","16":"tag-fr","17":"tag-france","18":"tag-grand-est","19":"tag-ici-on-agit","20":"tag-nancy","21":"tag-news","22":"tag-region-lorraine","23":"tag-republique-francaise","24":"tag-vide-greniers"},"share_on_mastodon":{"url":"https:\/\/pubeurope.com\/@fr\/115734703243112761","error":""},"_links":{"self":[{"href":"https:\/\/www.europesays.com\/fr\/wp-json\/wp\/v2\/posts\/605102","targetHints":{"allow":["GET"]}}],"collection":[{"href":"https:\/\/www.europesays.com\/fr\/wp-json\/wp\/v2\/posts"}],"about":[{"href":"https:\/\/www.europesays.com\/fr\/wp-json\/wp\/v2\/types\/post"}],"author":[{"embeddable":true,"href":"https:\/\/www.europesays.com\/fr\/wp-json\/wp\/v2\/users\/2"}],"replies":[{"embeddable":true,"href":"https:\/\/www.europesays.com\/fr\/wp-json\/wp\/v2\/comments?post=605102"}],"version-history":[{"count":0,"href":"https:\/\/www.europesays.com\/fr\/wp-json\/wp\/v2\/posts\/605102\/revisions"}],"wp:featuredmedia":[{"embeddable":true,"href":"https:\/\/www.europesays.com\/fr\/wp-json\/wp\/v2\/media\/604522"}],"wp:attachment":[{"href":"https:\/\/www.europesays.com\/fr\/wp-json\/wp\/v2\/media?parent=605102"}],"wp:term":[{"taxonomy":"category","embeddable":true,"href":"https:\/\/www.europesays.com\/fr\/wp-json\/wp\/v2\/categories?post=605102"},{"taxonomy":"post_tag","embeddable":true,"href":"https:\/\/www.europesays.com\/fr\/wp-json\/wp\/v2\/tags?post=605102"}],"curies":[{"name":"wp","href":"https:\/\/api.w.org\/{rel}","templated":true}]}}