{"id":605109,"date":"2025-12-17T11:40:12","date_gmt":"2025-12-17T11:40:12","guid":{"rendered":"https:\/\/www.europesays.com\/fr\/605109\/"},"modified":"2025-12-17T11:40:12","modified_gmt":"2025-12-17T11:40:12","slug":"challenge-cup-top-14-jordan-uelese-montpellier-suspendu-quatre-semaines-par-la-commission","status":"publish","type":"post","link":"https:\/\/www.europesays.com\/fr\/605109\/","title":{"rendered":"Challenge Cup\/Top 14 &#8211; Jordan Uelese (Montpellier) suspendu quatre semaines par la commission"},"content":{"rendered":"<p>\n                La commission de discipline de l&rsquo;EPCR a communiqu\u00e9 ses d\u00e9cisions ce mercredi apr\u00e8s-midi et l&rsquo;une d&rsquo;elles concerne Jordan Uelese, le talonneur ou flanker de Montpellier.\n            <\/p>\n<p>Cit\u00e9 pour avoir \u00ab\u00a0frapp\u00e9 avec sa main le rempla\u00e7ant de Zebre Parma, Shilo Kleyn\u00a0\u00bb, lors du match de Montpellier comptant pour la 2e journ\u00e9e de Challenge Cup ce vendredi, Jordan Uelese a \u00e9t\u00e9 suspendu quatre semaines. Le degr\u00e9 moyen de gravit\u00e9 a \u00e9t\u00e9 retenu, soit six matchs. Si l&rsquo;Australien (28 ans, 19 s\u00e9lections) \u00ab\u00a0n&rsquo;a pas reconnu avoir commis un acte de jeu d\u00e9loyal qui m\u00e9ritait un carton rouge\u00a0\u00bb,\u00a0compte-tenu de son casier vierge, la sanction a \u00e9t\u00e9 r\u00e9duite de deux semaines. Il sera ainsi requalifi\u00e9 le lundi 12 janvier. Ce qui lui fera manquer les matchs contre Castres, Bayonne et \u00e0 Pau (Top 14), puis la r\u00e9ception du Connacht (Challenge Cup).<\/p>\n<p>Dans la communication de l&rsquo;EPCR ce mercredi, sur les d\u00e9cisions de la commission de discipline, on trouve aussi le cas de Theo Dan. Le talonneur des Saracens, suspect\u00e9 d&rsquo;avoir plaqu\u00e9 Mapimpi (des Sharks)\u00a0\u00ab\u00a0de fa\u00e7on dangereuse\u00a0\u00bb et sanctionn\u00e9 d&rsquo;un carton jaune, a vu sa citation rejet\u00e9e, car la commission \u00ab\u00a0a estim\u00e9 que l&rsquo;infraction ne m\u00e9ritait pas un carton rouge\u00a0\u00bb.<\/p>\n","protected":false},"excerpt":{"rendered":"La commission de discipline de l&rsquo;EPCR a communiqu\u00e9 ses d\u00e9cisions ce mercredi apr\u00e8s-midi et l&rsquo;une d&rsquo;elles concerne Jordan&hellip;\n","protected":false},"author":2,"featured_media":605110,"comment_status":"","ping_status":"","sticky":false,"template":"","format":"standard","meta":{"footnotes":""},"categories":[9599],"tags":[1111,11,69590,1777,674,1011,27,71687,2208,12,2680,25,68796],"class_list":{"0":"post-605109","1":"post","2":"type-post","3":"status-publish","4":"format-standard","5":"has-post-thumbnail","7":"category-montpellier","8":"tag-actu","9":"tag-actualites","10":"tag-epcr-challenge-cup","11":"tag-eu","12":"tag-europe","13":"tag-fr","14":"tag-france","15":"tag-jordan-uelese","16":"tag-montpellier","17":"tag-news","18":"tag-occitanie","19":"tag-republique-francaise","20":"tag-rugby-u00e0-xv"},"share_on_mastodon":{"url":"https:\/\/pubeurope.com\/@fr\/115734722879426905","error":""},"_links":{"self":[{"href":"https:\/\/www.europesays.com\/fr\/wp-json\/wp\/v2\/posts\/605109","targetHints":{"allow":["GET"]}}],"collection":[{"href":"https:\/\/www.europesays.com\/fr\/wp-json\/wp\/v2\/posts"}],"about":[{"href":"https:\/\/www.europesays.com\/fr\/wp-json\/wp\/v2\/types\/post"}],"author":[{"embeddable":true,"href":"https:\/\/www.europesays.com\/fr\/wp-json\/wp\/v2\/users\/2"}],"replies":[{"embeddable":true,"href":"https:\/\/www.europesays.com\/fr\/wp-json\/wp\/v2\/comments?post=605109"}],"version-history":[{"count":0,"href":"https:\/\/www.europesays.com\/fr\/wp-json\/wp\/v2\/posts\/605109\/revisions"}],"wp:featuredmedia":[{"embeddable":true,"href":"https:\/\/www.europesays.com\/fr\/wp-json\/wp\/v2\/media\/605110"}],"wp:attachment":[{"href":"https:\/\/www.europesays.com\/fr\/wp-json\/wp\/v2\/media?parent=605109"}],"wp:term":[{"taxonomy":"category","embeddable":true,"href":"https:\/\/www.europesays.com\/fr\/wp-json\/wp\/v2\/categories?post=605109"},{"taxonomy":"post_tag","embeddable":true,"href":"https:\/\/www.europesays.com\/fr\/wp-json\/wp\/v2\/tags?post=605109"}],"curies":[{"name":"wp","href":"https:\/\/api.w.org\/{rel}","templated":true}]}}