{"id":605111,"date":"2025-12-17T11:41:15","date_gmt":"2025-12-17T11:41:15","guid":{"rendered":"https:\/\/www.europesays.com\/fr\/605111\/"},"modified":"2025-12-17T11:41:15","modified_gmt":"2025-12-17T11:41:15","slug":"seine-maritime-carburant-a-prix-coutant-ce-week-end-quelles-stations-concernees","status":"publish","type":"post","link":"https:\/\/www.europesays.com\/fr\/605111\/","title":{"rendered":"Seine-Maritime. Carburant \u00e0 prix co\u00fbtant ce week-end : quelles stations concern\u00e9es ?"},"content":{"rendered":"<p melodystyle=\"texte\" data-end=\"498\">A l&rsquo;approche des vacances de No\u00ebl, de nombreux automobilistes de Seine-Maritime s&rsquo;appr\u00eatent \u00e0 prendre la route pour rejoindre leurs proches. Une p\u00e9riode traditionnellement marqu\u00e9e par une hausse des d\u00e9placements et des d\u00e9penses. Bonne nouvelle pour le portefeuille\u00a0: plusieurs grandes enseignes de distribution renouvellent leurs op\u00e9rations de carburant \u00e0 prix co\u00fbtant les vendredi\u00a019 et samedi 20\u00a0d\u00e9cembre.<\/p>\n<p>Dans les 711 stations-service Leclerc<\/p>\n<p melodystyle=\"texte\" data-end=\"1049\">Pour la septi\u00e8me fois cette ann\u00e9e, E.Leclerc propose le carburant \u00e0 prix co\u00fbtant dans 711 stations-service situ\u00e9es dans les magasins de l&rsquo;enseigne, partout en France (hors autoroutes), sur le gazole, les sans-plomb et le Super\u00e9thanol E85.<br data-end=\"838\"\/>\u00ab\u00a0No\u00ebl reste un temps fort \u00e9motionnel, mais il repr\u00e9sente aussi un vrai d\u00e9fi budg\u00e9taire pour de nombreux m\u00e9nages. Dans ces temps difficiles, il n&rsquo;y a pas de petites \u00e9conomies\u00a0\u00bb, a d\u00e9clar\u00e9 Michel-Edouard Leclerc. Concr\u00e8tement, cela signifie que le distributeur renonce \u00e0 sa marge sur le carburant durant ces deux jours, laissant aux automobilistes la possibilit\u00e9 de faire quelques \u00e9conomies au moment de passer \u00e0 la pompe.<\/p>\n<p>Intermarch\u00e9 aussi \u00e0 prix co\u00fbtant avant No\u00ebl<\/p>\n<p melodystyle=\"texte\" data-end=\"1594\">M\u00eame initiative du c\u00f4t\u00e9 d&rsquo;Intermarch\u00e9. Le groupe Les Mousquetaires a confirm\u00e9 le renouvellement de son op\u00e9ration \u00ab\u00a0carburant \u00e0 prix co\u00fbtant\u00a0\u00bb le m\u00eame week-end, les 19 et 20 d\u00e9cembre, dans toutes les stations Intermarch\u00e9. Thierry Cotillard, pr\u00e9sident du groupement, a justifi\u00e9 cette d\u00e9cision par un contexte encore tendu pour le budget des m\u00e9nages. Si les prix sont en baisse, le litre de gazole reste autour de 1,60\u20ac en moyenne, contre 1,69\u20ac il y a trois semaines. Le SP95-E10 suit la m\u00eame tendance, s&rsquo;affichant actuellement autour de 1,67\u20ac le litre.<\/p>\n","protected":false},"excerpt":{"rendered":"A l&rsquo;approche des vacances de No\u00ebl, de nombreux automobilistes de Seine-Maritime s&rsquo;appr\u00eatent \u00e0 prendre la route pour rejoindre&hellip;\n","protected":false},"author":2,"featured_media":605112,"comment_status":"","ping_status":"","sticky":false,"template":"","format":"standard","meta":{"footnotes":""},"categories":[9587],"tags":[1111,11,1777,674,1011,27,12,5161,25,9590],"class_list":{"0":"post-605111","1":"post","2":"type-post","3":"status-publish","4":"format-standard","5":"has-post-thumbnail","7":"category-rouen","8":"tag-actu","9":"tag-actualites","10":"tag-eu","11":"tag-europe","12":"tag-fr","13":"tag-france","14":"tag-news","15":"tag-normandie","16":"tag-republique-francaise","17":"tag-rouen"},"share_on_mastodon":{"url":"https:\/\/pubeurope.com\/@fr\/115734726894181117","error":""},"_links":{"self":[{"href":"https:\/\/www.europesays.com\/fr\/wp-json\/wp\/v2\/posts\/605111","targetHints":{"allow":["GET"]}}],"collection":[{"href":"https:\/\/www.europesays.com\/fr\/wp-json\/wp\/v2\/posts"}],"about":[{"href":"https:\/\/www.europesays.com\/fr\/wp-json\/wp\/v2\/types\/post"}],"author":[{"embeddable":true,"href":"https:\/\/www.europesays.com\/fr\/wp-json\/wp\/v2\/users\/2"}],"replies":[{"embeddable":true,"href":"https:\/\/www.europesays.com\/fr\/wp-json\/wp\/v2\/comments?post=605111"}],"version-history":[{"count":0,"href":"https:\/\/www.europesays.com\/fr\/wp-json\/wp\/v2\/posts\/605111\/revisions"}],"wp:featuredmedia":[{"embeddable":true,"href":"https:\/\/www.europesays.com\/fr\/wp-json\/wp\/v2\/media\/605112"}],"wp:attachment":[{"href":"https:\/\/www.europesays.com\/fr\/wp-json\/wp\/v2\/media?parent=605111"}],"wp:term":[{"taxonomy":"category","embeddable":true,"href":"https:\/\/www.europesays.com\/fr\/wp-json\/wp\/v2\/categories?post=605111"},{"taxonomy":"post_tag","embeddable":true,"href":"https:\/\/www.europesays.com\/fr\/wp-json\/wp\/v2\/tags?post=605111"}],"curies":[{"name":"wp","href":"https:\/\/api.w.org\/{rel}","templated":true}]}}