{"id":605113,"date":"2025-12-17T11:42:23","date_gmt":"2025-12-17T11:42:23","guid":{"rendered":"https:\/\/www.europesays.com\/fr\/605113\/"},"modified":"2025-12-17T11:42:23","modified_gmt":"2025-12-17T11:42:23","slug":"mobilites-la-voiture-un-choix-par-defaut-selon-lagence-durbanisme-de-rouen-et-des-boucles-de-seine-et-eure","status":"publish","type":"post","link":"https:\/\/www.europesays.com\/fr\/605113\/","title":{"rendered":"Mobilit\u00e9s\u00a0: La voiture, un \u00ab\u00a0choix par d\u00e9faut\u00a0\u00bb, selon l&rsquo;Agence d&rsquo;urbanisme de Rouen et des boucles de Seine et Eure"},"content":{"rendered":"<p>Journ\u00e9e sp\u00e9ciale mobilit\u00e9 sur ICI. Selon la consultation \u00ab\u00a0Mobilit\u00e9s\u00a0\u00bb, troisi\u00e8me volet du sondage citoyen \u00ab\u00a0Ma commune, mon maire et moi\u00a0\u00bb, r\u00e9alis\u00e9 par ICI avec Odoxa et d\u00e9voil\u00e9 ce mercredi 17 d\u00e9cembre\u00a0\u00bb, 7 Fran\u00e7ais sur 10 ont pour mode de d\u00e9placement principal la voiture. <\/p>\n<p>76% des Normands utilisent leur voiture pour se d\u00e9placer tous les jours, un peu plus que la moyenne nationale qui est \u00e0 70%. C&rsquo;est l&rsquo;un des chiffres \u00e0 retenir de\u00a0<a class=\"IciLink ici-link IciArticleLink g-ici-body-regular-1 underline brand svelte-1chfe2s\" href=\"https:\/\/www.francebleu.fr\/infos\/transports\/enquete-ici-la-voiture-reste-incontournable-pour-7-francais-sur-10-les-transports-plebiscites-dans-les-grandes-villes-2483035\" target=\"_blank\" rel=\"noopener\">la consultation consacr\u00e9e par votre radio ICI<\/a> avec l\u2019institut de sondage Odoxa, troisi\u00e8me volet de notre sondage citoyen \u00ab\u00a0Ma commune, mon maire et moi\u00a0\u00bb, dans le cadre des \u00e9lections municipales de mars prochain. <strong>67% des Seinomarins et 87% des Eurois disent ne pas pouvoir se passer de leur voiture<\/strong>, ce qui s&rsquo;explique \u00ab\u00a0en partie par la densit\u00e9 des transports en commun\u00a0\u00bb, selon la\u00a0directrice g\u00e9n\u00e9rale de l\u2019Agence d\u2019urbanisme de Rouen et des boucles de la Seine et Eure, qui conseille les collectivit\u00e9s. \u00ab\u00a0Il y a beaucoup de centralit\u00e9s, de centres-bourgs. C&rsquo;est un espace assez rural tout compte fait, donc \u00e7a ne permet pas de pouvoir se d\u00e9placer autrement qu&rsquo;en voiture\u00a0\u00bb.<\/p>\n<p>Autre raison, \u00ab\u00a0raison \u00e9conomique\u00a0\u00bb : \u00ab\u00a0l&rsquo;enqu\u00eate le dit, les personnes aimeraient pouvoir se d\u00e9placer\u00a0autrement qu&rsquo;en voiture, mais parfois, en fait, il n&rsquo;y a pas de possibilit\u00e9, donc ils se d\u00e9placent en fait en voiture. C&rsquo;est \u00e0 d\u00e9faut d&rsquo;autre chose et c&rsquo;est aussi parfois parce qu&rsquo;en fait, ils habitent trop loin, tout simplement. C&rsquo;est aussi parce qu&rsquo;ils ont fait le choix ou ils ont \u00e9t\u00e9 oblig\u00e9s, par exemple, de devoir aller habiter plus loin que dans les centralit\u00e9s, o\u00f9 il n&rsquo;y avait pas d&rsquo;habitat accessible pour eux, dans le milieu financier.\u00a0\u00bb <strong>Les habitudes des Fran\u00e7ais ont \u00e9volu\u00e9<\/strong>, dans les ann\u00e9es 1960, ils parcouraient 3 kilom\u00e8tres pour travailler, c&rsquo;est d\u00e9sormais 19 kilom\u00e8tres cette ann\u00e9e.<\/p>\n<p>Permettre des liaisons douces entre les bourgs<\/p>\n<p>L&rsquo;agence <strong>essaye d&rsquo;accompagner les territoires et les \u00e9lus<\/strong>, \u00e0 d\u00e9velopper par exemple,\u00a0\u00ab\u00a0des liaisons douces entre les bourgs et permettre aux personnes de se d\u00e9placer plut\u00f4t \u00e0 pied ou plut\u00f4t par exemple \u00e0 v\u00e9lo, au lieu de la voiture.\u00a0\u00bb\u00a0En Seine-Maritime, dans l&rsquo;inter Caux Vexin (Quincampoix, Buchy), elle identifie notamment des \u00ab\u00a0territoires ruraux, utilis\u00e9s il y a encore bien 20 ou 30 ans, qui\u00a0ont fini par \u00eatre oubli\u00e9s. On travaille \u00e0 l&rsquo;heure actuelle avec les \u00e9lus pour identifier d&rsquo;un bourg \u00e0 un autre, ou par exemple d&rsquo;une gare \u00e0 une zone d&rsquo;habitat, quels sont les chemins ruraux qui existaient ou qui existent encore, qui pourraient \u00eatre un support pour demain, aussi bien pour des enfants que des adultes, aller \u00e0 pied ou \u00e0 v\u00e9lo \u00e0 l&rsquo;\u00e9cole, mais aussi aller par exemple du bourg jusqu&rsquo;\u00e0 la gare et se permettre de se passer de son v\u00e9hicule.\u00a0\u00bb Les Fran\u00e7ais attendent <strong>un coup de pouce de leur maire<\/strong> pour l\u00e2cher leur voiture. 7 sur 10 l&rsquo;utilisent tous les jours.<\/p>\n<p>\u00c0 lire aussi   <img decoding=\"async\" src=\"https:\/\/www.europesays.com\/fr\/wp-content\/uploads\/2025\/12\/1765971743_869_400x400\" alt=\"\" style=\"--_image-preview:url('data:image\/jpeg;base64,\/9j\/2wBDACgcHiMeGSgjISMtKygwPGRBPDc3PHtYXUlkkYCZlo+AjIqgtObDoKrarYqMyP\/L2u71\/\/\/\/m8H\/\/\/\/6\/+b9\/\/j\/2wBDASstLTw1PHZBQXb4pYyl+Pj4+Pj4+Pj4+Pj4+Pj4+Pj4+Pj4+Pj4+Pj4+Pj4+Pj4+Pj4+Pj4+Pj4+Pj4+Pj4+Pj\/wAARCAAXACoDASIAAhEBAxEB\/8QAFwAAAwEAAAAAAAAAAAAAAAAAAAECA\/\/EABgQAQEBAQEAAAAAAAAAAAAAAAABEQIS\/8QAFgEBAQEAAAAAAAAAAAAAAAAAAQAC\/8QAFREBAQAAAAAAAAAAAAAAAAAAABH\/2gAMAwEAAhEDEQA\/AMsJdRQhpypEKazpXplKeqIWpoAKTgDQMwCy\/9k=');\" loading=\"lazy\" fetchpriority=\"low\" aria-hidden=\"true\" class=\"svelte-1cksh76 rounded\" onload=\"this.__e=event\" onerror=\"this.__e=event\"\/><\/p>\n","protected":false},"excerpt":{"rendered":"Journ\u00e9e sp\u00e9ciale mobilit\u00e9 sur ICI. Selon la consultation \u00ab\u00a0Mobilit\u00e9s\u00a0\u00bb, troisi\u00e8me volet du sondage citoyen \u00ab\u00a0Ma commune, mon maire&hellip;\n","protected":false},"author":2,"featured_media":605114,"comment_status":"","ping_status":"","sticky":false,"template":"","format":"standard","meta":{"footnotes":""},"categories":[9587],"tags":[1111,11,1777,674,1011,27,12,5161,25,9590],"class_list":{"0":"post-605113","1":"post","2":"type-post","3":"status-publish","4":"format-standard","5":"has-post-thumbnail","7":"category-rouen","8":"tag-actu","9":"tag-actualites","10":"tag-eu","11":"tag-europe","12":"tag-fr","13":"tag-france","14":"tag-news","15":"tag-normandie","16":"tag-republique-francaise","17":"tag-rouen"},"share_on_mastodon":{"url":"https:\/\/pubeurope.com\/@fr\/115734731638187420","error":""},"_links":{"self":[{"href":"https:\/\/www.europesays.com\/fr\/wp-json\/wp\/v2\/posts\/605113","targetHints":{"allow":["GET"]}}],"collection":[{"href":"https:\/\/www.europesays.com\/fr\/wp-json\/wp\/v2\/posts"}],"about":[{"href":"https:\/\/www.europesays.com\/fr\/wp-json\/wp\/v2\/types\/post"}],"author":[{"embeddable":true,"href":"https:\/\/www.europesays.com\/fr\/wp-json\/wp\/v2\/users\/2"}],"replies":[{"embeddable":true,"href":"https:\/\/www.europesays.com\/fr\/wp-json\/wp\/v2\/comments?post=605113"}],"version-history":[{"count":0,"href":"https:\/\/www.europesays.com\/fr\/wp-json\/wp\/v2\/posts\/605113\/revisions"}],"wp:featuredmedia":[{"embeddable":true,"href":"https:\/\/www.europesays.com\/fr\/wp-json\/wp\/v2\/media\/605114"}],"wp:attachment":[{"href":"https:\/\/www.europesays.com\/fr\/wp-json\/wp\/v2\/media?parent=605113"}],"wp:term":[{"taxonomy":"category","embeddable":true,"href":"https:\/\/www.europesays.com\/fr\/wp-json\/wp\/v2\/categories?post=605113"},{"taxonomy":"post_tag","embeddable":true,"href":"https:\/\/www.europesays.com\/fr\/wp-json\/wp\/v2\/tags?post=605113"}],"curies":[{"name":"wp","href":"https:\/\/api.w.org\/{rel}","templated":true}]}}