{"id":605117,"date":"2025-12-17T11:44:15","date_gmt":"2025-12-17T11:44:15","guid":{"rendered":"https:\/\/www.europesays.com\/fr\/605117\/"},"modified":"2025-12-17T11:44:15","modified_gmt":"2025-12-17T11:44:15","slug":"une-mosquee-visee-par-un-incendie-suspect-en-pleine-nuit","status":"publish","type":"post","link":"https:\/\/www.europesays.com\/fr\/605117\/","title":{"rendered":"Une mosqu\u00e9e vis\u00e9e par un incendie suspect en pleine nuit !"},"content":{"rendered":"\n<p style=\"font-weight: 400;\">Un feu d\u00e9clench\u00e9 en pleine nuit. Il \u00e9tait un peu plus de deux heures du matin lorsque l\u2019alerte a \u00e9t\u00e9 donn\u00e9e. Dans un immeuble abritant une mosqu\u00e9e, situ\u00e9 dans le quartier Saint-Bruno \u00e0\u00a0Grenoble, un d\u00e9but d\u2019incendie s\u2019est d\u00e9clar\u00e9 dans les parties communes.<\/p>\n<p style=\"font-weight: 400;\">Selon les premiers \u00e9l\u00e9ments communiqu\u00e9s par une source polici\u00e8re, le feu aurait pris dans un placard \u00e0 chaussures. Des tapis pr\u00e9sents dans le couloir ont commenc\u00e9 \u00e0 br\u00fbler. L\u2019hypoth\u00e8se d\u2019un acte volontaire est, \u00e0 ce stade, privil\u00e9gi\u00e9e.<\/p>\n<p style=\"font-weight: 400;\">Un habitant de l\u2019immeuble est intervenu rapidement. \u00c0 l\u2019aide d\u2019un seau d\u2019eau, il a r\u00e9ussi \u00e0 \u00e9teindre les flammes avant l\u2019arriv\u00e9e des sapeurs-pompiers, \u00e9vitant une propagation vers la salle de pri\u00e8re ou les logements situ\u00e9s aux \u00e9tages.<\/p>\n<p style=\"font-weight: 400;\"><strong>Un bless\u00e9 l\u00e9ger et d\u2019importants d\u00e9g\u00e2ts mat\u00e9riels<\/strong><\/p>\n<p style=\"font-weight: 400;\">Si aucune victime grave n\u2019est \u00e0 d\u00e9plorer, une personne qui se trouvait dans le b\u00e2timent a \u00e9t\u00e9 incommod\u00e9e par les fum\u00e9es. Elle a \u00e9t\u00e9 transport\u00e9e au centre hospitalier universitaire, sans que son pronostic vital ne soit engag\u00e9.<\/p>\n<p style=\"font-weight: 400;\">Le sinistre a toutefois laiss\u00e9 des traces. Plusieurs couloirs ont \u00e9t\u00e9 noircis par la fum\u00e9e et l\u2019immeuble est priv\u00e9 d\u2019\u00e9lectricit\u00e9. Des pr\u00e9l\u00e8vements ont \u00e9t\u00e9 r\u00e9alis\u00e9s afin de d\u00e9terminer la pr\u00e9sence \u00e9ventuelle d\u2019un produit acc\u00e9l\u00e9rateur de combustion.<\/p>\n<p style=\"font-weight: 400;\">L\u2019enqu\u00eate a \u00e9t\u00e9 confi\u00e9e \u00e0 la police judiciaire, charg\u00e9e d\u2019\u00e9tablir avec pr\u00e9cision les circonstances du d\u00e9part de feu et de confirmer son caract\u00e8re criminel.<\/p>\n<p style=\"font-weight: 400;\"><strong>Une mosqu\u00e9e de plus dans une s\u00e9rie d\u2019attaques cibl\u00e9es<\/strong><\/p>\n<p style=\"font-weight: 400;\">Ce nouvel incident intervient dans un contexte pr\u00e9occupant. Ces derniers mois, plusieurs lieux de culte musulmans ont \u00e9t\u00e9 la cible de tentatives d\u2019incendie ou de d\u00e9gradations. En ao\u00fbt dernier, une salle de pri\u00e8re avait d\u00e9j\u00e0 \u00e9t\u00e9 vis\u00e9e \u00e0 Ch\u00e2tillon-sur-Seine, en C\u00f4te-d\u2019Or. Des journaux enflamm\u00e9s avaient \u00e9t\u00e9 plac\u00e9s devant l\u2019entr\u00e9e. Les d\u00e9g\u00e2ts avaient \u00e9t\u00e9 qualifi\u00e9s de \u00ab tr\u00e8s l\u00e9gers \u00bb par les autorit\u00e9s.<\/p>\n<p style=\"font-weight: 400;\">\u00c0 Grenoble, m\u00eame si l\u2019enqu\u00eate se poursuit, la piste d\u2019un acte de malveillance reste s\u00e9rieusement envisag\u00e9e par les enqu\u00eateurs.<\/p>\n<p style=\"font-weight: 400;\"><strong>Un climat de peur ressenti par une large majorit\u00e9<\/strong><\/p>\n<p style=\"font-weight: 400;\">Ce sentiment est largement partag\u00e9 au sein de la communaut\u00e9 musulmane. Selon une enqu\u00eate men\u00e9e par l\u2019Ifop\u00a0pour la\u00a0Grande Mosqu\u00e9e de Paris, publi\u00e9e en septembre 2025, 66 % des musulmans interrog\u00e9s affirment avoir subi des comportements racistes au cours des cinq derni\u00e8res ann\u00e9es.<\/p>\n<p style=\"font-weight: 400;\">\u00c0 Grenoble, l\u2019incendie de la mosqu\u00e9e de Saint-Bruno ravive ces inqui\u00e9tudes. En attendant les conclusions de l\u2019enqu\u00eate, le choc est r\u00e9el. Et la question de la protection des lieux de culte musulmans demeure plus que jamais pos\u00e9e.<\/p>\n","protected":false},"excerpt":{"rendered":"Un feu d\u00e9clench\u00e9 en pleine nuit. Il \u00e9tait un peu plus de deux heures du matin lorsque l\u2019alerte&hellip;\n","protected":false},"author":2,"featured_media":605118,"comment_status":"","ping_status":"","sticky":false,"template":"","format":"standard","meta":{"footnotes":""},"categories":[9566],"tags":[1111,11,71692,2430,42473,42472,41270,33526,20520,1067,1777,674,1312,1011,27,25905,2731,1310,71691,14577,12,71694,11855,71689,71690,71693,10162,25,71688,5153],"class_list":{"0":"post-605117","1":"post","2":"type-post","3":"status-publish","4":"format-standard","5":"has-post-thumbnail","7":"category-grenoble","8":"tag-actu","9":"tag-actualites","10":"tag-attaques-ciblees","11":"tag-auvergne-rhone-alpes","12":"tag-beur-fm","13":"tag-beurfm","14":"tag-communaute-musulmane","15":"tag-criminel","16":"tag-degats-materiels","17":"tag-enquete","18":"tag-eu","19":"tag-europe","20":"tag-feu","21":"tag-fr","22":"tag-france","23":"tag-fumees","24":"tag-grenoble","25":"tag-incendie","26":"tag-lieux-de-culte-musulmans","27":"tag-mosquee","28":"tag-news","29":"tag-peur-collective","30":"tag-police-judiciaire","31":"tag-prelevements","32":"tag-produit-accelerateur-de-combustion","33":"tag-protection-des-lieux-de-culte","34":"tag-racisme","35":"tag-republique-francaise","36":"tag-saint-bruno","37":"tag-sapeurs-pompiers"},"share_on_mastodon":{"url":"","error":""},"_links":{"self":[{"href":"https:\/\/www.europesays.com\/fr\/wp-json\/wp\/v2\/posts\/605117","targetHints":{"allow":["GET"]}}],"collection":[{"href":"https:\/\/www.europesays.com\/fr\/wp-json\/wp\/v2\/posts"}],"about":[{"href":"https:\/\/www.europesays.com\/fr\/wp-json\/wp\/v2\/types\/post"}],"author":[{"embeddable":true,"href":"https:\/\/www.europesays.com\/fr\/wp-json\/wp\/v2\/users\/2"}],"replies":[{"embeddable":true,"href":"https:\/\/www.europesays.com\/fr\/wp-json\/wp\/v2\/comments?post=605117"}],"version-history":[{"count":0,"href":"https:\/\/www.europesays.com\/fr\/wp-json\/wp\/v2\/posts\/605117\/revisions"}],"wp:featuredmedia":[{"embeddable":true,"href":"https:\/\/www.europesays.com\/fr\/wp-json\/wp\/v2\/media\/605118"}],"wp:attachment":[{"href":"https:\/\/www.europesays.com\/fr\/wp-json\/wp\/v2\/media?parent=605117"}],"wp:term":[{"taxonomy":"category","embeddable":true,"href":"https:\/\/www.europesays.com\/fr\/wp-json\/wp\/v2\/categories?post=605117"},{"taxonomy":"post_tag","embeddable":true,"href":"https:\/\/www.europesays.com\/fr\/wp-json\/wp\/v2\/tags?post=605117"}],"curies":[{"name":"wp","href":"https:\/\/api.w.org\/{rel}","templated":true}]}}