{"id":605129,"date":"2025-12-17T11:50:12","date_gmt":"2025-12-17T11:50:12","guid":{"rendered":"https:\/\/www.europesays.com\/fr\/605129\/"},"modified":"2025-12-17T11:50:12","modified_gmt":"2025-12-17T11:50:12","slug":"paris-nice-2026-larrivee-exceptionnellement-delocalisee-a-lallianz-riviera-le-parcours-complet-devoile","status":"publish","type":"post","link":"https:\/\/www.europesays.com\/fr\/605129\/","title":{"rendered":"Paris &#8211; Nice 2026\u00a0: l\u2019arriv\u00e9e exceptionnellement d\u00e9localis\u00e9e \u00e0 l\u2019Allianz Riviera, le parcours complet d\u00e9voil\u00e9"},"content":{"rendered":"<p class=\"paragraph text_align_left lp-f-body-02\">Entorse \u00e0 la tradition. Exceptionnellement, <a href=\"https:\/\/www.leparisien.fr\/yvelines-78\/paris-nice-2026-acheres-carrieres-sous-poissy-et-epone-au-programme-de-la-84e-edition-17-12-2025-MD3OWPG6Z5B4NMTAKCVEX3CC7M.php\" target=\"_blank\" rel=\"noopener\">l\u2019\u00e9dition 2026 de Paris-Nice<\/a> ne s\u2019ach\u00e8vera pas sur <a href=\"https:\/\/www.leparisien.fr\/alpes-maritimes-06\/promenade-des-anglais-a-nice-tout-conducteur-controle-en-grand-exces-de-vitesse-sera-desormais-place-en-garde-a-vue-17-07-2025-J4DM3RQL5JGA5J6LLD6ONXP25Y.php\" target=\"_blank\" rel=\"noopener\">la Promenade des Anglais<\/a>, r\u00e9quisitionn\u00e9e pour <a href=\"https:\/\/www.leparisien.fr\/elections\/municipales\/\" target=\"_self\" rel=\"noopener\">les \u00e9lections municipales<\/a>. Les coureurs donneront donc leurs derniers coups de p\u00e9dale au c\u0153ur de <a href=\"https:\/\/www.leparisien.fr\/sports\/football\/ligue-1\/nice-angers-sifflets-tribunes-desertes-les-images-de-laccueil-glacial-reserve-aux-aiglons-par-leur-public-07-12-2025-UIMQ7JOLA5GNBHEM5QTGMRWL4A.php\" target=\"_self\" rel=\"noopener\">l\u2019Allianz Riviera, le stade de l\u2019OGC Nice<\/a>.<\/p>\n<p class=\"\">Avant cet \u00e9pilogue atypique, le 15 mars prochain, huit \u00e9tapes tr\u00e8s vari\u00e9es mais assez classiques attendront le peloton. En effet, la 84e \u00e9dition de la \u00ab Course au soleil \u00bb, pr\u00e9sent\u00e9e mercredi \u00e0 Versailles, va ob\u00e9ir \u00e0 son architecture traditionnelle avec un d\u00e9part dans les <a href=\"https:\/\/www.leparisien.fr\/yvelines-78\/\" target=\"_self\" rel=\"noopener\">Yvelines<\/a> avant de monter en puissance avec de premi\u00e8res \u00e9tapes de plaine pi\u00e9geuses.<\/p>\n<p class=\"\">La suite ? Un contre-la-montre par \u00e9quipes, une arriv\u00e9e au sommet en milieu de semaine \u00e0 Uchon &#8211; dans le sud du Morvan &#8211; une \u00e9tape de montagne le samedi dans l\u2019arri\u00e8re-pays ni\u00e7ois, \u00e0 Auron, et le terminus \u00e0 Nice.<\/p>\n<p>Le parcours de Paris-Nice 2026 :<\/p>\n<p class=\"\"><b>Dimanche 8 mars<\/b> : Ach\u00e8res (Yvelines) &#8211; Carri\u00e8res-sous-Poissy (Yvelines), 171,2 km<\/p>\n<p class=\"\"><b>Lundi 9 mars<\/b> : \u00c9p\u00f4ne (Yvelines) &#8211; Montargis (Loiret), 187 km<\/p>\n<p class=\"\"><b>Mardi 10 mars<\/b> : Cosne-Cours-sur-Loire (Ni\u00e8vre) &#8211; Pouilly-sur-Loire (Ni\u00e8vre), Contre-la-montre par \u00e9quipes (23,5 km)<\/p>\n<p class=\"\"><b>Mercredi 11 mars<\/b> : Bourges (Cher) &#8211; Uchon (Sa\u00f4ne-et-Loire), 195 km<\/p>\n<p class=\"\"><b>Jeudi 12 mars<\/b> : Cormoranche-sur-Sa\u00f4ne (Ain) &#8211; Colombier-le-Vieux (Ard\u00e8che), 205,4 km<\/p>\n<p class=\"\"><b>Vendredi 13 mars<\/b> : Barbentane (Bouches-du-Rh\u00f4ne) &#8211; Apt (Vaucluse), 179,3 km<\/p>\n<p class=\"\"><b>Samedi 14 mars<\/b> : Nice &#8211; Auron (Alpes-Maritimes), 138,7 km<\/p>\n<p class=\"\"><b>Dimanche 15 mars<\/b> : Nice &#8211; Nice, 145 km<\/p>\n<p class=\"\">La grande nouveaut\u00e9 de ce condens\u00e9 du <a href=\"https:\/\/www.leparisien.fr\/sports\/cyclisme\/tour-de-france\/\" target=\"_self\" rel=\"noopener\">Tour de France<\/a> concerne donc l\u2019arriv\u00e9e, pas trac\u00e9e sur la Promenade des Anglais afin de ne pas bloquer l\u2019acc\u00e8s aux bureaux de vote pour le premier tour des municipales.<\/p>\n<p>Pogacar et Evenepoel absents, Vingegaard incertain<\/p>\n<p class=\"\">Le successeur du double vainqueur sortant, <a href=\"https:\/\/www.leparisien.fr\/sports\/cyclisme\/paris-nice\/paris-nice-jorgenson-reste-le-patron-de-la-course-au-soleil-sheffield-remporte-la-derniere-etape-en-solitaire-16-03-2025-K26MRTO3OFDEBIIWOO74Y5D3UE.php\" target=\"_self\" rel=\"noopener\">l\u2019Am\u00e9ricain Matteo Jorgenson<\/a>, sera donc sacr\u00e9 \u00e0 l\u2019Allianz Riviera,<a href=\"https:\/\/www.leparisien.fr\/sports\/football\/ligue-1\/nice-angers-0-1-serie-historique-de-defaites-rupture-avec-les-supporters-la-crise-setire-du-cote-des-aiglons-07-12-2025-P56OZVDSYBAQVFJECE2LAU3NVE.php\" target=\"_self\" rel=\"noopener\"> o\u00f9 l\u2019OGC Nice vit des heures agit\u00e9es cette saison<\/a>, apr\u00e8s une derni\u00e8re \u00e9tape dont le parcours a \u00e9t\u00e9 modifi\u00e9 aussi : pas de col d\u2019\u00c8ze cette fois, mais la c\u00f4te du Linguador (3,3 km \u00e0 8,8 %) en guise de juge de paix.<\/p>\n<p class=\"\">Il y aura aussi, pour la quatri\u00e8me ann\u00e9e cons\u00e9cutive, un contre-la-montre par \u00e9quipes, de 23,5 km le mardi dans la Ni\u00e8vre. Il int\u00e9ressera d\u2019autant plus le peloton que <a href=\"https:\/\/www.leparisien.fr\/sports\/cyclisme\/tour-de-france\/cyclisme-le-tour-de-france-2026-commencera-par-un-contre-la-montre-par-equipes-a-barcelone-25-02-2025-5W2CAH3PZZHCHH675DOS3K6G5Q.php\" target=\"_self\" rel=\"noopener\">le m\u00eame exercice sera au menu de la premi\u00e8re \u00e9tape du prochain Tour de France en juillet 2026 \u00e0 Barcelone<\/a>.<\/p>\n<p class=\"\">C\u00f4t\u00e9 participants, ni Tadej Pogacar, vainqueur en 2023, ni Remco Evenepoel n\u2019ont mis \u00e0 leur programme Paris-Nice qui se dispute le plus souvent dans des conditions m\u00e9t\u00e9o \u00e9prouvantes. <a href=\"https:\/\/www.leparisien.fr\/sports\/cyclisme\/paris-nice\/paris-nice-blesse-a-la-main-jonas-vingegaard-ne-prend-pas-le-depart-de-la-6e-etape-et-abandonne-14-03-2025-53YFSA4WKFDO7HOMN2EJWHBUTM.php\" target=\"_blank\" rel=\"noopener\">Jonas Vingegaard, qui avait abandonn\u00e9 l\u2019an dernier<\/a>, ne doit r\u00e9v\u00e9ler son calendrier qu\u2019en janvier mais l\u2019optimisme n\u2019est pas forc\u00e9ment de mise non plus.<\/p>\n<p class=\"\">\u00c0 ce stade, les organisateurs comptent sur Simon Yates, Jo\u00e3o Almeida, Juan Ayuso, K\u00e9vin Vauquelin, Lenny Martinez ou encore David Gaudu pour animer la lutte pour le g\u00e9n\u00e9ral.<\/p>\n","protected":false},"excerpt":{"rendered":"Entorse \u00e0 la tradition. Exceptionnellement, l\u2019\u00e9dition 2026 de Paris-Nice ne s\u2019ach\u00e8vera pas sur la Promenade des Anglais, r\u00e9quisitionn\u00e9e&hellip;\n","protected":false},"author":2,"featured_media":605130,"comment_status":"","ping_status":"","sticky":false,"template":"","format":"standard","meta":{"footnotes":""},"categories":[2819],"tags":[1111,11,207,1777,674,1011,27,12,2401,24772,882,25,60],"class_list":{"0":"post-605129","1":"post","2":"type-post","3":"status-publish","4":"format-standard","5":"has-post-thumbnail","7":"category-nice","8":"tag-actu","9":"tag-actualites","10":"tag-cyclisme","11":"tag-eu","12":"tag-europe","13":"tag-fr","14":"tag-france","15":"tag-news","16":"tag-nice","17":"tag-paris-nice","18":"tag-provence-alpes-cote-dazur","19":"tag-republique-francaise","20":"tag-sports"},"share_on_mastodon":{"url":"https:\/\/pubeurope.com\/@fr\/115734762260503542","error":""},"_links":{"self":[{"href":"https:\/\/www.europesays.com\/fr\/wp-json\/wp\/v2\/posts\/605129","targetHints":{"allow":["GET"]}}],"collection":[{"href":"https:\/\/www.europesays.com\/fr\/wp-json\/wp\/v2\/posts"}],"about":[{"href":"https:\/\/www.europesays.com\/fr\/wp-json\/wp\/v2\/types\/post"}],"author":[{"embeddable":true,"href":"https:\/\/www.europesays.com\/fr\/wp-json\/wp\/v2\/users\/2"}],"replies":[{"embeddable":true,"href":"https:\/\/www.europesays.com\/fr\/wp-json\/wp\/v2\/comments?post=605129"}],"version-history":[{"count":0,"href":"https:\/\/www.europesays.com\/fr\/wp-json\/wp\/v2\/posts\/605129\/revisions"}],"wp:featuredmedia":[{"embeddable":true,"href":"https:\/\/www.europesays.com\/fr\/wp-json\/wp\/v2\/media\/605130"}],"wp:attachment":[{"href":"https:\/\/www.europesays.com\/fr\/wp-json\/wp\/v2\/media?parent=605129"}],"wp:term":[{"taxonomy":"category","embeddable":true,"href":"https:\/\/www.europesays.com\/fr\/wp-json\/wp\/v2\/categories?post=605129"},{"taxonomy":"post_tag","embeddable":true,"href":"https:\/\/www.europesays.com\/fr\/wp-json\/wp\/v2\/tags?post=605129"}],"curies":[{"name":"wp","href":"https:\/\/api.w.org\/{rel}","templated":true}]}}