{"id":605131,"date":"2025-12-17T11:51:13","date_gmt":"2025-12-17T11:51:13","guid":{"rendered":"https:\/\/www.europesays.com\/fr\/605131\/"},"modified":"2025-12-17T11:51:13","modified_gmt":"2025-12-17T11:51:13","slug":"des-bases-posees-dans-louest-mais-qui-restent-a-consolider","status":"publish","type":"post","link":"https:\/\/www.europesays.com\/fr\/605131\/","title":{"rendered":"Des bases pos\u00e9es dans l\u2019Ouest mais qui restent \u00e0 consolider"},"content":{"rendered":"<p>ADN Ouest vient de d\u00e9voiler son premier Observatoire de la maturit\u00e9 num\u00e9rique responsable en Pays de la Loire et Bretagne. Si 74\u00a0% des organisations d\u00e9clarent avoir engag\u00e9 des actions, le score global de 5,2\/10 r\u00e9v\u00e8le une structuration encore trop fragile.<\/p>\n<p>                                                <img decoding=\"async\" loading=\"lazy\" src=\"https:\/\/www.europesays.com\/fr\/wp-content\/uploads\/2025\/12\/ADNOuestIJWeb-scaled-760x396-c-default.jpg\"   width=\"760\" height=\"396\" alt=\"La restitution des r\u00e9sultats de l'Observatoire de la maturit\u00e9 num\u00e9rique responsable dans l'Ouest, le 4 d\u00e9cembre dernier, dans les locaux d\u2019Epitech, \u00e0 Nantes.\" aria-describedby=\"caption-post-175301\"\/><\/p>\n<p id=\"caption-attachment-175301\" class=\"wp-caption-text\">La restitution des r\u00e9sultats de l&rsquo;Observatoire de la maturit\u00e9 num\u00e9rique responsable dans l&rsquo;Ouest, le 4 d\u00e9cembre dernier, dans les locaux d\u2019Epitech, \u00e0 Nantes. ADN OUEST<\/p>\n<p>Plus grand r\u00e9seau de professionnels du num\u00e9rique en r\u00e9gion, ADN Ouest a d\u00e9voil\u00e9\u00a0le 4\u00a0d\u00e9cembre dernier les r\u00e9sultats de son premier\u00a0Observatoire de la maturit\u00e9 num\u00e9rique responsable en Pays de la Loire et Bretagne. R\u00e9alis\u00e9e avec le soutien des R\u00e9gions, de Nantes M\u00e9tropole, de l\u2019Ademe, du CNRS et de l\u2019Inria (Institut national de recherche en sciences et technologies du num\u00e9rique), cette \u00e9tude permet de mesurer l\u2019int\u00e9gration des enjeux environnementaux, sociaux et \u00e9thiques dans les pratiques num\u00e9riques du territoire. Ses r\u00e9sultats mettent en lumi\u00e8re que les organisations sont engag\u00e9es, mais encore peu structur\u00e9es.<\/p>\n<p>Sur les 124 r\u00e9pondants, 74\u00a0% d\u00e9clarent avoir mis en place une strat\u00e9gie ou des actions autour du num\u00e9rique responsable, mais la maturit\u00e9 globale plafonne \u00e0 5,2\/10, signe que l\u2019intention ne se traduit pas toujo\u2026<\/p>\n","protected":false},"excerpt":{"rendered":"ADN Ouest vient de d\u00e9voiler son premier Observatoire de la maturit\u00e9 num\u00e9rique responsable en Pays de la Loire&hellip;\n","protected":false},"author":2,"featured_media":605132,"comment_status":"","ping_status":"","sticky":false,"template":"","format":"standard","meta":{"footnotes":""},"categories":[2818],"tags":[1111,11,1777,674,1011,27,766,12,2636,25],"class_list":{"0":"post-605131","1":"post","2":"type-post","3":"status-publish","4":"format-standard","5":"has-post-thumbnail","7":"category-nantes","8":"tag-actu","9":"tag-actualites","10":"tag-eu","11":"tag-europe","12":"tag-fr","13":"tag-france","14":"tag-nantes","15":"tag-news","16":"tag-pays-de-la-loire","17":"tag-republique-francaise"},"share_on_mastodon":{"url":"https:\/\/pubeurope.com\/@fr\/115734766901421247","error":""},"_links":{"self":[{"href":"https:\/\/www.europesays.com\/fr\/wp-json\/wp\/v2\/posts\/605131","targetHints":{"allow":["GET"]}}],"collection":[{"href":"https:\/\/www.europesays.com\/fr\/wp-json\/wp\/v2\/posts"}],"about":[{"href":"https:\/\/www.europesays.com\/fr\/wp-json\/wp\/v2\/types\/post"}],"author":[{"embeddable":true,"href":"https:\/\/www.europesays.com\/fr\/wp-json\/wp\/v2\/users\/2"}],"replies":[{"embeddable":true,"href":"https:\/\/www.europesays.com\/fr\/wp-json\/wp\/v2\/comments?post=605131"}],"version-history":[{"count":0,"href":"https:\/\/www.europesays.com\/fr\/wp-json\/wp\/v2\/posts\/605131\/revisions"}],"wp:featuredmedia":[{"embeddable":true,"href":"https:\/\/www.europesays.com\/fr\/wp-json\/wp\/v2\/media\/605132"}],"wp:attachment":[{"href":"https:\/\/www.europesays.com\/fr\/wp-json\/wp\/v2\/media?parent=605131"}],"wp:term":[{"taxonomy":"category","embeddable":true,"href":"https:\/\/www.europesays.com\/fr\/wp-json\/wp\/v2\/categories?post=605131"},{"taxonomy":"post_tag","embeddable":true,"href":"https:\/\/www.europesays.com\/fr\/wp-json\/wp\/v2\/tags?post=605131"}],"curies":[{"name":"wp","href":"https:\/\/api.w.org\/{rel}","templated":true}]}}