{"id":605137,"date":"2025-12-17T11:54:11","date_gmt":"2025-12-17T11:54:11","guid":{"rendered":"https:\/\/www.europesays.com\/fr\/605137\/"},"modified":"2025-12-17T11:54:11","modified_gmt":"2025-12-17T11:54:11","slug":"mardi-matin-ou-circuler-malgre-les-manifestations-des-agriculteurs-sur-les-autoroutes","status":"publish","type":"post","link":"https:\/\/www.europesays.com\/fr\/605137\/","title":{"rendered":"Mardi matin, o\u00f9 circuler malgr\u00e9 les manifestations des agriculteurs sur les autoroutes ?"},"content":{"rendered":"<p itemprop=\"description\">Les blocages agricoles s\u2019intensifient en France. L\u2019A64 et l\u2019A63, \u00e9picentre du mouvement, sont ferm\u00e9es, en particulieurs aux poids-lourds, sur de longues portions. D\u2019autres axes strat\u00e9giques comme l\u2019A65, l\u2019A89, l\u2019A9 et l\u2019A54 sont \u00e9galement touch\u00e9s. De nouvelles perturbations sont attendues sur l\u2019A8 \u00e0 Nice, l\u2019A20 \u00e0 Cahors et Brive, et l\u2019A10 \u00e0 Ch\u00e2tellerault\u2026<\/p>\n<p>        Le sud-ouest est au c\u0153ur des mobilisations agricoles<br \/>&#13;<br \/>\nDepuis jeudi, le sud-ouest est au c\u0153ur des mobilisations agricoles qui paralysent le r\u00e9seau autoroutier. L\u2019A64 (Bayonne-Toulouse) et l\u2019A63 (Espagne-Bordeaux) constituent l\u2019\u00e9picentre du mouvement. <br \/>\nSur l\u2019A63, la circulation vers Bordeaux est interrompue \u00e0 Marcheprime (sortie obligatoire). Les poids-lourds sont contraints de faire demi-tour \u00e0 la fronti\u00e8re pour revenir vers Saint-S\u00e9bastien ou de stationner obligatoirement. Des embouteillages importants se sont form\u00e9s d&rsquo;ailleurs cot\u00e9 espagnol.<br \/>\nLes automobilistes en voiture sont invit\u00e9s \u00e0 quitter l\u2019autoroute \u00e0 Liposthey pour rejoindre Bordeaux via l\u2019A62.<br \/>\nL\u2019A64 est ferm\u00e9e sur pr\u00e8s de 180 kilom\u00e8tres entre Briscous et Montr\u00e9jeau, dans les deux sens. Seules trois portions restent ouvertes\u202f: Bayonne\/Briscous, Montr\u00e9jeau\/Lafitte et Carbonne\/Toulouse. Hors r\u00e9seau VINCI Autoroutes, les coupures concernent \u00e9galement Carbonne et les portes de Toulouse, avec un blocage \u00e0 Muret. Les poids-lourds de plus de 7,5 tonnes sont interdits sur cet axe d\u00e8s Bayonne.<br \/>\nAutour de ces zones, l\u2019A65 est coup\u00e9e entre Garlin et Aire-sur-l\u2019Adour Sud, ainsi qu\u2019\u00e0 la bifurcation avec l\u2019A64.<\/p>\n<p>Plus au nord, l\u2019autoroute A89 (Bordeaux\/Clermont) subit des coupures entre P\u00e9rigueux Ouest et Est, avec des sorties obligatoires dans chaque sens.<\/p>\n<p>De nouveux blocages autour de N\u00eemes<br \/>&#13;<br \/>\nDans le sud, les perturbations touchent le Gard et la r\u00e9gion de N\u00eemes\u202f: sur l\u2019A9, les \u00e9changeurs 22 Roquemaure, 24 N\u00eemes-Est et 25 N\u00eemes-Ouest sont ferm\u00e9s, tout comme l\u2019entr\u00e9e 26 Gallargues.<br \/>\nSur l\u2019A54 N\u00eemes-Centre et Garons sont bloqu\u00e9s. Les acc\u00e8s \u00e0 l&rsquo;A709 sont ferm\u00e9s \u00e0 Vendargues en direction de S\u00e8te et de Montpellier centre.<br \/>\nL\u2019A75, axe Clermont-Ferrand\/B\u00e9ziers, est coup\u00e9e par endroits, avec interdiction pour les poids-lourds.<\/p>\n<p>De nouvelles actions sont annonc\u00e9es\u202f: l\u2019A8 \u00e0 Nice (Saint-Isidore et A\u00e9roport), l\u2019A20 \u00e0 Cahors Sud et Brive, l\u2019A89 \u00e0 Ussel Ouest et l\u2019A10 \u00e0 Ch\u00e2tellerault. Ces blocages pourraient compliquer la circulation sur une grande partie du r\u00e9seau. Les automobilistes sont invit\u00e9s \u00e0 anticiper leurs trajets et \u00e0 consulter les informations en temps r\u00e9el.    <\/p>\n","protected":false},"excerpt":{"rendered":"Les blocages agricoles s\u2019intensifient en France. L\u2019A64 et l\u2019A63, \u00e9picentre du mouvement, sont ferm\u00e9es, en particulieurs aux poids-lourds,&hellip;\n","protected":false},"author":2,"featured_media":605138,"comment_status":"","ping_status":"","sticky":false,"template":"","format":"standard","meta":{"footnotes":""},"categories":[2817],"tags":[1111,11,14531,2572,7480,71532,1997,18073,1777,674,1011,27,71695,9085,1272,9778,4659,12,2219,25],"class_list":{"0":"post-605137","1":"post","2":"type-post","3":"status-publish","4":"format-standard","5":"has-post-thumbnail","7":"category-bordeaux","8":"tag-actu","9":"tag-actualites","10":"tag-agricoles","11":"tag-agriculteurs","12":"tag-autoroutes","13":"tag-blocages","14":"tag-bordeaux","15":"tag-circuler","16":"tag-eu","17":"tag-europe","18":"tag-fr","19":"tag-france","20":"tag-intensifient","21":"tag-malgre","22":"tag-manifestations","23":"tag-mardi","24":"tag-matin","25":"tag-news","26":"tag-nouvelle-aquitaine","27":"tag-republique-francaise"},"share_on_mastodon":{"url":"https:\/\/pubeurope.com\/@fr\/115734777984777811","error":""},"_links":{"self":[{"href":"https:\/\/www.europesays.com\/fr\/wp-json\/wp\/v2\/posts\/605137","targetHints":{"allow":["GET"]}}],"collection":[{"href":"https:\/\/www.europesays.com\/fr\/wp-json\/wp\/v2\/posts"}],"about":[{"href":"https:\/\/www.europesays.com\/fr\/wp-json\/wp\/v2\/types\/post"}],"author":[{"embeddable":true,"href":"https:\/\/www.europesays.com\/fr\/wp-json\/wp\/v2\/users\/2"}],"replies":[{"embeddable":true,"href":"https:\/\/www.europesays.com\/fr\/wp-json\/wp\/v2\/comments?post=605137"}],"version-history":[{"count":0,"href":"https:\/\/www.europesays.com\/fr\/wp-json\/wp\/v2\/posts\/605137\/revisions"}],"wp:featuredmedia":[{"embeddable":true,"href":"https:\/\/www.europesays.com\/fr\/wp-json\/wp\/v2\/media\/605138"}],"wp:attachment":[{"href":"https:\/\/www.europesays.com\/fr\/wp-json\/wp\/v2\/media?parent=605137"}],"wp:term":[{"taxonomy":"category","embeddable":true,"href":"https:\/\/www.europesays.com\/fr\/wp-json\/wp\/v2\/categories?post=605137"},{"taxonomy":"post_tag","embeddable":true,"href":"https:\/\/www.europesays.com\/fr\/wp-json\/wp\/v2\/tags?post=605137"}],"curies":[{"name":"wp","href":"https:\/\/api.w.org\/{rel}","templated":true}]}}