{"id":605139,"date":"2025-12-17T11:55:11","date_gmt":"2025-12-17T11:55:11","guid":{"rendered":"https:\/\/www.europesays.com\/fr\/605139\/"},"modified":"2025-12-17T11:55:11","modified_gmt":"2025-12-17T11:55:11","slug":"info-la-depeche-lgv-bordeaux-toulouse-le-candidat-socialiste-aux-municipales-assure-que-le-projet-ne-sera-pas-remis-en-cause","status":"publish","type":"post","link":"https:\/\/www.europesays.com\/fr\/605139\/","title":{"rendered":"INFO LA D\u00c9P\u00caCHE. LGV Bordeaux-Toulouse\u00a0: le candidat socialiste aux municipales assure que le projet ne sera pas remis en cause"},"content":{"rendered":"<p>\n                                                                    l&rsquo;essentiel<br \/>\n                                                                Interrog\u00e9 ce mercredi 17\u00a0d\u00e9cembre sur la LGV Bordeaux-Toulouse, le candidat socialiste \u00e0 la mairie de Toulouse, Fran\u00e7ois Brian\u00e7on, affirme que, malgr\u00e9 la pr\u00e9sence d\u2019\u00e9cologistes dans sa coalition, sa liste ne remettra pas en cause le projet de ligne \u00e0 grande vitesse.\n                            <\/p>\n<p>\u00c0 quelques mois des municipales, Fran\u00e7ois Brian\u00e7on, t\u00eate de liste Vivre mieux \u00e0 Toulouse et conseiller municipal d\u2019opposition socialiste, a livr\u00e9 un message sans ambigu\u00eft\u00e9 sur un dossier clivant \u00e0 gauche\u00a0: la <a href=\"https:\/\/www.ladepeche.fr\/economie\/transports\/lgv-bordeaux-toulouse\/\" target=\"_self\" rel=\"noopener\">LGV Bordeaux-Toulouse<\/a>. Interrog\u00e9 sur la position de sa coalition \u2013 qui r\u00e9unit notamment des \u00e9cologistes, historiquement oppos\u00e9s au projet \u2013 le candidat affirme que, s\u2019il l\u2019emporte, il n\u2019y aura \u00ab\u00a0pas de remise en cause\u00a0\u00bb de la ligne \u00e0 grande vitesse.<\/p>\n<p class=\"std-elt__inline\">\n        <strong>\u00c0 lire aussi :<\/strong><br \/>\n        <a href=\"https:\/\/www.ladepeche.fr\/2025\/12\/08\/lgv-bordeaux-toulouse-un-gain-de-temps-illusoire-selon-lfi-et-la-gauche-agenaise-13093557.php\" target=\"_blank\" rel=\"noopener\">LGV Bordeaux-Toulouse\u00a0: \u00ab\u00a0Un gain de temps illusoire\u00a0\u00bb selon LFI et la gauche agenaise<\/a>\n    <\/p>\n<p>\u00ab\u00a0Moi, j\u2019ai toujours \u00e9t\u00e9 favorable \u00e0 la ligne \u00e0 grande vitesse, comme d\u2019ailleurs une grande majorit\u00e9 des Toulousains\u00a0\u00bb, revendique Fran\u00e7ois Brian\u00e7on dans un entretien \u00e0 La D\u00e9p\u00eache. Reconnaissant l\u2019existence de r\u00e9serves chez certains partenaires, il insiste sur la m\u00e9thode\u00a0: \u00ab\u00a0On a pris le temps d\u2019en parler\u00a0\u00bb. Et tranche\u00a0: \u00ab\u00a0Notre ligne directrice, elle est tr\u00e8s claire\u00a0: il n\u2019y aura pas de remise en cause de la LGV par notre majorit\u00e9.\u00a0\u00bb<\/p>\n<p>Un enjeu politique et m\u00e9tropolitain<\/p>\n<p>L\u2019enjeu est double. D\u2019abord, politique\u00a0: le candidat veut \u00e9viter que la campagne municipale soit aspir\u00e9e par une querelle interne \u00e0 la gauche, alors qu\u2019il mart\u00e8le que \u00ab\u00a0les \u00e9tiquettes politiques sont devenues secondaires\u00a0\u00bb au profit d\u2019une offre commune. Ensuite, institutionnel\u00a0: la question du financement de la LGV pourrait, \u00e0 terme, se poser \u00e0 l\u2019\u00e9chelle m\u00e9tropolitaine.<\/p>\n<p>L\u00e0 encore, Fran\u00e7ois Brian\u00e7on se veut rassurant. Interpell\u00e9 sur une \u00e9ventuelle \u00ab\u00a0gouvernance partag\u00e9e\u00a0\u00bb avec les \u00e9cologistes \u00e0 Toulouse M\u00e9tropole, il estime que le rapport de force resterait favorable au projet\u00a0: \u00ab\u00a0Il y a aujourd\u2019hui une majorit\u00e9 d\u2019\u00e9lus au Conseil m\u00e9tropolitain qui sont favorables \u00e0 la LGV, et je ne crois pas que cette majorit\u00e9-l\u00e0 soit remise en cause.\u00a0\u00bb<\/p>\n<p class=\"std-elt__inline\">\n        <strong>\u00c0 lire aussi :<\/strong><br \/>\n        <a href=\"https:\/\/www.ladepeche.fr\/2025\/12\/04\/poursuivies-pour-avoir-protege-un-arbre-sur-le-chantier-de-la-lgv-toulouse-bordeaux-trois-militantes-ecologistes-relaxees-13090944.php\" target=\"_blank\" rel=\"noopener\">Poursuivies pour avoir prot\u00e9g\u00e9 un arbre sur le chantier de la LGV Toulouse-Bordeaux, trois militantes \u00e9cologistes relax\u00e9es<\/a>\n    <\/p>\n<p>Cette clarification intervient dans un contexte de <a href=\"http:\/\/www.ladepeche.fr\/2025\/12\/06\/municipales-2026-a-toulouse-lgv-et-a-69-les-deux-dossiers-chauds-qui-fachent-les-gauches-13092976.php\" target=\"_self\" rel=\"noopener\">querelles fratricides<\/a>\u00a0\u00e0 gauche autour des grands projets d\u2019infrastructures. Sur l\u2019A69, l\u2019autoroute Toulouse-Castres, la quasi-totalit\u00e9 des partis r\u00e9unis autour de Fran\u00e7ois Brian\u00e7on s\u2019y oppose, tandis que la liste men\u00e9e par Fran\u00e7ois Piquemal revendique une opposition \u00e0 la fois \u00e0 l\u2019A69 et \u00e0 la LGV. La coalition de Fran\u00e7ois Brian\u00e7on a toutefois choisi de d\u00e9passer ce d\u00e9saccord en consid\u00e9rant que le dossier autoroutier relevait d\u2019un p\u00e9rim\u00e8tre ext\u00e9rieur aux comp\u00e9tences municipales et m\u00e9tropolitaines. Restait \u00e0 trancher la question de la LGV Bordeaux \u2013 Toulouse\u00a0: c\u2019est d\u00e9sormais chose faite.<\/p>\n","protected":false},"excerpt":{"rendered":"l&rsquo;essentiel Interrog\u00e9 ce mercredi 17\u00a0d\u00e9cembre sur la LGV Bordeaux-Toulouse, le candidat socialiste \u00e0 la mairie de Toulouse, Fran\u00e7ois&hellip;\n","protected":false},"author":2,"featured_media":605140,"comment_status":"","ping_status":"","sticky":false,"template":"","format":"standard","meta":{"footnotes":""},"categories":[2816],"tags":[1111,11,33,1777,674,1011,27,2722,6200,12,2680,25,2312,800],"class_list":{"0":"post-605139","1":"post","2":"type-post","3":"status-publish","4":"format-standard","5":"has-post-thumbnail","7":"category-toulouse","8":"tag-actu","9":"tag-actualites","10":"tag-economie","11":"tag-eu","12":"tag-europe","13":"tag-fr","14":"tag-france","15":"tag-haute-garonne","16":"tag-lgv-bordeaux-toulouse","17":"tag-news","18":"tag-occitanie","19":"tag-republique-francaise","20":"tag-toulouse","21":"tag-transports"},"share_on_mastodon":{"url":"https:\/\/pubeurope.com\/@fr\/115734781945426434","error":""},"_links":{"self":[{"href":"https:\/\/www.europesays.com\/fr\/wp-json\/wp\/v2\/posts\/605139","targetHints":{"allow":["GET"]}}],"collection":[{"href":"https:\/\/www.europesays.com\/fr\/wp-json\/wp\/v2\/posts"}],"about":[{"href":"https:\/\/www.europesays.com\/fr\/wp-json\/wp\/v2\/types\/post"}],"author":[{"embeddable":true,"href":"https:\/\/www.europesays.com\/fr\/wp-json\/wp\/v2\/users\/2"}],"replies":[{"embeddable":true,"href":"https:\/\/www.europesays.com\/fr\/wp-json\/wp\/v2\/comments?post=605139"}],"version-history":[{"count":0,"href":"https:\/\/www.europesays.com\/fr\/wp-json\/wp\/v2\/posts\/605139\/revisions"}],"wp:featuredmedia":[{"embeddable":true,"href":"https:\/\/www.europesays.com\/fr\/wp-json\/wp\/v2\/media\/605140"}],"wp:attachment":[{"href":"https:\/\/www.europesays.com\/fr\/wp-json\/wp\/v2\/media?parent=605139"}],"wp:term":[{"taxonomy":"category","embeddable":true,"href":"https:\/\/www.europesays.com\/fr\/wp-json\/wp\/v2\/categories?post=605139"},{"taxonomy":"post_tag","embeddable":true,"href":"https:\/\/www.europesays.com\/fr\/wp-json\/wp\/v2\/tags?post=605139"}],"curies":[{"name":"wp","href":"https:\/\/api.w.org\/{rel}","templated":true}]}}