{"id":605152,"date":"2025-12-17T12:05:15","date_gmt":"2025-12-17T12:05:15","guid":{"rendered":"https:\/\/www.europesays.com\/fr\/605152\/"},"modified":"2025-12-17T12:05:15","modified_gmt":"2025-12-17T12:05:15","slug":"un-bebe-miracule-des-incendies-de-bus-et-la-demission-dun-maire-refusee-linfo-a-midi-en-ile-de-france","status":"publish","type":"post","link":"https:\/\/www.europesays.com\/fr\/605152\/","title":{"rendered":"Un b\u00e9b\u00e9 miracul\u00e9, des incendies de bus et la d\u00e9mission d&rsquo;un maire refus\u00e9e\u2026 l\u2019info \u00e0 midi en \u00cele-de-France"},"content":{"rendered":"<p>                    Par<br \/>\n        <strong><br \/>\n            <a href=\"https:\/\/actu.fr\/auteur\/redaction-essonne\" title=\"Consulter tous les articles de R\u00e9daction Essonne\" target=\"_blank\" rel=\"noopener\">R\u00e9daction Essonne<\/a><br \/>\n                    <\/strong><\/p>\n<p>        Publi\u00e9 le<\/p>\n<p>            17 d\u00e9c. 2025 \u00e0 12h05        <\/p>\n<p>Il est l\u2019heure de faire le point sur l\u2019actualit\u00e9 de ce mercredi 17\u00a0d\u00e9cembre 2025 en \u00cele-de-France. On commence dans le Val-D\u2019Oise o\u00f9 une femme de 30\u00a0ans s\u2019est suicid\u00e9e mardi en se jetant depuis la fen\u00eatre d\u2019un immeuble \u00e0 <strong>Montmorency<\/strong>. Sa voisine a r\u00e9ussi \u00e0 attraper son b\u00e9b\u00e9 de trois mois avec lequel elle comptait sauter.<\/p>\n<p class=\" wall-content\">Dans l\u2019actualit\u00e9 \u00e9galement, les \u00e9lus de gauche \u00e0 la r\u00e9gion \u00cele-de-France qui demandent l\u2019ouverture d\u2019une enqu\u00eate apr\u00e8s les <strong>incendies spontan\u00e9s de bus<\/strong> qui se sont multipli\u00e9s ces derniers mois dans la r\u00e9gion.<\/p>\n<p class=\" wall-content\">En Seine-et-Marne, la d\u00e9mission du maire de <strong>Chessy<\/strong> et de ses adjoints, pour ne pas c\u00e9l\u00e9brer le mariage d\u2019un homme sous OQTF, a \u00e9t\u00e9 refus\u00e9e par la pr\u00e9fecture.<\/p>\n<p class=\" wall-content\">\u00c0 Paris, les travaux du tunnel pour relier en quelques minutes \u00e0 pied <strong>les gares de l\u2019Est et du Nord<\/strong> avancent. Une fois termin\u00e9s, en 2027, ils permettront de rejoindre les deux gares \u00e0 pied de fa\u00e7on rapide et s\u00e9curis\u00e9e.<\/p>\n<p class=\" wall-content\">Enfin, dans le Val-de-Marne, la mise en service industrielle du futur<strong> incin\u00e9rateur d\u2019Ivry-sur-Seine<\/strong> a \u00e9t\u00e9 repouss\u00e9e de plusieurs mois apr\u00e8s un incident durant la phase de test.<\/p>\n<p>Les cinq infos \u00e0 retenir<\/p>\n<p class=\"expresso-item wall-content\"><strong>Val-d\u2019Oise \u2013<\/strong><a title=\"Lire l&#039;article\" href=\"https:\/\/actu.fr\/ile-de-france\/montmorency_95428\/val-d-oise-une-femme-se-suicide-en-sautant-du-4e-etage-avec-son-bebe-sa-voisine-rattrape-le-nourrisson_63587827.html\" target=\"_blank\" rel=\"noopener\"><strong> Une femme se suicide en sautant du 4\u1d49 \u00e9tage avec son b\u00e9b\u00e9, sa voisine rattrape le nourrisson<\/strong><\/a><br \/>Une femme de 30\u00a0ans, m\u00e8re de cinq enfants, s\u2019est suicid\u00e9e en se jetant depuis la fen\u00eatre de l\u2019appartement de sa voisine \u00e0 Montmorency, mardi 16\u00a0d\u00e9cembre 2025.<\/p>\n<p class=\"expresso-item wall-content\"><strong>\u00cele-de-France \u2013<\/strong><a title=\"Lire l&#039;article\" href=\"https:\/\/actu.fr\/ile-de-france\/paris_75056\/des-incendies-en-pagaille-et-des-bus-vetustes-en-ile-de-france-des-elus-demandent-l-ouverture-d-une-enquete_63580820.html\" target=\"_blank\" rel=\"noopener\"><strong> Des incendies en pagaille et des bus v\u00e9tustes\u2009: des \u00e9lus demandent l\u2019ouverture d\u2019une enqu\u00eate<\/strong><\/a><br \/>Ces derniers mois, les incendies spontan\u00e9s se sont multipli\u00e9s dans les bus en \u00cele-de-France. Les \u00e9lus de gauche \u00e0 la r\u00e9gion demandent l\u2019ouverture d\u2019une mission d\u2019enqu\u00eate.<\/p>\n<p class=\"expresso-item wall-content\"><strong>Seine-et-Marne \u2013\u00a0<\/strong><a title=\"Lire l&#039;article\" href=\"https:\/\/actu.fr\/ile-de-france\/chessy_77111\/mariage-dun-homme-sous-oqtf-la-prefecture-de-seine-et-marne-refuse-la-demission-du-maire-de-chessy_63587590.html\" target=\"_blank\" rel=\"noopener\"><strong>Mariage d\u2019un homme sous OQTF\u2009: la pr\u00e9fecture refuse la d\u00e9mission du maire de Chessy<\/strong><\/a><br \/>La d\u00e9mission du maire de Chessy et de ses adjoints, pour ne pas c\u00e9l\u00e9brer le mariage d\u2019un homme sous OQTF, est refus\u00e9e par la pr\u00e9fecture. Jusqu\u2019o\u00f9 ira ce bras de fer\u2009?<\/p>\n<p class=\"expresso-item wall-content\"><strong>Paris \u2013 <\/strong><a title=\"Lire l&#039;article\" href=\"https:\/\/actu.fr\/ile-de-france\/paris_75056\/a-paris-le-tunnel-pour-relier-en-quelques-minutes-a-pied-les-gares-de-l-est-et-du-nord-avance-bon-train_63585667.html\" target=\"_blank\" rel=\"noopener\"><strong>Le tunnel pour relier en quelques minutes \u00e0 pied les gares de l\u2019Est et du Nord avance bon train<\/strong><\/a><br \/>Les travaux pour creuser la liaison entre les deux gares progressent. Une fois termin\u00e9s, en 2027, ils permettront de rejoindre les deux sites \u00e0 pied de fa\u00e7on rapide et s\u00e9curis\u00e9e.<\/p>\n<p class=\"expresso-item wall-content\"><strong>Val-de-Marne \u2013 <\/strong><a title=\"Lire l&#039;article\" href=\"https:\/\/actu.fr\/ile-de-france\/ivry-sur-seine_94041\/incinerateur-d-ivry-la-mise-en-service-de-la-nouvelle-cheminee-retardee-des-arrets-techniques-annonces_63585082.html\" target=\"_blank\" rel=\"noopener\"><strong>Incin\u00e9rateur d\u2019Ivry\u2009: la mise en service de la nouvelle chemin\u00e9e retard\u00e9e, des arr\u00eats techniques annonc\u00e9s<\/strong><\/a><br \/>La mise en service industrielle du futur incin\u00e9rateur d\u2019Ivry-sur-Seine (Val-de-Marne) a \u00e9t\u00e9 repouss\u00e9e de plusieurs mois apr\u00e8s un incident durant la phase de test.<\/p>\n<p>Suivez-nous pour en savoir plus\u2009!<\/p>\n<p class=\" wall-content wall-content\">Vous voulez plus d\u2019infos sur l\u2019\u00cele-de-France\u2009? Vous pouvez nous retrouver sur actu \u00cele-de-France. Pour nous suivre sur les r\u00e9seaux sociaux, dans vos d\u00e9partements\u2009:<\/p>\n<p class=\" wall-content wall-content\"><strong>Paris<\/strong>\u2009: retrouvez\u00a0actu\u00a0Paris\u00a0sur\u00a0<a href=\"https:\/\/www.facebook.com\/actufr.paris\/\" target=\"_blank\" rel=\"noopener\">Facebook<\/a>\u00a0et\u00a0<a href=\"https:\/\/twitter.com\/actufrparis\" target=\"_blank\" rel=\"noopener\">Twitter<\/a>\u2009;<br \/><strong>Seine-et-Marne<\/strong>\u2009: retrouvez\u00a0La R\u00e9publique de Seine-et-Marne (sud) sur\u00a0<a href=\"https:\/\/www.facebook.com\/RepubliqueSeineMarne\/\" target=\"_blank\" rel=\"noopener\">Facebook<\/a>\u00a0et\u00a0<a href=\"https:\/\/twitter.com\/LaRep77\" target=\"_blank\" rel=\"noopener\">Twitter<\/a>\u2009; La Marne (nord) sur\u00a0<a href=\"https:\/\/www.facebook.com\/journallarmarne\/?__tn__=%2Cd%2CP-R&amp;eid=ARDLZc91LaHbXzDwChLLLQJVMBLx_ABJremTC2-RG0CYvg0f4f8CLvbV5G1Lli4g_6QoXDcKkU1_LX1W\" target=\"_blank\" rel=\"noopener\">Facebook<\/a>\u00a0et\u00a0<a href=\"https:\/\/twitter.com\/JournalLaMarne\" target=\"_blank\" rel=\"noopener\">Twitter<\/a>\u2009; et\u00a0Le Pays Briard\u00a0sur\u00a0<a href=\"https:\/\/www.facebook.com\/LePaysBriard\/?ref=bookmarks\" target=\"_blank\" rel=\"noopener\">Facebook<\/a>\u00a0et\u00a0<a href=\"https:\/\/twitter.com\/LePaysBriard\" target=\"_blank\" rel=\"noopener\">Twitter<\/a>\u2009;<br \/><strong>Yvelines\u2009:<\/strong> retrouvez\u00a078actu\u00a0sur\u00a0<a href=\"https:\/\/www.facebook.com\/78actu\/\" target=\"_blank\" rel=\"noopener\">Facebook<\/a>\u00a0et\u00a0<a href=\"https:\/\/x.com\/78actu\">Twitter<\/a>\u2009;<br \/><strong>Essonne\u2009:<\/strong> retrouvez\u00a0actu Essonne\u00a0sur\u00a0<a href=\"https:\/\/www.facebook.com\/actuessonne\/?ref=br_rs\" target=\"_blank\" rel=\"noopener\">Facebook<\/a>\u00a0et\u00a0<a href=\"https:\/\/twitter.com\/ActuEssonne\" target=\"_blank\" rel=\"noopener\">Twitter<\/a>\u2009;<br \/><strong>Hauts-de-Seine\u2009:<\/strong> retrouvez\u00a0actu\u00a0Hauts-de-Seine\u00a0sur\u00a0<a href=\"https:\/\/www.facebook.com\/actufr.hautsdeseine\/\" target=\"_blank\" rel=\"noopener\">Facebook<\/a>\u00a0et\u00a0<a href=\"https:\/\/twitter.com\/actufr92\" target=\"_blank\" rel=\"noopener\">Twitter<\/a>\u2009;<br \/><strong>Seine-Saint-Denis\u2009:<\/strong> retrouvez actu Seine-Saint-Denis sur\u00a0<a href=\"https:\/\/www.facebook.com\/actufr.seinesaintdenis\/\" target=\"_blank\" rel=\"noopener\">Facebook<\/a>\u00a0et\u00a0<a href=\"https:\/\/x.com\/Actufr93\">Twitter<\/a>\u2009;<br \/><strong>Val-de-Marne\u2009: <\/strong>retrouvez actu Val-de-Marne sur\u00a0<a href=\"https:\/\/www.facebook.com\/actu94.valdemarne\/\" target=\"_blank\" rel=\"noopener\">Facebook<\/a>\u00a0et\u00a0<a href=\"https:\/\/x.com\/actufr94\">Twitter<\/a>\u2009;<br \/><strong>Val-d\u2019Oise\u2009:<\/strong> retrouvez La Gazette du Val-d\u2019Oise sur\u00a0<a href=\"https:\/\/x.com\/actufr94\">Twitter<\/a><\/p>\n<p class=\" wall-content\">Personnalisez votre actualit\u00e9 en ajoutant vos villes et m\u00e9dias en favori avec <a href=\"https:\/\/moncompte.actu.fr\" title=\"D\u00e9couvez Mon Actu\" rel=\"nofollow noopener\" data-trk=\"{&quot;cta&quot;:{&quot;action&quot;:&quot;https:\\\/\\\/moncompte.actu.fr&quot;,&quot;category&quot;:&quot;mon compte&quot;,&quot;from&quot;:&quot;article footer&quot;,&quot;name&quot;:&quot;Mon actu&quot;,&quot;type&quot;:&quot;cta&quot;}}\" target=\"_blank\">Mon Actu<\/a>.<\/p>\n<p>                    <script async src=\"https:\/\/platform.twitter.com\/widgets.js\" charset=\"utf-8\"><\/script><\/p>\n","protected":false},"excerpt":{"rendered":"Par R\u00e9daction Essonne Publi\u00e9 le 17 d\u00e9c. 2025 \u00e0 12h05 Il est l\u2019heure de faire le point sur&hellip;\n","protected":false},"author":2,"featured_media":605153,"comment_status":"","ping_status":"","sticky":false,"template":"","format":"standard","meta":{"footnotes":""},"categories":[1592],"tags":[1111,11,3008,1777,674,1011,27,662,1061,1310,12,626,25,104],"class_list":{"0":"post-605152","1":"post","2":"type-post","3":"status-publish","4":"format-standard","5":"has-post-thumbnail","7":"category-ile-de-france","8":"tag-actu","9":"tag-actualites","10":"tag-dechets","11":"tag-eu","12":"tag-europe","13":"tag-fr","14":"tag-france","15":"tag-ile-de-france","16":"tag-immigration","17":"tag-incendie","18":"tag-news","19":"tag-paris","20":"tag-republique-francaise","21":"tag-societe"},"share_on_mastodon":{"url":"https:\/\/pubeurope.com\/@fr\/115734821260400488","error":""},"_links":{"self":[{"href":"https:\/\/www.europesays.com\/fr\/wp-json\/wp\/v2\/posts\/605152","targetHints":{"allow":["GET"]}}],"collection":[{"href":"https:\/\/www.europesays.com\/fr\/wp-json\/wp\/v2\/posts"}],"about":[{"href":"https:\/\/www.europesays.com\/fr\/wp-json\/wp\/v2\/types\/post"}],"author":[{"embeddable":true,"href":"https:\/\/www.europesays.com\/fr\/wp-json\/wp\/v2\/users\/2"}],"replies":[{"embeddable":true,"href":"https:\/\/www.europesays.com\/fr\/wp-json\/wp\/v2\/comments?post=605152"}],"version-history":[{"count":0,"href":"https:\/\/www.europesays.com\/fr\/wp-json\/wp\/v2\/posts\/605152\/revisions"}],"wp:featuredmedia":[{"embeddable":true,"href":"https:\/\/www.europesays.com\/fr\/wp-json\/wp\/v2\/media\/605153"}],"wp:attachment":[{"href":"https:\/\/www.europesays.com\/fr\/wp-json\/wp\/v2\/media?parent=605152"}],"wp:term":[{"taxonomy":"category","embeddable":true,"href":"https:\/\/www.europesays.com\/fr\/wp-json\/wp\/v2\/categories?post=605152"},{"taxonomy":"post_tag","embeddable":true,"href":"https:\/\/www.europesays.com\/fr\/wp-json\/wp\/v2\/tags?post=605152"}],"curies":[{"name":"wp","href":"https:\/\/api.w.org\/{rel}","templated":true}]}}