{"id":605154,"date":"2025-12-17T12:06:15","date_gmt":"2025-12-17T12:06:15","guid":{"rendered":"https:\/\/www.europesays.com\/fr\/605154\/"},"modified":"2025-12-17T12:06:15","modified_gmt":"2025-12-17T12:06:15","slug":"paris-nice-le-parcours-devoile","status":"publish","type":"post","link":"https:\/\/www.europesays.com\/fr\/605154\/","title":{"rendered":"Paris-Nice : le parcours d\u00e9voil\u00e9"},"content":{"rendered":"<p>\n    La Course au soleil a, ce mercredi, r\u00e9v\u00e9l\u00e9 le parcours de la 84e \u00e9dition qui s\u2019\u00e9lancera des Yvelines, \u00e0 Ach\u00e8res.<\/p>\n<p class=\"fig-paragraph\">Le parcours de Paris-Nice 2026 a \u00e9t\u00e9 d\u00e9voil\u00e9 ce mercredi \u00e0 Versailles, \u00e0 moins de trois mois du d\u00e9part de la 84e \u00e9dition de la Course au Soleil dans le d\u00e9partement des Yvelines. Le peloton s\u2019\u00e9lancera dimanche 8 mars depuis Ach\u00e8res, ville in\u00e9dite sur l\u2019\u00e9preuve, et ralliera Nice une semaine plus tard.<\/p>\n<p class=\"fig-paragraph\">Les habitudes seront bouscul\u00e9es lors du dernier week-end, en raison des \u00e9lections municipales. La Promenade des Anglais accueillera le d\u00e9part de la 7e \u00e9tape, samedi 14 mars, et le vainqueur sera consacr\u00e9 le lendemain au stade Riviera.<\/p>\n<p>                                            <a class=\"fig-a11y-skip\" href=\"#fig-a11y-skip-main-inarticle\" data-module=\"a11y-skip\" data-context=\"was @visible\"><br \/>\n    Passer la publicit\u00e9<br \/>\n<\/a>            <\/p>\n<p class=\"fig-paragraph\">En plus des 18 formations World Tour et des trois ProTeams les mieux class\u00e9es (Cofidis, Pinarello-Q36.5 Pro Cycling Team et Tudor Pro Cycling Team), les organisateurs ont invit\u00e9 la formation TotalEnergies.<\/p>\n<p class=\"fig-paragraph\">Pour succ\u00e9der \u00e0 Matteo Jorgenson, les candidats pourraient se nommer Simon Yates, Joao Almeida, Juan Ayuso, Cian Uijtdebroeks, Mattias Skjelmose ou, du c\u00f4t\u00e9 des Fran\u00e7ais,\u00a0<a href=\"http:\/\/www.lefigaro.fr\/sports\/cyclisme\/cyclisme-kevin-vauquelin-s-engage-chez-ineos-grenadiers-pour-trois-ans-20251010\" data-fig-type=\"NewsFlash\" data-gtm-custom-categorie=\"navigation\" data-gtm-custom-action=\"crossclick\" data-gtm-custom-label=\"Contextuel\" data-gtm-event=\"customEventSPE\" data-fig-domain=\"LEFIGARO\" target=\"_blank\" rel=\"noopener\">K\u00e9vin Vauqueli<\/a>n, Lenny Martinez et David Gaudu.<strong>\u00a0<\/strong><\/p>\n","protected":false},"excerpt":{"rendered":"La Course au soleil a, ce mercredi, r\u00e9v\u00e9l\u00e9 le parcours de la 84e \u00e9dition qui s\u2019\u00e9lancera des Yvelines,&hellip;\n","protected":false},"author":2,"featured_media":605155,"comment_status":"","ping_status":"","sticky":false,"template":"","format":"standard","meta":{"footnotes":""},"categories":[1888],"tags":[1111,1928,1141,11,1927,1142,207,1143,1777,674,1011,27,12,1926,626,1925,25,1140,1139,210],"class_list":{"0":"post-605154","1":"post","2":"type-post","3":"status-publish","4":"format-standard","5":"has-post-thumbnail","7":"category-paris","8":"tag-actu","9":"tag-actu-paris","10":"tag-actualite-cyclisme","11":"tag-actualites","12":"tag-actualites-paris","13":"tag-competition-cyclisme","14":"tag-cyclisme","15":"tag-cyclisme-actu","16":"tag-eu","17":"tag-europe","18":"tag-fr","19":"tag-france","20":"tag-news","21":"tag-news-paris","22":"tag-paris","23":"tag-paris-news","24":"tag-republique-francaise","25":"tag-tour-despagne","26":"tag-tour-ditalie","27":"tag-tour-de-france"},"share_on_mastodon":{"url":"https:\/\/pubeurope.com\/@fr\/115734825316433783","error":""},"_links":{"self":[{"href":"https:\/\/www.europesays.com\/fr\/wp-json\/wp\/v2\/posts\/605154","targetHints":{"allow":["GET"]}}],"collection":[{"href":"https:\/\/www.europesays.com\/fr\/wp-json\/wp\/v2\/posts"}],"about":[{"href":"https:\/\/www.europesays.com\/fr\/wp-json\/wp\/v2\/types\/post"}],"author":[{"embeddable":true,"href":"https:\/\/www.europesays.com\/fr\/wp-json\/wp\/v2\/users\/2"}],"replies":[{"embeddable":true,"href":"https:\/\/www.europesays.com\/fr\/wp-json\/wp\/v2\/comments?post=605154"}],"version-history":[{"count":0,"href":"https:\/\/www.europesays.com\/fr\/wp-json\/wp\/v2\/posts\/605154\/revisions"}],"wp:featuredmedia":[{"embeddable":true,"href":"https:\/\/www.europesays.com\/fr\/wp-json\/wp\/v2\/media\/605155"}],"wp:attachment":[{"href":"https:\/\/www.europesays.com\/fr\/wp-json\/wp\/v2\/media?parent=605154"}],"wp:term":[{"taxonomy":"category","embeddable":true,"href":"https:\/\/www.europesays.com\/fr\/wp-json\/wp\/v2\/categories?post=605154"},{"taxonomy":"post_tag","embeddable":true,"href":"https:\/\/www.europesays.com\/fr\/wp-json\/wp\/v2\/tags?post=605154"}],"curies":[{"name":"wp","href":"https:\/\/api.w.org\/{rel}","templated":true}]}}