{"id":605160,"date":"2025-12-17T12:09:17","date_gmt":"2025-12-17T12:09:17","guid":{"rendered":"https:\/\/www.europesays.com\/fr\/605160\/"},"modified":"2025-12-17T12:09:17","modified_gmt":"2025-12-17T12:09:17","slug":"a-paris-les-decharges-des-directeurs-decole-finalement-maintenues-a-la-rentree-2026-liberation","status":"publish","type":"post","link":"https:\/\/www.europesays.com\/fr\/605160\/","title":{"rendered":"A Paris, les d\u00e9charges des directeurs d\u2019\u00e9cole finalement maintenues \u00e0 la rentr\u00e9e\u00a02026 \u2013 Lib\u00e9ration"},"content":{"rendered":"<p class=\"sc-cPiKLX AiZTS text-element\">Les syndicats du premier degr\u00e9 public parisien peuvent \u00eatre soulag\u00e9s, du moins sur un point. Le ministre de l\u2019Education \u00c9douard Geffray \u00abs\u2019engage\u00bb au \u00abmaintien\u00bb <a href=\"https:\/\/www.liberation.fr\/societe\/education\/a-paris-une-nouvelle-greve-dans-les-ecoles-pour-defendre-le-role-cle-des-directeurs-20250311_6MS2ZZ4H6JEKXH6RIJJDQHOZ2Q\/\" target=\"_blank\" rel=\"noreferrer noopener\" title=\"https:\/\/www.liberation.fr\/societe\/education\/a-paris-une-nouvelle-greve-dans-les-ecoles-pour-defendre-le-role-cle-des-directeurs-20250311_6MS2ZZ4H6JEKXH6RIJJDQHOZ2Q\/\">du dispositif de d\u00e9charges des directeurs d\u2019\u00e9cole \u00e0 Paris<\/a> \u00ab\u00e0 la prochaine rentr\u00e9e\u00bb, a annonc\u00e9 l\u2019acad\u00e9mie de Paris, alors que le Conseil de Paris se penche sur le dossier ce mercredi 17\u00a0d\u00e9cembre.<\/p>\n<p class=\"sc-cPiKLX AiZTS text-element\">Un d\u00e9cret en ce sens sera publi\u00e9 d\u2019ici au mois de septembre, \u00abafin de donner une base juridique p\u00e9renne\u00bb \u00e0 ce dispositif particulier \u00e0 la capitale, pr\u00e9cise l\u2019acad\u00e9mie dans un communiqu\u00e9 diffus\u00e9 sur X mardi soir.<\/p>\n<p class=\"sc-cPiKLX AiZTS text-element\">A Paris, depuis\u00a01982, les directeurs d\u2019\u00e9cole sont d\u00e9charg\u00e9s de leur service d\u2019enseignement d\u00e8s que leur \u00e9tablissement comprend plus de cinq classes, au lieu de treize dans le reste du pays. Ils peuvent ainsi se consacrer enti\u00e8rement \u00e0 leur t\u00e2che de direction. Le minist\u00e8re <a href=\"https:\/\/www.liberation.fr\/societe\/education\/cela-fait-des-annees-que-lecole-publique-est-menacee-a-paris-contre-la-suppression-de-leur-decharge-directeurs-et-directrices-ne-desarment-pas-20250604_DJNUOS7IOFDWHLF3RRCHEX3NRE\/\" target=\"_blank\" rel=\"noopener\" title=\"https:\/\/www.liberation.fr\/societe\/education\/cela-fait-des-annees-que-lecole-publique-est-menacee-a-paris-contre-la-suppression-de-leur-decharge-directeurs-et-directrices-ne-desarment-pas-20250604_DJNUOS7IOFDWHLF3RRCHEX3NRE\/\">avait annonc\u00e9 la fin de ce r\u00e9gime d\u00e9rogatoire<\/a>, la mairie de Paris ayant cess\u00e9 en\u00a02019 de verser \u00e0 l\u2019Etat les versements compensatoires dus.<\/p>\n<p class=\"sc-cPiKLX AiZTS text-element\">L\u2019ex-ministre de l\u2019Education \u00c9lisabeth Borne avait justifi\u00e9 la fin \u00e0 ce dispositif en soulignant qu\u2019il n\u2019\u00e9tait pas \u00abconforme \u00e0 la r\u00e9glementation\u00bb. Elle avait mis en avant des recommandations de la Cour des comptes.<\/p>\n<p class=\"sc-cPiKLX AiZTS text-element\">Mais au mois de mars, un mouvement de gr\u00e8ve avait abouti \u00e0 un moratoire sur la fin des d\u00e9charges, <a href=\"https:\/\/www.liberation.fr\/societe\/education\/elisabeth-borne-temporise-sur-la-suppression-des-decharges-de-direction-dans-les-ecoles-parisiennes-20250318_R6GPUFUBPFFB3HWL5KVBKPNY4A\/\" target=\"_blank\" rel=\"noreferrer noopener\" title=\"https:\/\/www.liberation.fr\/societe\/education\/elisabeth-borne-temporise-sur-la-suppression-des-decharges-de-direction-dans-les-ecoles-parisiennes-20250318_R6GPUFUBPFFB3HWL5KVBKPNY4A\/\">le temps de mener des concertations sur le sujet<\/a>. D\u00e9but juin, l\u2019association des directeurs d\u2019\u00e9cole de Paris et la FCPE s\u2019\u00e9taient de nouveau mobilis\u00e9s.<\/p>\n<p class=\"sc-cPiKLX AiZTS text-element\">Selon l\u2019acad\u00e9mie, une convention pourra \u00ab\u00eatre sign\u00e9e avec la Ville de Paris\u00bb, et une \u00abn\u00e9gociation pr\u00e9alable\u00bb devra \u00abr\u00e9gler la compensation financi\u00e8re, par la Ville, de ce dispositif particulier\u00bb, dont le \u00abco\u00fbt de 24\u00a0millions d\u2019euros annuels\u00bb a \u00e9t\u00e9 \u00absupport\u00e9 uniquement par l\u2019Etat\u00bb depuis\u00a02019. Ce co\u00fbt s\u2019\u00e9tait \u00e9lev\u00e9 pour l\u2019Etat \u00e0 environ 116\u00a0millions d\u2019euros depuis\u00a02019, selon la Cour des comptes.<\/p>\n<p class=\"sc-cPiKLX AiZTS text-element\">Le projet de d\u00e9cret a \u00e9t\u00e9 examin\u00e9 mardi par une instance consultative du minist\u00e8re de l\u2019Education et doit \u00eatre examin\u00e9 ce mercredi par le Conseil de Paris.<\/p>\n","protected":false},"excerpt":{"rendered":"Les syndicats du premier degr\u00e9 public parisien peuvent \u00eatre soulag\u00e9s, du moins sur un point. Le ministre de&hellip;\n","protected":false},"author":2,"featured_media":605161,"comment_status":"","ping_status":"","sticky":false,"template":"","format":"standard","meta":{"footnotes":""},"categories":[1888],"tags":[11,1122,1777,674,1011,27,28275,12,626,25],"class_list":{"0":"post-605160","1":"post","2":"type-post","3":"status-publish","4":"format-standard","5":"has-post-thumbnail","7":"category-paris","8":"tag-actualites","9":"tag-ecole","10":"tag-eu","11":"tag-europe","12":"tag-fr","13":"tag-france","14":"tag-ministere-de-l-education-nationale","15":"tag-news","16":"tag-paris","17":"tag-republique-francaise"},"share_on_mastodon":{"url":"https:\/\/pubeurope.com\/@fr\/115734836989883823","error":""},"_links":{"self":[{"href":"https:\/\/www.europesays.com\/fr\/wp-json\/wp\/v2\/posts\/605160","targetHints":{"allow":["GET"]}}],"collection":[{"href":"https:\/\/www.europesays.com\/fr\/wp-json\/wp\/v2\/posts"}],"about":[{"href":"https:\/\/www.europesays.com\/fr\/wp-json\/wp\/v2\/types\/post"}],"author":[{"embeddable":true,"href":"https:\/\/www.europesays.com\/fr\/wp-json\/wp\/v2\/users\/2"}],"replies":[{"embeddable":true,"href":"https:\/\/www.europesays.com\/fr\/wp-json\/wp\/v2\/comments?post=605160"}],"version-history":[{"count":0,"href":"https:\/\/www.europesays.com\/fr\/wp-json\/wp\/v2\/posts\/605160\/revisions"}],"wp:featuredmedia":[{"embeddable":true,"href":"https:\/\/www.europesays.com\/fr\/wp-json\/wp\/v2\/media\/605161"}],"wp:attachment":[{"href":"https:\/\/www.europesays.com\/fr\/wp-json\/wp\/v2\/media?parent=605160"}],"wp:term":[{"taxonomy":"category","embeddable":true,"href":"https:\/\/www.europesays.com\/fr\/wp-json\/wp\/v2\/categories?post=605160"},{"taxonomy":"post_tag","embeddable":true,"href":"https:\/\/www.europesays.com\/fr\/wp-json\/wp\/v2\/tags?post=605160"}],"curies":[{"name":"wp","href":"https:\/\/api.w.org\/{rel}","templated":true}]}}