{"id":605162,"date":"2025-12-17T12:10:14","date_gmt":"2025-12-17T12:10:14","guid":{"rendered":"https:\/\/www.europesays.com\/fr\/605162\/"},"modified":"2025-12-17T12:10:14","modified_gmt":"2025-12-17T12:10:14","slug":"le-parlement-europeen-approuve-definitivement-la-sortie-du-gaz-russe-a-lautomne-2027","status":"publish","type":"post","link":"https:\/\/www.europesays.com\/fr\/605162\/","title":{"rendered":"le Parlement europ\u00e9en approuve d\u00e9finitivement la sortie du gaz russe \u00e0 l&rsquo;automne 2027"},"content":{"rendered":"<p>Le texte doit maintenant obtenir un ultime feu vert des \u00c9tats membres \u00e0 la majorit\u00e9 qualifi\u00e9e.<\/p>\n<p>Les eurod\u00e9put\u00e9s ont adopt\u00e9 d\u00e9finitivement mercredi <a href=\"https:\/\/www.bfmtv.com\/economie\/economie-social\/union-europeenne\/un-accord-a-ete-trouve-au-sein-de-l-ue-interdire-le-gaz-russe-a-l-automne-2027_AD-202512030130.html\" title=\"Un accord a \u00e9t\u00e9 trouv\u00e9 au sein de l&#039;UE pour interdire le gaz russe \u00e0 l&#039;automne 2027\" class=\"internal_link\" target=\"_blank\" rel=\"noopener\">l&rsquo;interdiction de toutes les importations de gaz russe dans l&rsquo;Union europ\u00e9enne \u00e0 l&rsquo;automne 2027<\/a> au plus tard, dans le but de priver la Russie de ressources finan\u00e7ant sa guerre en Ukraine. Le Parlement europ\u00e9en a approuv\u00e9 \u00e0 une large majorit\u00e9 ce texte, qui doit encore obtenir un ultime feu vert des \u00c9tats membres \u00e0 la majorit\u00e9 qualifi\u00e9e &#8211; normalement une formalit\u00e9.<\/p>\n<blockquote class=\"embed embed_quote\"><p>\u00ab\u00a0Sortir du gaz russe est une grande r\u00e9ussite pour l&rsquo;Union europ\u00e9enne. Un geste v\u00e9ritablement historique\u00a0\u00bb, s&rsquo;est f\u00e9licit\u00e9e mardi la rapporteure du texte, Inese Vaidere.<\/p><\/blockquote>\n<p>\u00ab\u00a0Depuis que la guerre \u00e0 grande \u00e9chelle a commenc\u00e9 (en f\u00e9vrier 2022, ndlr), l&rsquo;Union europ\u00e9enne a pay\u00e9 plus de 216 milliards d&rsquo;euros pour de l&rsquo;\u00e9nergie fossile russe. Nous payons encore pr\u00e8s de 40 millions d&rsquo;euros par jour (\u00e0 la Russie) et finan\u00e7ons toujours les massacres en Ukraine\u00a0\u00bb, a d\u00e9clar\u00e9 l&rsquo;\u00e9lue (Parti populaire europ\u00e9en, droite) lettone.<\/p>\n<p>P\u00e9nalit\u00e9s<\/p>\n<p>Le texte pr\u00e9voit une interdiction progressive d&rsquo;acheter du gaz russe, qui s&rsquo;appliquera au plus tard le 1er novembre 2027 pour des contrats d&rsquo;achat de long terme &#8211; les plus sensibles car ils courent parfois sur des dizaines d&rsquo;ann\u00e9es. Des p\u00e9nalit\u00e9s financi\u00e8res pourront \u00eatre impos\u00e9es aux entreprises qui contourneront l&rsquo;interdiction. En revanche, l&rsquo;accord ne pr\u00e9voit pas d&rsquo;interdire totalement les achats de p\u00e9trole et de combustible nucl\u00e9aire russes, auxquels ont encore recours plusieurs \u00c9tats europ\u00e9ens.<\/p>\n<p>La Commission europ\u00e9enne a opt\u00e9 pour une proposition l\u00e9gislative plut\u00f4t que des sanctions, car elle peut \u00eatre adopt\u00e9e \u00e0 la majorit\u00e9 qualifi\u00e9e des \u00c9tats membres plut\u00f4t qu&rsquo;\u00e0 l&rsquo;unanimit\u00e9. Le but est de contourner un veto de la Hongrie et de la Slovaquie, deux pays consid\u00e9r\u00e9s comme proches de Moscou et fermement oppos\u00e9s \u00e0 ces mesures.<\/p>\n<p><a href=\"https:\/\/www.bfmtv.com\/economie\/international\/l-ue-veut-totalement-se-sevrer-d-hydrocarbures-russes-en-2027-mais-la-hongrie-assure-qu-elle-continuera-a-acheter-du-gaz-et-du-petrole-a-moscou_AD-202511280588.html\" title=\"L&#039;UE veut totalement se sevrer d&#039;hydrocarbures russes en 2027 mais la Hongrie assure qu&#039;elle continuera \u00e0 acheter du gaz et du p\u00e9trole \u00e0 Moscou\" class=\"internal_link\" target=\"_blank\" rel=\"noopener\">Le Premier ministre hongrois Viktor Orban<\/a> a d&rsquo;ailleurs promis de contester le plan en justice. Dans l&rsquo;h\u00e9micycle, l&rsquo;eurod\u00e9put\u00e9 d&rsquo;extr\u00eame droite (Patriotes) Thierry Mariani, r\u00e9put\u00e9 prorusse, a fustig\u00e9 mardi une \u00ab\u00a0rupture historique\u00a0\u00bb, \u00ab\u00a0impos\u00e9e (&#8230;) sans unanimit\u00e9, et au prix de risques juridiques majeurs pour les \u00c9tats et les entreprises\u00a0\u00bb.<\/p>\n","protected":false},"excerpt":{"rendered":"Le texte doit maintenant obtenir un ultime feu vert des \u00c9tats membres \u00e0 la majorit\u00e9 qualifi\u00e9e. Les eurod\u00e9put\u00e9s&hellip;\n","protected":false},"author":2,"featured_media":605163,"comment_status":"","ping_status":"","sticky":false,"template":"","format":"standard","meta":{"footnotes":""},"categories":[1591],"tags":[11,1887,12,1885,1886,132],"class_list":{"0":"post-605162","1":"post","2":"type-post","3":"status-publish","4":"format-standard","5":"has-post-thumbnail","7":"category-russie","8":"tag-actualites","9":"tag-federation-de-russie","10":"tag-news","11":"tag-russia","12":"tag-russian-federation","13":"tag-russie"},"share_on_mastodon":{"url":"https:\/\/pubeurope.com\/@fr\/115734841028402846","error":""},"_links":{"self":[{"href":"https:\/\/www.europesays.com\/fr\/wp-json\/wp\/v2\/posts\/605162","targetHints":{"allow":["GET"]}}],"collection":[{"href":"https:\/\/www.europesays.com\/fr\/wp-json\/wp\/v2\/posts"}],"about":[{"href":"https:\/\/www.europesays.com\/fr\/wp-json\/wp\/v2\/types\/post"}],"author":[{"embeddable":true,"href":"https:\/\/www.europesays.com\/fr\/wp-json\/wp\/v2\/users\/2"}],"replies":[{"embeddable":true,"href":"https:\/\/www.europesays.com\/fr\/wp-json\/wp\/v2\/comments?post=605162"}],"version-history":[{"count":0,"href":"https:\/\/www.europesays.com\/fr\/wp-json\/wp\/v2\/posts\/605162\/revisions"}],"wp:featuredmedia":[{"embeddable":true,"href":"https:\/\/www.europesays.com\/fr\/wp-json\/wp\/v2\/media\/605163"}],"wp:attachment":[{"href":"https:\/\/www.europesays.com\/fr\/wp-json\/wp\/v2\/media?parent=605162"}],"wp:term":[{"taxonomy":"category","embeddable":true,"href":"https:\/\/www.europesays.com\/fr\/wp-json\/wp\/v2\/categories?post=605162"},{"taxonomy":"post_tag","embeddable":true,"href":"https:\/\/www.europesays.com\/fr\/wp-json\/wp\/v2\/tags?post=605162"}],"curies":[{"name":"wp","href":"https:\/\/api.w.org\/{rel}","templated":true}]}}