{"id":605168,"date":"2025-12-17T12:13:14","date_gmt":"2025-12-17T12:13:14","guid":{"rendered":"https:\/\/www.europesays.com\/fr\/605168\/"},"modified":"2025-12-17T12:13:14","modified_gmt":"2025-12-17T12:13:14","slug":"le-retour-du-royaume-uni-dans-le-programme-erasmus-est-un-grand-pas-en-avant-estime-lue","status":"publish","type":"post","link":"https:\/\/www.europesays.com\/fr\/605168\/","title":{"rendered":"Le retour du Royaume-Uni dans le programme Erasmus est \u00ab\u00a0un grand pas en avant\u00a0\u00bb, estime l\u2019UE"},"content":{"rendered":"<p>Un retour en arri\u00e8re mais un \u00ab\u00a0pas en avant\u00a0\u00bb. Le retour du <a href=\"https:\/\/www.20minutes.fr\/monde\/royaume-uni\/\" class=\"c-link c-link--is-underlined\" target=\"_blank\" rel=\"noopener\">Royaume-Uni<\/a> dans le programme <a href=\"https:\/\/www.20minutes.fr\/dossier\/erasmus\" class=\"c-link c-link--is-underlined\" target=\"_blank\" rel=\"noopener\">Erasmus<\/a>, cinq ans apr\u00e8s le <a href=\"https:\/\/www.20minutes.fr\/monde\/brexit\/\" class=\"c-link c-link--is-underlined\" target=\"_blank\" rel=\"noopener\">Brexit<\/a>, est salu\u00e9 par les responsables europ\u00e9ens. A partir de\u00a02027, les \u00e9tudiants anglais pourront \u00e0 nouveau participer au programme europ\u00e9en d\u2019\u00e9changes universitaires.<\/p>\n<p>\u00ab\u00a0L\u2019adh\u00e9sion \u00e0 Erasmus +\u00a0est une victoire majeure pour nos jeunes, en levant les obstacles et en \u00e9largissant les horizons afin que chacun, quelle que soit son origine, ait la possibilit\u00e9 d\u2019\u00e9tudier et de se former \u00e0 l\u2019\u00e9tranger\u00a0\u00bb, a d\u00e9clar\u00e9 le ministre britannique des relations avec l\u2019Union europ\u00e9enne, Nick Thomas-Symonds, dans un communiqu\u00e9 publi\u00e9 mercredi.<\/p>\n<p>Rapprochement avec l\u2019UE<\/p>\n<p>Ce retour \u00ab\u00a0ouvre la voie \u00e0 de nouvelles exp\u00e9riences partag\u00e9es et \u00e0 des amiti\u00e9s durables\u00a0\u00bb \u00e0 tous les \u00e9tudiants qui pourront b\u00e9n\u00e9ficier de cette extension du programme, a soulign\u00e9 sur X la pr\u00e9sidente de l\u2019ex\u00e9cutif europ\u00e9en <a href=\"https:\/\/www.20minutes.fr\/politique\/ursula-von-der-leyen\/\" class=\"c-link c-link--is-underlined\" target=\"_blank\" rel=\"noopener\">Ursula von\u00a0der\u00a0Leyen<\/a>, tandis que le commissaire au Commerce, Maros Sefcovic, a salu\u00e9 \u00ab\u00a0un grand pas en avant\u00a0\u00bb pour les relations entre l\u2019UE et le Royaume-Uni.<\/p>\n<\/p>\n<p>L\u2019accord s\u2019inscrit dans le cadre de la relance des relations avec l\u2019UE entreprise par le Premier ministre travailliste <a href=\"https:\/\/www.20minutes.fr\/monde\/keir-starmer\/\" class=\"c-link c-link--is-underlined\" target=\"_blank\" rel=\"noopener\">Keir Starmer<\/a> depuis son arriv\u00e9e au pouvoir en juillet\u00a02024, apr\u00e8s des ann\u00e9es de tensions entre les 27 et les pr\u00e9c\u00e9dents gouvernements conservateurs li\u00e9es au Brexit. En mai, Londres et Bruxelles avaient conclu un \u00ab\u00a0<a href=\"https:\/\/www.20minutes.fr\/economie\/4154304-20250519-contient-nouvel-accord-partenariat-entre-ue-royaume-uni\" class=\"c-link c-link--is-underlined\" target=\"_blank\" rel=\"noopener\">nouveau partenariat strat\u00e9gique<\/a>\u00a0\u00bb pour resserrer les liens, lors d\u2019un sommet in\u00e9dit.<\/p>\n","protected":false},"excerpt":{"rendered":"Un retour en arri\u00e8re mais un \u00ab\u00a0pas en avant\u00a0\u00bb. Le retour du Royaume-Uni dans le programme Erasmus, cinq&hellip;\n","protected":false},"author":2,"featured_media":605169,"comment_status":"","ping_status":"","sticky":false,"template":"","format":"standard","meta":{"footnotes":""},"categories":[1588],"tags":[47,11,1353,8273,1777,674,4534,74,12,473,1853,1851,555,1850,1852,2544],"class_list":{"0":"post-605168","1":"post","2":"type-post","3":"status-publish","4":"format-standard","5":"has-post-thumbnail","7":"category-royaume-uni","8":"tag-actualite","9":"tag-actualites","10":"tag-brexit","11":"tag-erasmus","12":"tag-eu","13":"tag-europe","14":"tag-londres","15":"tag-monde","16":"tag-news","17":"tag-royaume-uni","18":"tag-royaume-uni-de-grande-bretagne-et-dirlande-du-nord","19":"tag-uk","20":"tag-union-europeenne-ue","21":"tag-united-kingdom","22":"tag-united-kingdom-of-great-britain-and-northern-ireland","23":"tag-ursula-von-der-leyen"},"share_on_mastodon":{"url":"https:\/\/pubeurope.com\/@fr\/115734852739224107","error":""},"_links":{"self":[{"href":"https:\/\/www.europesays.com\/fr\/wp-json\/wp\/v2\/posts\/605168","targetHints":{"allow":["GET"]}}],"collection":[{"href":"https:\/\/www.europesays.com\/fr\/wp-json\/wp\/v2\/posts"}],"about":[{"href":"https:\/\/www.europesays.com\/fr\/wp-json\/wp\/v2\/types\/post"}],"author":[{"embeddable":true,"href":"https:\/\/www.europesays.com\/fr\/wp-json\/wp\/v2\/users\/2"}],"replies":[{"embeddable":true,"href":"https:\/\/www.europesays.com\/fr\/wp-json\/wp\/v2\/comments?post=605168"}],"version-history":[{"count":0,"href":"https:\/\/www.europesays.com\/fr\/wp-json\/wp\/v2\/posts\/605168\/revisions"}],"wp:featuredmedia":[{"embeddable":true,"href":"https:\/\/www.europesays.com\/fr\/wp-json\/wp\/v2\/media\/605169"}],"wp:attachment":[{"href":"https:\/\/www.europesays.com\/fr\/wp-json\/wp\/v2\/media?parent=605168"}],"wp:term":[{"taxonomy":"category","embeddable":true,"href":"https:\/\/www.europesays.com\/fr\/wp-json\/wp\/v2\/categories?post=605168"},{"taxonomy":"post_tag","embeddable":true,"href":"https:\/\/www.europesays.com\/fr\/wp-json\/wp\/v2\/tags?post=605168"}],"curies":[{"name":"wp","href":"https:\/\/api.w.org\/{rel}","templated":true}]}}