{"id":60517,"date":"2025-04-29T00:17:14","date_gmt":"2025-04-29T00:17:14","guid":{"rendered":"https:\/\/www.europesays.com\/fr\/60517\/"},"modified":"2025-04-29T00:17:14","modified_gmt":"2025-04-29T00:17:14","slug":"mille-choeurs-pour-un-regard-le-16-mai-a-firminy-concert-spectacle-theatre-concert-musique","status":"publish","type":"post","link":"https:\/\/www.europesays.com\/fr\/60517\/","title":{"rendered":"Mille Choeurs pour un regard le 16 mai \u00e0 Firminy &#8211; Concert &#8211; Spectacle &#8211; Th\u00e9\u00e2tre &#8211; &#8211; Concert &#8211; Musique"},"content":{"rendered":"<p>Un concert est donn\u00e9 au profit de l&rsquo;Association Retina France (association de soutien \u00e0 la recherche en ophtalmologie) le vendredi 16 mai \u00e0 20h au Majestic \u00e0 Firminy.<\/p>\n<p>Plusieurs chorales participent \u00e0 ce concert caritatif: La Marilou de Pont sur Lignon, l&rsquo;Ensemble Vocal d&rsquo;Aurec et Si l&rsquo;on chantait d&rsquo;Unieux sous la direction d&rsquo;un seul chef de choeur, Kevin Paillet.<\/p>\n","protected":false},"excerpt":{"rendered":"Un concert est donn\u00e9 au profit de l&rsquo;Association Retina France (association de soutien \u00e0 la recherche en ophtalmologie)&hellip;\n","protected":false},"author":2,"featured_media":60518,"comment_status":"","ping_status":"","sticky":false,"template":"","format":"standard","meta":{"footnotes":""},"categories":[9653],"tags":[15749,1111,11,2063,6733,2430,1697,15753,1777,674,2087,1011,27,326,4002,15750,1393,15752,12,25,4001,1669,15751],"class_list":{"0":"post-60517","1":"post","2":"type-post","3":"status-publish","4":"format-standard","5":"has-post-thumbnail","7":"category-saint-etienne","8":"tag-15749","9":"tag-actu","10":"tag-actualites","11":"tag-annonces","12":"tag-auvergne","13":"tag-auvergne-rhone-alpes","14":"tag-concert","15":"tag-divertissements","16":"tag-eu","17":"tag-europe","18":"tag-evenement","19":"tag-fr","20":"tag-france","21":"tag-gratuit","22":"tag-haute-loire","23":"tag-le-puy","24":"tag-loisirs","25":"tag-monistrol","26":"tag-news","27":"tag-republique-francaise","28":"tag-saint-etienne","29":"tag-sorties","30":"tag-yssingeaux"},"share_on_mastodon":{"url":"https:\/\/pubeurope.com\/@fr\/114418381233649361","error":""},"_links":{"self":[{"href":"https:\/\/www.europesays.com\/fr\/wp-json\/wp\/v2\/posts\/60517","targetHints":{"allow":["GET"]}}],"collection":[{"href":"https:\/\/www.europesays.com\/fr\/wp-json\/wp\/v2\/posts"}],"about":[{"href":"https:\/\/www.europesays.com\/fr\/wp-json\/wp\/v2\/types\/post"}],"author":[{"embeddable":true,"href":"https:\/\/www.europesays.com\/fr\/wp-json\/wp\/v2\/users\/2"}],"replies":[{"embeddable":true,"href":"https:\/\/www.europesays.com\/fr\/wp-json\/wp\/v2\/comments?post=60517"}],"version-history":[{"count":0,"href":"https:\/\/www.europesays.com\/fr\/wp-json\/wp\/v2\/posts\/60517\/revisions"}],"wp:featuredmedia":[{"embeddable":true,"href":"https:\/\/www.europesays.com\/fr\/wp-json\/wp\/v2\/media\/60518"}],"wp:attachment":[{"href":"https:\/\/www.europesays.com\/fr\/wp-json\/wp\/v2\/media?parent=60517"}],"wp:term":[{"taxonomy":"category","embeddable":true,"href":"https:\/\/www.europesays.com\/fr\/wp-json\/wp\/v2\/categories?post=60517"},{"taxonomy":"post_tag","embeddable":true,"href":"https:\/\/www.europesays.com\/fr\/wp-json\/wp\/v2\/tags?post=60517"}],"curies":[{"name":"wp","href":"https:\/\/api.w.org\/{rel}","templated":true}]}}