{"id":605177,"date":"2025-12-17T12:18:33","date_gmt":"2025-12-17T12:18:33","guid":{"rendered":"https:\/\/www.europesays.com\/fr\/605177\/"},"modified":"2025-12-17T12:18:33","modified_gmt":"2025-12-17T12:18:33","slug":"plusieurs-blocages-dans-le-centre-ouest-notre-but-est-daffamer-paris","status":"publish","type":"post","link":"https:\/\/www.europesays.com\/fr\/605177\/","title":{"rendered":"plusieurs blocages dans le Centre-Ouest, \u00ab\u00a0notre but est d\u2019affamer Paris\u00a0\u00bb"},"content":{"rendered":"<p>Ce direct est aliment\u00e9 par nos r\u00e9dactions d\u00e9partementales et les journalistes du service Informations g\u00e9n\u00e9rales.<\/p>\n<p><strong>13\u00a0h\u00a015. <\/strong>Des agents de la brigade mobile, avec une dizaine de camions, ont \u00e9t\u00e9 d\u00e9ploy\u00e9s \u00e0 l\u2019entr\u00e9e du p\u00e9age de Poitiers-Sud. Les agriculteurs ont toujours pour objectif de se rapprocher de l\u2019autoroute et de couper la circulation.<\/p>\n<p><strong>12\u00a0h\u00a044. <\/strong>Le point \u00e0 Blois, dans le Loir-et-Cher.\u00a0L\u2019axe nord sud est totalement paralys\u00e9, une quarantaine d\u2019agriculteurs de la Coordination rurale et une poign\u00e9e de repr\u00e9sentants de la Conf\u00e9d\u00e9ration paysanne bloquent le rond-point de Cap Cin\u00e9. Ils entendent le garder plusieurs jours si la situation ne se r\u00e9sout pas. Au total, 28 tracteurs et 9 bennes sont dispos\u00e9s sur les diff\u00e9rentes bretelles d\u2019acc\u00e8s \u00e0 ce rond-point.<\/p>\n<p><strong>12\u00a0h\u00a040. <\/strong>Apr\u00e8s les r\u00e9serves exprim\u00e9es par l\u2019Italie, Emmanuel Macron a d\u00e9clar\u00e9, lors d\u2019un Conseil des ministres, que \u00ab\u00a0la France s\u2019opposerait de mani\u00e8re tr\u00e8s ferme\u00a0\u00bb \u00e0 un \u00e9ventuel \u00ab\u00a0passage en force\u00a0\u00bb de l\u2019UE concernant l\u2019accord de libre-\u00e9change avec le Mercosur. La Commission europ\u00e9enne souhaite que le texte soit sign\u00e9 d\u2019ici la fin de l\u2019ann\u00e9e.<\/p>\n<p><strong>12\u00a0h\u00a027. <\/strong>\u00c0 Pezou, au nord de Vend\u00f4me (Loir-et-Cher), une quarantaine d\u2019agriculteurs sont mobilis\u00e9s, ils bloquent la N10 dans les deux sens, mais aussi la route Orl\u00e9ans-Le\u00a0Mans, avec plusieurs points de blocage. Pour ces c\u00e9r\u00e9aliers, solidaires des \u00e9leveurs, le principal sujet ce sont les co\u00fbts de production \u00e0 la hausse (environ 170\u00a0\u20ac la tonne), plus la hausse de 15\u00a0% sur les engrais azot\u00e9s, alors que le bl\u00e9 se vend entre 159 et 160\u00a0\u20ac la tonne. Aucun d\u2019entre eux n\u2019a fait de b\u00e9n\u00e9fices cette ann\u00e9e.<\/p>\n<p><img alt=\"Le rond-point de la N10 \u00e0 Pezou, au nord de Vend\u00f4me, est totalement bloqu\u00e9 depuis 8\u00a0h ce matin.\" loading=\"lazy\" width=\"980\" height=\"573\" decoding=\"async\" data-nimg=\"1\" class=\"img-responsive spinner-show \" style=\"color:transparent;background-size:cover;background-position:50% 50%;background-repeat:no-repeat;background-image:url(&quot;data:image\/svg+xml;charset=utf-8,%3Csvg xmlns='http:\/\/www.w3.org\/2000\/svg' viewBox='0 0 980 573'%3E%3Cfilter id='b' color-interpolation-filters='sRGB'%3E%3CfeGaussianBlur stdDeviation='20'\/%3E%3CfeColorMatrix values='1 0 0 0 0 0 1 0 0 0 0 0 1 0 0 0 0 0 100 -1' result='s'\/%3E%3CfeFlood x='0' y='0' width='100%25' height='100%25'\/%3E%3CfeComposite operator='out' in='s'\/%3E%3CfeComposite in2='SourceGraphic'\/%3E%3CfeGaussianBlur stdDeviation='20'\/%3E%3C\/filter%3E%3Cimage width='100%25' height='100%25' x='0' y='0' preserveAspectRatio='none' style='filter: url(%23b);' href='https:\/\/images.lanouvellerepublique.fr\/image\/upload\/t_88w\/f_auto\/694294a01ccb0138278b4617.jpg'\/%3E%3C\/svg%3E&quot;)\"   src=\"https:\/\/www.europesays.com\/fr\/wp-content\/uploads\/2025\/12\/694294a01ccb0138278b4617.jpg\"\/><\/p>\n<p style=\"background-color:#F2F2F2;padding:5px;margin-top:0px;margin-bottom:10px\">Le rond-point de la N10 \u00e0 Pezou, au nord de Vend\u00f4me, est totalement bloqu\u00e9 depuis 8\u00a0h ce matin.<br \/> \u00a9 (Photo cor. NR, Sylvie Foisset)<\/p>\n<p><strong>12\u00a0h\u00a023. <\/strong>Des nouvelles de l\u2019accord de libre-\u00e9change UE-Mercosur\u00a0: l\u2019Italie juge \u00ab\u00a0encore pr\u00e9matur\u00e9e\u00a0\u00bb une signature de l\u2019accord dans les prochains jours. \u00ab\u00a0Il nous semble n\u00e9cessaire d\u2019attendre la finalisation du train de mesures compl\u00e9mentaires visant \u00e0 prot\u00e9ger le secteur agricole et, parall\u00e8lement, de l\u2019expliquer et d\u2019en discuter avec nos agriculteurs\u00a0\u00bb, a indiqu\u00e9 la premi\u00e8re ministre italienne, Giorgia Meloni.<\/p>\n<p><strong>12\u00a0h\u00a010. <\/strong>Dans l\u2019Indre, \u00e0 Ch\u00e2teauroux, le cort\u00e8ge de tracteurs a parcouru l\u2019avenue d\u2019Occitanie, encadr\u00e9 par la police, tous klaxons hurlants.<\/p>\n<\/p>\n<p>\u00c0 Ch\u00e2teauroux toujours, mais devant Naturapolis, des jeunes manifestants se font r\u00e9primander par un membre du personnel encadrant de l\u2019\u00e9tablissement qui les surveille sur son temps personnel, et qui d\u00e9plore que \u00ab\u00a0des \u00e9l\u00e9ments ext\u00e9rieurs au lyc\u00e9e viennent alimenter le feu devant l\u2019\u00e9tablissement avec des pneus, en saccageant au passage la pelouse\u00a0\u00bb.<\/p>\n<\/p>\n<p>Le cort\u00e8ge agricole repart vers Naturapolis en empruntant de nouveau l\u2019avenue d\u2019Occitanie, dans l\u2019autre sens, toujours escort\u00e9e par la police. La circulation est toujours ralentie \u00e0 Cap Sud et s\u2019annonce difficile sur la D920.<\/p>\n<p name=\"citation\" class=\"BlockCitation_citation__j4IP6 \">Jeunes on en r\u00eave, vieux on en cr\u00e8ve<\/p>\n<p><strong>Banderole sur le tracteur en t\u00eate du cort\u00e8ge \u00e0 Ch\u00e2teauroux (Indre)<\/strong><\/p>\n<p><img alt=\"Le tracteur en t\u00eate de cort\u00e8ge \u00e0 Ch\u00e2teauroux (Indre).\" loading=\"lazy\" width=\"980\" height=\"573\" decoding=\"async\" data-nimg=\"1\" class=\"img-responsive spinner-show \" style=\"color:transparent;background-size:cover;background-position:50% 50%;background-repeat:no-repeat;background-image:url(&quot;data:image\/svg+xml;charset=utf-8,%3Csvg xmlns='http:\/\/www.w3.org\/2000\/svg' viewBox='0 0 980 573'%3E%3Cfilter id='b' color-interpolation-filters='sRGB'%3E%3CfeGaussianBlur stdDeviation='20'\/%3E%3CfeColorMatrix values='1 0 0 0 0 0 1 0 0 0 0 0 1 0 0 0 0 0 100 -1' result='s'\/%3E%3CfeFlood x='0' y='0' width='100%25' height='100%25'\/%3E%3CfeComposite operator='out' in='s'\/%3E%3CfeComposite in2='SourceGraphic'\/%3E%3CfeGaussianBlur stdDeviation='20'\/%3E%3C\/filter%3E%3Cimage width='100%25' height='100%25' x='0' y='0' preserveAspectRatio='none' style='filter: url(%23b);' href='https:\/\/images.lanouvellerepublique.fr\/image\/upload\/t_88w\/f_auto\/69428ffa1ccb017c278b459b.jpg'\/%3E%3C\/svg%3E&quot;)\"   src=\"https:\/\/www.europesays.com\/fr\/wp-content\/uploads\/2025\/12\/69428ffa1ccb017c278b459b.jpg\"\/><\/p>\n<p style=\"background-color:#F2F2F2;padding:5px;margin-top:0px;margin-bottom:10px\">Le tracteur en t\u00eate de cort\u00e8ge \u00e0 Ch\u00e2teauroux (Indre).<br \/> \u00a9 (Photo NR, Jean-S\u00e9bastien Le Berre)<\/p>\n<p><strong>12\u00a0h\u00a007. <\/strong>\u00c0 la mi-journ\u00e9e, en Loir-et-Cher, l\u2019axe principal Nord-Sud, au niveau du giratoire de Cap-cin\u00e9 \u00e0 Blois, est \u00e0 l\u2019arr\u00eat. Plus aucun v\u00e9hicule ne circule pour l\u2019instant.<\/p>\n<p><img alt=\"\u00c0 Blois, le giratoire de Cap-cin\u00e9 est \u00e0 l\u2019arr\u00eat.\" loading=\"lazy\" width=\"980\" height=\"573\" decoding=\"async\" data-nimg=\"1\" class=\"img-responsive spinner-show \" style=\"color:transparent;background-size:cover;background-position:50% 50%;background-repeat:no-repeat;background-image:url(&quot;data:image\/svg+xml;charset=utf-8,%3Csvg xmlns='http:\/\/www.w3.org\/2000\/svg' viewBox='0 0 980 573'%3E%3Cfilter id='b' color-interpolation-filters='sRGB'%3E%3CfeGaussianBlur stdDeviation='20'\/%3E%3CfeColorMatrix values='1 0 0 0 0 0 1 0 0 0 0 0 1 0 0 0 0 0 100 -1' result='s'\/%3E%3CfeFlood x='0' y='0' width='100%25' height='100%25'\/%3E%3CfeComposite operator='out' in='s'\/%3E%3CfeComposite in2='SourceGraphic'\/%3E%3CfeGaussianBlur stdDeviation='20'\/%3E%3C\/filter%3E%3Cimage width='100%25' height='100%25' x='0' y='0' preserveAspectRatio='none' style='filter: url(%23b);' href='https:\/\/images.lanouvellerepublique.fr\/image\/upload\/t_88w\/f_auto\/69428f8d6791ae315d8b458c.jpg'\/%3E%3C\/svg%3E&quot;)\"   src=\"https:\/\/www.europesays.com\/fr\/wp-content\/uploads\/2025\/12\/69428f8d6791ae315d8b458c.jpg\"\/><\/p>\n<p style=\"background-color:#F2F2F2;padding:5px;margin-top:0px;margin-bottom:10px\">\u00c0 Blois, le giratoire de Cap-cin\u00e9 est \u00e0 l\u2019arr\u00eat.<br \/> \u00a9 (Photo NR, J\u00e9r\u00f4me Dutac)<\/p>\n<p><strong>11\u00a0h\u00a055. <\/strong>Depuis Strasbourg, dans le Bas-Rhin, le pr\u00e9sident du Rassemblement national et eurod\u00e9put\u00e9 Jordan Bardella s\u2019est empar\u00e9 d\u2019un m\u00e9gaphone pour s\u2019adresser aux agriculteurs, qui campent pr\u00e8s du Parlement europ\u00e9en. \u00ab\u00a0Le peuple fran\u00e7ais est avec vous\u00a0\u00bb, a-t-il dit, assurant les manifestants de son soutien.\u00a0Il a \u00e9galement redit son opposition \u00e0 l\u2019accord de libre-\u00e9change entre l\u2019Union europ\u00e9enne et le Mercosur.<\/p>\n<p>Rappelons que le RN a \u00e9t\u00e9 jusqu\u2019ici globalement <a target=\"_blank\" href=\"https:\/\/www.mediapart.fr\/journal\/politique\/020324\/sur-l-agriculture-les-lignes-erratiques-des-votes-du-rn\" rel=\"noopener\">inconstant dans ses votes<\/a> sur le soutien \u00e0 l\u2019agriculture, \u00e0 l\u2019Assembl\u00e9e nationale comme au Parlement europ\u00e9en (abstention sur les prix planchers, contre le plafonnement des aides Pac, contre 100\u00a0% de viande fran\u00e7aise dans les cantines\u2026).<strong\/><\/p>\n<p><strong>11\u00a0h\u00a050. <\/strong>\u00c0 Ch\u00e2teauroux (Indre), la circulation est difficile sur la D920, la rocade vers Cap Sud, derri\u00e8re le cort\u00e8ge de tracteurs qui circulent au ralenti, en klaxonnant et en l\u00e2chant quelques p\u00e9tards sur leur passage.<\/p>\n<p><img alt=\"Circulation au ralenti derri\u00e8re le cort\u00e8ge de tracteurs sur la D920 \u00e0 Ch\u00e2teauroux (Indre).\" loading=\"lazy\" width=\"980\" height=\"573\" decoding=\"async\" data-nimg=\"1\" class=\"img-responsive spinner-show \" style=\"color:transparent;background-size:cover;background-position:50% 50%;background-repeat:no-repeat;background-image:url(&quot;data:image\/svg+xml;charset=utf-8,%3Csvg xmlns='http:\/\/www.w3.org\/2000\/svg' viewBox='0 0 980 573'%3E%3Cfilter id='b' color-interpolation-filters='sRGB'%3E%3CfeGaussianBlur stdDeviation='20'\/%3E%3CfeColorMatrix values='1 0 0 0 0 0 1 0 0 0 0 0 1 0 0 0 0 0 100 -1' result='s'\/%3E%3CfeFlood x='0' y='0' width='100%25' height='100%25'\/%3E%3CfeComposite operator='out' in='s'\/%3E%3CfeComposite in2='SourceGraphic'\/%3E%3CfeGaussianBlur stdDeviation='20'\/%3E%3C\/filter%3E%3Cimage width='100%25' height='100%25' x='0' y='0' preserveAspectRatio='none' style='filter: url(%23b);' href='https:\/\/images.lanouvellerepublique.fr\/image\/upload\/t_88w\/f_auto\/69428bd89251bdee4c8b45f2.jpg'\/%3E%3C\/svg%3E&quot;)\"   src=\"https:\/\/www.europesays.com\/fr\/wp-content\/uploads\/2025\/12\/69428bd89251bdee4c8b45f2.jpg\"\/><\/p>\n<p style=\"background-color:#F2F2F2;padding:5px;margin-top:0px;margin-bottom:10px\">Circulation au ralenti derri\u00e8re le cort\u00e8ge de tracteurs sur la D920 \u00e0 Ch\u00e2teauroux (Indre).<br \/> \u00a9 (Photo NR, Jean-S\u00e9bastien Le Berre)<\/p>\n<p><strong>11\u00a0h\u00a045. <\/strong>La pr\u00e9fecture de l\u2019Indre, la Chambre d\u2019agriculture de l\u2019Indre, la GDMA, la F\u00e9d\u00e9ration d\u00e9partementale des syndicats d\u2019exploitants agricoles, les JA, CR et la Conf\u00e9d\u00e9ration paysanne ont publi\u00e9 un communiqu\u00e9 commun sur la DNC. Ils appellent \u00e0 respecter les r\u00e9glementations en termes de transport routier. \u00ab\u00a0Les foyers r\u00e9cents pourraient s\u2019expliquer par des mouvements non autoris\u00e9s d\u2019animaux, notamment\u00a0par transport routier. De tels comportements et manquements de quelques-uns mettent en danger\u00a0l\u2019ensemble de la fili\u00e8re\u00a0\u00bb, dit le communiqu\u00e9. Ils en appellent \u00ab\u00a0\u00e0 la vigilance et \u00e0 la responsabilit\u00e9 de\u00a0l\u2019ensemble des \u00e9leveurs et op\u00e9rateurs de la fili\u00e8re\u00a0\u00bb et annoncent des \u00ab\u00a0contr\u00f4les renforc\u00e9s\u00a0\u00bb.<\/p>\n<p><strong>11\u00a0h\u00a034. <\/strong>Sur place aussi, \u00c9douard Legras, pr\u00e9sident de la Chambre d\u2019agriculture a confirm\u00e9\u00a0: \u00ab\u00a0Le sujet de la DNC a remis de l\u2019huile sur le feu, mais \u00e7a fait 18 mois qu\u2019on n\u2019a rien obtenu.\u00a0\u00bb<\/p>\n<p name=\"citation\" class=\"BlockCitation_citation__j4IP6 \">La dermatose fait des sauts de 150\u00a0km donc certains ne respectent pas les r\u00e8gles<\/p>\n<p><strong>\u00c9douard Legras, pr\u00e9sident de la Chambre d\u2019agriculture du Loir-et-Cher<\/strong><\/p>\n<p>\u00ab\u00a0La dermatose inqui\u00e8te, d\u2019autant qu\u2019elle fait des sauts de 150\u00a0km, donc certains ne respectent pas les r\u00e8gles, ajoute-t-il. En Loir-et-Cher, il y a un peu plus de 400 \u00e9levages bovins, si on diminue le cheptel ce serait un d\u00e9sastre pour le monde agricole et les consommateurs.\u00a0\u00bb<\/p>\n<p><strong>11\u00a0h\u00a030. <\/strong>C\u2019est parti, le cort\u00e8ge de quatre tracteurs s\u2019\u00e9lance de Naturapolis, \u00e0 Ch\u00e2teauroux (Indre), en direction de Cap Sud. Cort\u00e8ge suivi de quelques voitures.<\/p>\n<\/p>\n<p><strong>11\u00a0h\u00a024. <\/strong>La police nationale du Bas-Rhin annonce une manifestation d\u2019agriculteurs pr\u00e9vue aux alentours du Parlement europ\u00e9en, \u00e0 Strasbourg. \u00ab\u00a0La circulation sur le secteur risque d\u2019\u00eatre fortement perturb\u00e9e jusqu\u2019en d\u00e9but d\u2019apr\u00e8s-midi\u00a0\u00bb, <a target=\"_blank\" href=\"https:\/\/x.com\/PoliceNat67\/status\/2001205982001504437\">ajoute le compte X de la police<\/a>.<\/p>\n<p><strong>11\u00a0h\u00a012. <\/strong>\u00c0 Ch\u00e2teauroux (Indre), les organisateurs du rassemblement devant Naturapolis annoncent au m\u00e9gaphone qu\u2019ils vont aller \u00ab\u00a0faire un tour en tracteurs\u00a0\u00bb dans la zone commerciale de Cap Sud \u00e0 partir de 11\u00a0h\u00a030. Ceci en accord avec la direction de l\u2019\u00e9tablissement, afin de lib\u00e9rer provisoirement le parking pour permettre aux treize \u00e0 quatorze cars scolaires de la r\u00e9gion de venir r\u00e9cup\u00e9rer les \u00e9l\u00e8ves qui \u00e9taient en cours ce matin.<\/p>\n<\/p>\n<p><strong>11\u00a0h\u00a007. <\/strong>La mobilisation prend une autre tournure \u00e0 Blois, dans le Loir-et-Cher, face au barrage des forces de l\u2019ordre.\u00a0Au micro Val-de-Loire TV, James Boucher (CR) dit qu\u2019il compte multiplier les bennages sur les routes et les axes d\u00e9partementaux du d\u00e9partement. Le d\u00e9clencheur de cette col\u00e8re est \u00ab\u00a0en effet la DNC et le probl\u00e8me de l\u2019abattage, mais au-del\u00e0, on n\u2019a plus de revenus, plus de tr\u00e9sorerie\u00a0\u00bb, t\u00e9moigne Fr\u00e9d\u00e9ric Pr\u00e9geant, pr\u00e9sident de la CR 41.<\/p>\n<p><img alt=\"Au micro de Val-de-Loire TV, James Boucher, de la Coordination rurale, d\u00e9taille la strat\u00e9gie \u00e0 venir pour la mobilisation.\" loading=\"lazy\" width=\"980\" height=\"573\" decoding=\"async\" data-nimg=\"1\" class=\"img-responsive spinner-show \" style=\"color:transparent;background-size:cover;background-position:50% 50%;background-repeat:no-repeat;background-image:url(&quot;data:image\/svg+xml;charset=utf-8,%3Csvg xmlns='http:\/\/www.w3.org\/2000\/svg' viewBox='0 0 980 573'%3E%3Cfilter id='b' color-interpolation-filters='sRGB'%3E%3CfeGaussianBlur stdDeviation='20'\/%3E%3CfeColorMatrix values='1 0 0 0 0 0 1 0 0 0 0 0 1 0 0 0 0 0 100 -1' result='s'\/%3E%3CfeFlood x='0' y='0' width='100%25' height='100%25'\/%3E%3CfeComposite operator='out' in='s'\/%3E%3CfeComposite in2='SourceGraphic'\/%3E%3CfeGaussianBlur stdDeviation='20'\/%3E%3C\/filter%3E%3Cimage width='100%25' height='100%25' x='0' y='0' preserveAspectRatio='none' style='filter: url(%23b);' href='https:\/\/images.lanouvellerepublique.fr\/image\/upload\/t_88w\/f_auto\/6942820e3cff0fa9628b45f2.jpg'\/%3E%3C\/svg%3E&quot;)\"   src=\"https:\/\/www.europesays.com\/fr\/wp-content\/uploads\/2025\/12\/6942820e3cff0fa9628b45f2.jpg\"\/><\/p>\n<p style=\"background-color:#F2F2F2;padding:5px;margin-top:0px;margin-bottom:10px\">Au micro de Val-de-Loire TV, James Boucher, de la Coordination rurale, d\u00e9taille la strat\u00e9gie \u00e0 venir pour la mobilisation.<br \/> \u00a9 (Photo NR, J\u00e9r\u00f4me Dutac)<\/p>\n<p>Actuellement, ils bloquent la N10 \u00e0 Pezou et vont contacter la CR 37 sur Ch\u00e2teau-Renault. Ils entendent poursuivre leur action dans la journ\u00e9e sur Contres et Romorantin. Sur Blois, ils bloquent \u00e9galement le rond-point de Cap Cin\u00e9.<\/p>\n<p><strong>10\u00a0h\u00a051. <\/strong>Les autorit\u00e9s interdisant l\u2019acc\u00e8s \u00e0 l\u2019autoroute \u00e0 Blois (Loir-et-Cher). En r\u00e9action, les agriculteurs d\u00e9versent leurs bennes, de pneus et de pailles. Coordination rurale et Conf\u00e9d\u00e9ration paysanne (qui a rejoint le mouvement) ne pouvant rentrer sur l\u2019autoroute, veulent aller bloquer d\u2019autres routes, \u00ab\u00a0pour qu\u2019on soit visible\u00a0\u00bb.<\/p>\n<\/p>\n<p><strong>10\u00a0h\u00a050. <\/strong>Du c\u00f4t\u00e9 des JA 79, on dit attendre vendredi et ce qui va se d\u00e9cider concernant le Mercosur. En fonction, les Jeux Agriculteurs rejoindront les rangs de la mobilisation. \u00ab\u00a0Nous sommes pr\u00eats\u00a0!\u00a0\u00bb, indique \u00e0 la NR Aidan Roberts, repr\u00e9sentants des JA 79.<\/p>\n<p><strong>10\u00a0h\u00a044. <\/strong>\u00c0 Blois (Loir-et-Cher), deux escadrons de gendarmerie mobile sont arriv\u00e9s en renfort, celui de Melun sur le p\u00e9age de l\u2019A10 de Mer et celui de P\u00e9rigueux sur le p\u00e9age de Blois. Ces unit\u00e9s sont renforc\u00e9es par deux v\u00e9hicules blind\u00e9s Centaure venus de Vannes et P\u00e9rigueux.<\/p>\n<p><strong>10\u00a0h\u00a037. <\/strong>\u00c0 Ch\u00e2teauroux (Indre), la directrice de Naturapolis, Catherine Demesy, et son adjoint restent \u00e0 l\u2019entr\u00e9e de l\u2019\u00e9tablissement, et n\u2019y font entrer que les \u00e9l\u00e8ves souhaitant se rendre en cours. \u00ab\u00a0La manifestation doit rester en dehors de l\u2019\u00e9tablissement\u00a0\u00bb, indique la directrice. Elle a pr\u00e9venu les familles de chacun des apprenants gr\u00e9vistes qu\u2019ils ne sont pas en cours et donc, plus sous sa responsabilit\u00e9. Par ailleurs, des lyc\u00e9ens \u00e0 l\u2019origine du rassemblement du jour expliquent avoir privil\u00e9gi\u00e9 le mercredi pour organiser cette action, afin de p\u00e9naliser le moins d\u2019\u00e9l\u00e8ves possibles, les lyc\u00e9ens n\u2019ayant pas cours le mercredi apr\u00e8s-midi.<\/p>\n<p><strong>10\u00a0h\u00a026.<\/strong>\u00a0Les agriculteurs des Deux-S\u00e8vres se joignent au mouvement.\u00a0La Coordination rurale 79 se tient pr\u00eate \u00e0 bloquer l\u2019A10 au niveau de La Cr\u00e8che, ainsi que les ronds-points.<\/p>\n<p name=\"citation\" class=\"BlockCitation_citation__j4IP6 \">Notre but est d\u2019affamer Paris<\/p>\n<p><strong>Philippe Germond, CR 79<\/strong><\/p>\n<p>\u00ab\u00a0Notre but est d\u2019affamer Paris\u00a0\u00bb, r\u00e9sume Philippe Germond. Selon lui, une centaine de tracteurs sont pr\u00eats \u00e0 enclencher la premi\u00e8re. Par ailleurs, une action (autoris\u00e9e) est d\u00e9j\u00e0 pr\u00e9vue \u00e0 Melle ce mercredi soir, devant la mairie.<\/p>\n<p>Un blocage serait \u00e9galement en cours sur la RN10 \u00e0 Limalonges, selon Bison Fut\u00e9. Il n\u2019est cependant pas revendiqu\u00e9 par la CR 79, mais aurait \u00e9t\u00e9 d\u00e9cid\u00e9 et organis\u00e9 par les autorit\u00e9s, en amont des blocages de la RN10, dans la Vienne. L\u2019id\u00e9e est de d\u00e9vier le trafic vers des axes encore roulants.<\/p>\n<p><strong>10\u00a0h\u00a024. <\/strong>Devant le p\u00e9age de Blois (Loir-et-Cher), les agriculteurs de la Coordination rurale et des non-syndiqu\u00e9s se sont rassembl\u00e9s avec leurs tracteurs devant le Centaure, qui bloque l\u2019acc\u00e8s \u00e0 l\u2019autoroute. Fr\u00e9d\u00e9ric Pr\u00e9geant, pr\u00e9sident des CR 41, en est contrari\u00e9\u00a0: \u00ab\u00a0En nous interdisant l\u2019acc\u00e8s, le minist\u00e8re de l\u2019Int\u00e9rieur en a d\u00e9cid\u00e9 autrement\u2026 \u00c7a va empirer les choses, au lieu de simplement mettre en place une d\u00e9viation sur l\u2019autoroute, l\u00e0, \u00e7a va mettre le bazar sur l\u2019ensemble des routes de Loir-et-Cher.\u00a0\u00bb<\/p>\n<p><strong>10\u00a0h\u00a023. <\/strong>La col\u00e8re ne faiblit pas \u00e0 Ch\u00e2teauroux, dans l\u2019Indre, devant l\u2019\u00e9tablissement Naturapolis, o\u00f9 les \u00e9l\u00e8ves se disent inquiets pour leur avenir. \u00ab\u00a0\u00c7a ne sert \u00e0 rien de d\u00e9crocher un dipl\u00f4me si c\u2019est pour ne pas r\u00e9ussir dans notre futur m\u00e9tier\u00a0\u00bb, d\u00e9plore\u00a0Julien Pascal, 17\u00a0ans, en Terminale Bac pro Polyculture-\u00c9levage.<\/p>\n<\/p>\n<p><strong>10\u00a0h\u00a016. <\/strong>Des tags ont \u00e9t\u00e9 inscrits sous le pont de la Nationale 10 \u00e0 Poitiers-sud, \u00e0 l\u2019encontre notamment du pr\u00e9fet Serge Boulanger qui a r\u00e9trop\u00e9dal\u00e9 sur les contr\u00f4les administratifs dans les exploitations agricoles. \u00ab\u00a0Sauvons nos \u00e9levages\u00a0\u00bb, \u00ab\u00a0Mercosur stop\u00a0\u00bb ou encore \u00ab\u00a0Non \u00e0 l\u2019abattage\u00a0\u00bb, peut-on ainsi lire.<\/p>\n<p><img alt=\"Des tags inscrits sous le pont de la N10 \u00e0 Poitiers.\" loading=\"lazy\" width=\"980\" height=\"573\" decoding=\"async\" data-nimg=\"1\" class=\"img-responsive spinner-show \" style=\"color:transparent;background-size:cover;background-position:50% 50%;background-repeat:no-repeat;background-image:url(&quot;data:image\/svg+xml;charset=utf-8,%3Csvg xmlns='http:\/\/www.w3.org\/2000\/svg' viewBox='0 0 980 573'%3E%3Cfilter id='b' color-interpolation-filters='sRGB'%3E%3CfeGaussianBlur stdDeviation='20'\/%3E%3CfeColorMatrix values='1 0 0 0 0 0 1 0 0 0 0 0 1 0 0 0 0 0 100 -1' result='s'\/%3E%3CfeFlood x='0' y='0' width='100%25' height='100%25'\/%3E%3CfeComposite operator='out' in='s'\/%3E%3CfeComposite in2='SourceGraphic'\/%3E%3CfeGaussianBlur stdDeviation='20'\/%3E%3C\/filter%3E%3Cimage width='100%25' height='100%25' x='0' y='0' preserveAspectRatio='none' style='filter: url(%23b);' href='https:\/\/images.lanouvellerepublique.fr\/image\/upload\/t_88w\/f_auto\/694275b91ccb01ef388b459f.jpg'\/%3E%3C\/svg%3E&quot;)\"   src=\"https:\/\/www.europesays.com\/fr\/wp-content\/uploads\/2025\/12\/694275b91ccb01ef388b459f.jpg\"\/><\/p>\n<p style=\"background-color:#F2F2F2;padding:5px;margin-top:0px;margin-bottom:10px\">Des tags inscrits sous le pont de la N10 \u00e0 Poitiers.<br \/> \u00a9 (Photo NR, Marie-Laure Aveline)<\/p>\n<p><strong>10\u00a0h\u00a012. <\/strong>Ancien \u00e9tudiant de Naturapolis (Indre), Pierre Chambrier, 22\u00a0ans, entrepreneur de travaux agricoles, est en quelque sorte le coordinateur de l\u2019action des apprenants de Naturapolis. Il explique les raisons de ce rassemblement devant l\u2019\u00e9tablissement. \u00ab\u00a0Les \u00e9l\u00e8ves ont peur pour leur avenir\u00a0\u00bb, nous dit-il.<\/p>\n<\/p>\n<p><strong>9\u00a0h\u00a054. <\/strong>Ailleurs en France, plusieurs tracteurs se sont engag\u00e9s dans la matin\u00e9e sur l\u2019autoroute A9, escort\u00e9s par les gendarmes, et s\u2019appr\u00eatent \u00e0 emprunter l\u2019A61 pour rallier Carcassonne.<\/p>\n<p name=\"citation\" class=\"BlockCitation_citation__j4IP6 \">Tous les ans, on subit des probl\u00e8mes de plus en plus gros<\/p>\n<p><strong>Les Jeunes Agriculteurs en route pour Carcassonne<\/strong><\/p>\n<p>\u00ab\u00a0Notre confiance envers les services de l\u2019\u00c9tat a \u00e9t\u00e9 rompue. Mercosur, PAC, r\u00e9mun\u00e9ration, taxe carbone, gestion de l\u2019eau\u00a0: tous les ans on subit des probl\u00e8mes de plus en plus gros. Y\u2019en a marre\u00a0\u00bb, ont d\u00e9clar\u00e9 des repr\u00e9sentants des Jeunes Agriculteurs avant de s\u2019ins\u00e9rer sur l\u2019autoroute en direction de Carcassonne, o\u00f9 un rassemblement intersyndical est pr\u00e9vu devant la pr\u00e9fecture.<\/p>\n<p><strong>9\u00a0h\u00a053. <\/strong>Une nouvelle manifestation vient de s\u2019ajouter au programme de l\u2019Indre\u00a0: la FDSEA a pr\u00e9vu une manifestation\u2026 en tracteurs \u00e0 p\u00e9dales, devant la pr\u00e9fecture \u00e0 14\u00a0h.<\/p>\n<p><strong>9\u00a0h\u00a048. <\/strong>Dans l\u2019Indre, une r\u00e9union de crise a lieu en ce moment entre les quatre syndicats agricoles \u00e0 la pr\u00e9fecture avec la DDT, notamment sur la gestion de la dermatose.\u00a0Des repr\u00e9sentants de ces syndicats ont \u00e9t\u00e9 \u00ab\u00a0invit\u00e9s\u00a0\u00bb par les organisateurs du rassemblement de Naturapolis \u00e0 venir les rejoindre dans la matin\u00e9e.\u00a0De son c\u00f4t\u00e9, la FDSEA 36 a pr\u00e9vu une action \u00e0 14\u00a0h devant la pr\u00e9fecture de l\u2019Indre avec des tracteurs \u00e0 p\u00e9dales pour montrer que \u00ab\u00a0l\u2019agriculture n\u2019est pas un jeu\u00a0\u00bb.<\/p>\n<p><strong>9\u00a0h\u00a046. <\/strong>\u00c0 Blois (Loir-et-Cher), une vingtaine de tracteurs, huit bennes et une quarantaine d\u2019agriculteurs sont arriv\u00e9s au rond-point du Ch\u00e2teau, en amont de l\u2019entr\u00e9e de l\u2019autoroute A10.\u00a0Sans \u00eatre en confrontation directe, les agriculteurs occupent le rond-point qui dessert le p\u00e9age, les remorques sont charg\u00e9es de lisier ou de ceps de vignes.<\/p>\n<p><img alt=\"\u00c0 Blois, la Coordination rurale et les forces de gendarmerie se font face sans heurts perceptibles.\" loading=\"lazy\" width=\"980\" height=\"573\" decoding=\"async\" data-nimg=\"1\" class=\"img-responsive spinner-show \" style=\"color:transparent;background-size:cover;background-position:50% 50%;background-repeat:no-repeat;background-image:url(&quot;data:image\/svg+xml;charset=utf-8,%3Csvg xmlns='http:\/\/www.w3.org\/2000\/svg' viewBox='0 0 980 573'%3E%3Cfilter id='b' color-interpolation-filters='sRGB'%3E%3CfeGaussianBlur stdDeviation='20'\/%3E%3CfeColorMatrix values='1 0 0 0 0 0 1 0 0 0 0 0 1 0 0 0 0 0 100 -1' result='s'\/%3E%3CfeFlood x='0' y='0' width='100%25' height='100%25'\/%3E%3CfeComposite operator='out' in='s'\/%3E%3CfeComposite in2='SourceGraphic'\/%3E%3CfeGaussianBlur stdDeviation='20'\/%3E%3C\/filter%3E%3Cimage width='100%25' height='100%25' x='0' y='0' preserveAspectRatio='none' style='filter: url(%23b);' href='https:\/\/images.lanouvellerepublique.fr\/image\/upload\/t_88w\/f_auto\/694294a03cff0f49328b463d.jpg'\/%3E%3C\/svg%3E&quot;)\"   src=\"https:\/\/www.europesays.com\/fr\/wp-content\/uploads\/2025\/12\/694294a03cff0f49328b463d.jpg\"\/><\/p>\n<p style=\"background-color:#F2F2F2;padding:5px;margin-top:0px;margin-bottom:10px\">\u00c0 Blois, la Coordination rurale et les forces de gendarmerie se font face sans heurts perceptibles.<br \/> \u00a9 (Photo NR, J\u00e9r\u00f4me Dutac)<\/p>\n<p><strong>9\u00a0h\u00a041. <\/strong>\u00c0 Ch\u00e2tellerault (Vienne), les entr\u00e9es de l\u2019A10 sont toujours entrav\u00e9es, par un important barrage.<\/p>\n<p><img alt=\"Les entr\u00e9es de l\u2019A10 sont entrav\u00e9es \u00e0 Ch\u00e2tellerault.\" loading=\"lazy\" width=\"980\" height=\"573\" decoding=\"async\" data-nimg=\"1\" class=\"img-responsive spinner-show \" style=\"color:transparent;background-size:cover;background-position:50% 50%;background-repeat:no-repeat;background-image:url(&quot;data:image\/svg+xml;charset=utf-8,%3Csvg xmlns='http:\/\/www.w3.org\/2000\/svg' viewBox='0 0 980 573'%3E%3Cfilter id='b' color-interpolation-filters='sRGB'%3E%3CfeGaussianBlur stdDeviation='20'\/%3E%3CfeColorMatrix values='1 0 0 0 0 0 1 0 0 0 0 0 1 0 0 0 0 0 100 -1' result='s'\/%3E%3CfeFlood x='0' y='0' width='100%25' height='100%25'\/%3E%3CfeComposite operator='out' in='s'\/%3E%3CfeComposite in2='SourceGraphic'\/%3E%3CfeGaussianBlur stdDeviation='20'\/%3E%3C\/filter%3E%3Cimage width='100%25' height='100%25' x='0' y='0' preserveAspectRatio='none' style='filter: url(%23b);' href='https:\/\/images.lanouvellerepublique.fr\/image\/upload\/t_88w\/f_auto\/69426e9e3cff0fb42e8b4571.jpg'\/%3E%3C\/svg%3E&quot;)\"   src=\"https:\/\/www.europesays.com\/fr\/wp-content\/uploads\/2025\/12\/69426e9e3cff0fb42e8b4571.jpg\"\/><\/p>\n<p style=\"background-color:#F2F2F2;padding:5px;margin-top:0px;margin-bottom:10px\">Les entr\u00e9es de l\u2019A10 sont entrav\u00e9es \u00e0 Ch\u00e2tellerault.<br \/> \u00a9 (Photo NR, Xavier Le Roux)<\/p>\n<p><strong>9\u00a0h\u00a036. <\/strong>Retour \u00e0 Blois, un dispositif de gendarmerie a \u00e9t\u00e9 mis en place au niveau du p\u00e9age, pour \u00e9viter toute intrusion des agriculteurs.\u00a0Une centaine de militaires sont mobilis\u00e9s sur l\u2019ensemble du d\u00e9partement selon le colonel Beno\u00eet Chevillard. \u00ab\u00a0L\u2019op\u00e9ration vise \u00e0 assurer la s\u00e9curit\u00e9, non seulement des manifestants mais aussi des citoyens\u00a0\u00bb, d\u00e9taille le colonel. Le pr\u00e9fet Joseph Zimet est \u00e9galement sur les lieux. Plus en amont, au niveau du rond-point, les premiers tracteurs sont arriv\u00e9s\u2026 La police nationale est \u00e9galement pr\u00e9sente.<\/p>\n<p><img alt=\"Un dispositif de gendarmerie en place au p\u00e9age de Blois.\" loading=\"lazy\" width=\"980\" height=\"573\" decoding=\"async\" data-nimg=\"1\" class=\"img-responsive spinner-show \" style=\"color:transparent;background-size:cover;background-position:50% 50%;background-repeat:no-repeat;background-image:url(&quot;data:image\/svg+xml;charset=utf-8,%3Csvg xmlns='http:\/\/www.w3.org\/2000\/svg' viewBox='0 0 980 573'%3E%3Cfilter id='b' color-interpolation-filters='sRGB'%3E%3CfeGaussianBlur stdDeviation='20'\/%3E%3CfeColorMatrix values='1 0 0 0 0 0 1 0 0 0 0 0 1 0 0 0 0 0 100 -1' result='s'\/%3E%3CfeFlood x='0' y='0' width='100%25' height='100%25'\/%3E%3CfeComposite operator='out' in='s'\/%3E%3CfeComposite in2='SourceGraphic'\/%3E%3CfeGaussianBlur stdDeviation='20'\/%3E%3C\/filter%3E%3Cimage width='100%25' height='100%25' x='0' y='0' preserveAspectRatio='none' style='filter: url(%23b);' href='https:\/\/images.lanouvellerepublique.fr\/image\/upload\/t_88w\/f_auto\/69426c479251bd9b5b8b4582.jpg'\/%3E%3C\/svg%3E&quot;)\"   src=\"https:\/\/www.europesays.com\/fr\/wp-content\/uploads\/2025\/12\/69426c479251bd9b5b8b4582.jpg\"\/><\/p>\n<p style=\"background-color:#F2F2F2;padding:5px;margin-top:0px;margin-bottom:10px\">Un dispositif de gendarmerie en place au p\u00e9age de Blois.<br \/> \u00a9 (Photo NR, J\u00e9r\u00f4me Dutac)<\/p>\n<p><strong>9\u00a0h\u00a032. <\/strong>\u00c0 Ch\u00e2teauroux (Indre), l\u2019entr\u00e9e de l\u2019\u00e9tablissement Naturapolis est bloqu\u00e9e par quatre tracteurs. Aucun acc\u00e8s au parking n\u2019est possible, de nombreuses voitures sont donc gar\u00e9es le long de la route de Velles, sous le contr\u00f4le de la police municipale. L\u2019acc\u00e8s \u00e0 l\u2019\u00e9tablissement reste possible \u00e0 pied pour ceux qui le souhaitent. Un barrage filtrant est mis en place.\u00a0Grilles de chantier, palettes et pneus ont \u00e9t\u00e9 dispos\u00e9s \u00e0 l\u2019entr\u00e9e de l\u2019\u00e9tablissement.\u00a0De nombreuses b\u00e2ches et draps arborant des slogans ont \u00e9t\u00e9 accroch\u00e9s. Environ 160 jeunes manifestants, de toutes les fili\u00e8res et classes, sont sur place\u00a0: coll\u00e8ge, lyc\u00e9e, BTS, CFA.<\/p>\n<p><img alt=\"L\u2019entr\u00e9e de l\u2019\u00e9tablissement Naturapolis bloqu\u00e9 par des tracteurs.\" loading=\"lazy\" width=\"980\" height=\"573\" decoding=\"async\" data-nimg=\"1\" class=\"img-responsive spinner-show \" style=\"color:transparent;background-size:cover;background-position:50% 50%;background-repeat:no-repeat;background-image:url(&quot;data:image\/svg+xml;charset=utf-8,%3Csvg xmlns='http:\/\/www.w3.org\/2000\/svg' viewBox='0 0 980 573'%3E%3Cfilter id='b' color-interpolation-filters='sRGB'%3E%3CfeGaussianBlur stdDeviation='20'\/%3E%3CfeColorMatrix values='1 0 0 0 0 0 1 0 0 0 0 0 1 0 0 0 0 0 100 -1' result='s'\/%3E%3CfeFlood x='0' y='0' width='100%25' height='100%25'\/%3E%3CfeComposite operator='out' in='s'\/%3E%3CfeComposite in2='SourceGraphic'\/%3E%3CfeGaussianBlur stdDeviation='20'\/%3E%3C\/filter%3E%3Cimage width='100%25' height='100%25' x='0' y='0' preserveAspectRatio='none' style='filter: url(%23b);' href='https:\/\/images.lanouvellerepublique.fr\/image\/upload\/t_88w\/f_auto\/69426b46398a5a44388b459f.jpg'\/%3E%3C\/svg%3E&quot;)\"   src=\"https:\/\/www.europesays.com\/fr\/wp-content\/uploads\/2025\/12\/69426b46398a5a44388b459f.jpg\"\/><\/p>\n<p style=\"background-color:#F2F2F2;padding:5px;margin-top:0px;margin-bottom:10px\">L\u2019entr\u00e9e de l\u2019\u00e9tablissement Naturapolis bloqu\u00e9 par des tracteurs.<br \/> \u00a9 (Photo NR, Jean-S\u00e9bastien Le Berre)<\/p>\n<p><strong>9\u00a0h\u00a030. <\/strong>\u00c0 Poitiers, dans la Vienne, le rond-point d\u2019Auchan-Sud est toujours neutralis\u00e9.<\/p>\n<p><img alt=\"Le rond-point d\u2019Auchan-Sud est toujours neutralis\u00e9 \u00e0 Poitiers.\" loading=\"lazy\" width=\"980\" height=\"573\" decoding=\"async\" data-nimg=\"1\" class=\"img-responsive spinner-show \" style=\"color:transparent;background-size:cover;background-position:50% 50%;background-repeat:no-repeat;background-image:url(&quot;data:image\/svg+xml;charset=utf-8,%3Csvg xmlns='http:\/\/www.w3.org\/2000\/svg' viewBox='0 0 980 573'%3E%3Cfilter id='b' color-interpolation-filters='sRGB'%3E%3CfeGaussianBlur stdDeviation='20'\/%3E%3CfeColorMatrix values='1 0 0 0 0 0 1 0 0 0 0 0 1 0 0 0 0 0 100 -1' result='s'\/%3E%3CfeFlood x='0' y='0' width='100%25' height='100%25'\/%3E%3CfeComposite operator='out' in='s'\/%3E%3CfeComposite in2='SourceGraphic'\/%3E%3CfeGaussianBlur stdDeviation='20'\/%3E%3C\/filter%3E%3Cimage width='100%25' height='100%25' x='0' y='0' preserveAspectRatio='none' style='filter: url(%23b);' href='https:\/\/images.lanouvellerepublique.fr\/image\/upload\/t_88w\/f_auto\/69426a85398a5a40388b4572.jpg'\/%3E%3C\/svg%3E&quot;)\"   src=\"https:\/\/www.europesays.com\/fr\/wp-content\/uploads\/2025\/12\/69426a85398a5a40388b4572.jpg\"\/><\/p>\n<p style=\"background-color:#F2F2F2;padding:5px;margin-top:0px;margin-bottom:10px\">Le rond-point d\u2019Auchan-Sud est toujours neutralis\u00e9 \u00e0 Poitiers.<br \/> \u00a9 (Photo NR, Marie-Laure Aveline)<\/p>\n<p><strong>9\u00a0h\u00a026. <\/strong>Parmi les agriculteurs mobilis\u00e9s au d\u00e9part de la Chapelle vend\u00f4moise, Anthony Hamelin, install\u00e9 depuis seulement un an et demi \u00e0 Landes le Gaulois. \u00ab\u00a0Le prix des c\u00e9r\u00e9ales qui baisse, le prix du fuel et des intrants qui s\u2019envole, quand on est jeune, pour d\u00e9marrer sa bo\u00eete, c\u2019est vraiment pas \u00e9vident. Mais quand on voit ce qui se passe autour, \u00e0 Vend\u00f4me avec Brandt, \u00e7a ne rend pas tr\u00e8s optimiste\u00a0\u00bb, confie-t-il.<\/p>\n<p><strong>9\u00a0h\u00a017. <\/strong>Fr\u00e9d\u00e9ric Pr\u00e9geant, pr\u00e9sident de la Coordination rurale 41, a annonc\u00e9 que, contrairement \u00e0 ce qui avait \u00e9t\u00e9 convenu la veille avec le pr\u00e9fet, l\u2019acc\u00e8s \u00e0 l\u2019A10 \u00e0 Blois \u00e9tait bloqu\u00e9 par les \u00ab\u00a0centaures\u00a0\u00bb, sur ordre du ministre de l&rsquo;Int\u00e9rieur. \u00ab\u00a0Il a peur qu\u2019on bloque les d\u00e9parts en vacances, il pr\u00e9f\u00e8re les touristes aux gens qui travaillent\u00a0!\u00a0\u00bb<\/p>\n<\/p>\n<p><strong>9\u00a0h. <\/strong>La ministre de l\u2019Agriculture Annie Genevard a appel\u00e9 \u00e0 \u00ab\u00a0l\u2019apaisement\u00a0\u00bb face aux manifestations et blocages routiers qui se poursuivent malgr\u00e9 ses annonces sur la DNC. \u00ab\u00a0C\u2019est une col\u00e8re qui vient de loin. Il faut la mesurer, il faut la comprendre. Il y a la question de la DNC qui, sur ce territoire d\u2019Occitanie qui est un territoire pauvre, est une difficult\u00e9. Mais je le dis, d\u2019abord, pas de violence [\u2026] et pas de d\u00e9gradation non plus\u00a0\u00bb, a-t-elle d\u00e9clar\u00e9 dans une interview sur <a target=\"_blank\" href=\"https:\/\/www.rtl.fr\/actu\/politique\/dermatose-nodulaire-la-ministre-de-l-agriculture-annie-genevard-annonce-sur-rtl-que-la-france-va-avoir-900-000-doses-de-vaccins-jeudi-7900579268\" rel=\"noopener\">RTL<\/a>. \u00ab\u00a0Pas de blocage\u00a0\u00bb, a-t-elle ajout\u00e9.<\/p>\n<p>La France va recevoir 900.000 doses de vaccin jeudi, a-t-elle \u00e9galement annonc\u00e9 aupr\u00e8s de nos confr\u00e8res. Elle a \u00e9galement rappel\u00e9 vouloir constituer \u00ab\u00a0une cellule de dialogue scientifique\u00a0\u00bb, unissant repr\u00e9sentants du monde de l\u2019\u00e9levage et experts animaliers.<\/p>\n<p><strong>8\u00a0h<\/strong>\u00a0<strong>55.<\/strong> \u00c0 Blois, des embouteillages sont en cours sur le pont d\u2019entr\u00e9e de ville Charles-de-Gaulle\ufeff.\u00a0Une dizaine de tracteurs viennent de partir en direction de l\u2019A10, depuis la Chapelle vend\u00f4moise.<\/p>\n<p><img alt=\"\u00c0 Blois, une dizaine de tracteurs sont partis en direction de l\u2019A10.\" loading=\"lazy\" width=\"980\" height=\"573\" decoding=\"async\" data-nimg=\"1\" class=\"img-responsive spinner-show \" style=\"color:transparent;background-size:cover;background-position:50% 50%;background-repeat:no-repeat;background-image:url(&quot;data:image\/svg+xml;charset=utf-8,%3Csvg xmlns='http:\/\/www.w3.org\/2000\/svg' viewBox='0 0 980 573'%3E%3Cfilter id='b' color-interpolation-filters='sRGB'%3E%3CfeGaussianBlur stdDeviation='20'\/%3E%3CfeColorMatrix values='1 0 0 0 0 0 1 0 0 0 0 0 1 0 0 0 0 0 100 -1' result='s'\/%3E%3CfeFlood x='0' y='0' width='100%25' height='100%25'\/%3E%3CfeComposite operator='out' in='s'\/%3E%3CfeComposite in2='SourceGraphic'\/%3E%3CfeGaussianBlur stdDeviation='20'\/%3E%3C\/filter%3E%3Cimage width='100%25' height='100%25' x='0' y='0' preserveAspectRatio='none' style='filter: url(%23b);' href='https:\/\/images.lanouvellerepublique.fr\/image\/upload\/t_88w\/f_auto\/6942632a6791ae2b228b460e.jpg'\/%3E%3C\/svg%3E&quot;)\"   src=\"https:\/\/www.europesays.com\/fr\/wp-content\/uploads\/2025\/12\/6942632a6791ae2b228b460e.jpg\"\/><\/p>\n<p style=\"background-color:#F2F2F2;padding:5px;margin-top:0px;margin-bottom:10px\">\u00c0 Blois, une dizaine de tracteurs sont partis en direction de l\u2019A10.<br \/> \u00a9 (Photo NR, Catherine Simon)<\/p>\n<p><strong>8\u00a0h\u00a026. <\/strong>Invit\u00e9 dans la matinale de <a target=\"_blank\" href=\"https:\/\/www.tf1info.fr\/societe\/en-direct-blocages-colere-et-crise-agricole-les-1-000-exploitations-de-l-ariege-seront-vaccinees-au-31-decembre-promet-annie-genevard-manifestations-axes-coupes-17-decembre-2025-2413247.html\" rel=\"noopener\">TF1<\/a>, le patron des R\u00e9publicains Bruno Retailleau a estim\u00e9 \u00ab\u00a0qu\u2019on ne r\u00e9soudra pas cette crise uniquement en traitant les animaux\u00a0\u00bb. Sur la col\u00e8re agricole, \u00ab\u00a0le gouvernement doit avoir une r\u00e9ponse beaucoup plus globale et profonde\u00a0\u00bb, a-t-il estim\u00e9.<\/p>\n<p><strong>7\u00a0h\u00a058. <\/strong><a target=\"_blank\" href=\"https:\/\/radio.vinci-autoroutes.com\/article\/carte-manifestations-des-agriculteurs-comment-eviter-les-blocages-ce-mercredi-matin--17015\" rel=\"noopener\">Vinci Autoroutes<\/a> fait le point sur les blocages annonc\u00e9s, \u00ab\u00a0avec des fermetures totales ou partielles sur l\u2019A7, A9, A61, A63, A64, A20, A89 et A10\u00a0\u00bb. \u00ab\u00a0Dans le Centre et le Grand Ouest, l\u2019A20 est ferm\u00e9e entre Caussade (N\u00b059) et Cahors-nord (N\u00b057), ainsi qu\u2019entre Noailles (N\u00b052) et Brive-centre (N\u00b051) [\u2026]. L\u2019A89 est coup\u00e9e entre P\u00e9rigueux Ouest (N\u00b014) et Est (N\u00b016), et entre Egletons (N\u00b022) et Ussel Est (N\u00b024)\u00a0\u00bb, pr\u00e9vient Vinci. \u00ab\u00a0Sur l\u2019A10, les \u00e9changeurs Ch\u00e2tellerault Nord (N\u00b026) et Poitiers Sud (N\u00b030) sont ferm\u00e9s, tandis que la RN10 est bloqu\u00e9e entre Angoul\u00eame et Poitiers\u00a0\u00bb, ajoute le r\u00e9seau.<\/p>\n<p><img alt=\"Les blocages annonc\u00e9s sur les autoroutes ce mercredi 17\u00a0d\u00e9cembre.\" loading=\"lazy\" width=\"980\" height=\"573\" decoding=\"async\" data-nimg=\"1\" class=\"img-responsive spinner-show \" style=\"color:transparent;background-size:cover;background-position:50% 50%;background-repeat:no-repeat;background-image:url(&quot;data:image\/svg+xml;charset=utf-8,%3Csvg xmlns='http:\/\/www.w3.org\/2000\/svg' viewBox='0 0 980 573'%3E%3Cfilter id='b' color-interpolation-filters='sRGB'%3E%3CfeGaussianBlur stdDeviation='20'\/%3E%3CfeColorMatrix values='1 0 0 0 0 0 1 0 0 0 0 0 1 0 0 0 0 0 100 -1' result='s'\/%3E%3CfeFlood x='0' y='0' width='100%25' height='100%25'\/%3E%3CfeComposite operator='out' in='s'\/%3E%3CfeComposite in2='SourceGraphic'\/%3E%3CfeGaussianBlur stdDeviation='20'\/%3E%3C\/filter%3E%3Cimage width='100%25' height='100%25' x='0' y='0' preserveAspectRatio='none' style='filter: url(%23b);' href='https:\/\/images.lanouvellerepublique.fr\/image\/upload\/t_88w\/f_auto\/694256016791aeca6e8b45d7.jpg'\/%3E%3C\/svg%3E&quot;)\"   src=\"https:\/\/www.europesays.com\/fr\/wp-content\/uploads\/2025\/12\/694256016791aeca6e8b45d7.jpg\"\/><\/p>\n<p style=\"background-color:#F2F2F2;padding:5px;margin-top:0px;margin-bottom:10px\">Les blocages annonc\u00e9s sur les autoroutes ce mercredi 17\u00a0d\u00e9cembre.<br \/> \u00a9 (Capture d&rsquo;\u00e9cran Vinci Autoroutes)<\/p>\n<p><strong>7\u00a0h\u00a051. <\/strong>Ce mercredi matin, \u00e0 Poitiers-sud (Vienne), la RN10 est bloqu\u00e9e dans les deux sens. \u00c0 Ch\u00e2tellerault, on ne peut toujours pas rentrer sur l\u2019A10.<\/p>\n<p><strong>7\u00a0h\u00a047. <\/strong>Dans le cadre du plan annonc\u00e9 par Matignon sur la DNC, Pascal Sanjuan est nomm\u00e9 pr\u00e9fet \u00ab\u00a0charg\u00e9 de coordonner la cellule interminist\u00e9rielle d\u2019acc\u00e9l\u00e9ration de la vaccination\u00a0\u00bb. \u00ab\u00a0Il sera charg\u00e9 d\u2019assurer un monitoring quotidien des plans d\u00e9partementaux de vaccination acc\u00e9l\u00e9r\u00e9e et de rendre compte r\u00e9guli\u00e8rement de la strat\u00e9gie vaccinale\u00a0\u00bb, d\u00e9taille Matignon.<\/p>\n<p><strong>7\u00a0h\u00a036. <\/strong>Dans un communiqu\u00e9 mardi soir, Matignon\u00a0a confirm\u00e9 cette volont\u00e9 \u00ab\u00a0d\u2019acc\u00e9l\u00e9rer la vaccination g\u00e9n\u00e9ralis\u00e9e des bovins dans le Sud-Ouest\u00a0\u00bb. Toutes les zones r\u00e9cemment touch\u00e9es par le virus sont concern\u00e9es\u00a0: \u00ab\u00a0Ari\u00e8ge, Aude, Haute-Garonne, Hautes-Pyr\u00e9n\u00e9es, Pyr\u00e9n\u00e9es-Orientales et ceux\u00a0int\u00e9gr\u00e9s au cordon sanitaire, Gers, H\u00e9rault, Landes, Pyr\u00e9n\u00e9es-Atlantiques, Tarn\u00a0\u00bb. Dans l\u2019Ari\u00e8ge, plus pr\u00e9cis\u00e9ment, \u00ab\u00a0les 1.000\u00a0exploitations seront int\u00e9gralement vaccin\u00e9es au 31\u00a0d\u00e9cembre 2025\u00a0\u00bb.<\/p>\n<p>Matignon annonce par ailleurs plus de 10\u00a0millions d\u2019euros pour soutenir les petits \u00e9levages dans le Sud-Ouest, et une facilitation de la reconstitution des cheptels concern\u00e9s par les mesures d\u2019abattage. Ainsi, \u00ab\u00a0les petits\u00a0\u00e9levages auront acc\u00e8s en priorit\u00e9 \u00e0 des animaux s\u00e9lectionn\u00e9s, notamment aux\u00a0meilleures g\u00e9nisses de haute valeur g\u00e9n\u00e9tique\u00a0\u00bb.<\/p>\n<p><strong>7\u00a0h\u00a026. <\/strong>Le point sur les actions men\u00e9es dans nos d\u00e9partements\u00a0:<\/p>\n<p><strong>Dans nos d\u00e9partements<\/strong><\/p>\n<ul>\n<li>Indre\u00a0: Apr\u00e8s la Coordination rurale la semaine derni\u00e8re, les syndicats FDSEA et JA de l\u2019Indre sont eux aussi fait remarquer mardi. Ce mercredi, <a target=\"_self\" href=\"https:\/\/www.lanouvellerepublique.fr\/chateauroux\/radars-recouverts-de-pneus-appel-a-un-rassemblement-a-naturapolis-conference-de-presse-les-actions-des-agriculteurs-se-multiplient-dans-l-indre-1765907865\" rel=\"noopener\">ce sera au tour des \u00e9tudiants de Naturapolis<\/a> d\u2019organiser un rassemblement devant leur \u00e9tablissement. Jeudi 18\u00a0d\u00e9cembre, la Conf\u00e9d\u00e9ration paysanne fera conna\u00eetre sa position sur les sujets br\u00fblants du moment.<\/li>\n<li>Loir-et-Cher\u00a0: <a target=\"_self\" href=\"https:\/\/www.lanouvellerepublique.fr\/blois\/dermatose-bovine-des-manifestations-prevues-sur-l-a10-et-la-n10-ce-mercredi-17-decembre-2025-1765912213\" rel=\"noopener\">Des actions de blocage<\/a> sont pr\u00e9vues par des agriculteurs de la Conf\u00e9d\u00e9ration paysanne et de la Coordination rurale, sur la Nationale 10 et sur l\u2019autoroute A10, et \u00ab\u00a0un peu partout dans le d\u00e9partement\u00a0\u00bb, avec des points de rendez-vous vers 8\u00a0h\u00a030 sur les ronds-points de l\u2019Avion \u00e0 La Chapelle-Vend\u00f4moise et celui de la Patte-d\u2019Oie \u00e0 Saint-Gervais-la-For\u00eat.<\/li>\n<li>Vienne\u00a0: Les agriculteurs de la Coordination rurale mobilis\u00e9s avaient pr\u00e9vu, hier soir, de passer la nuit sur les axes routiers de Poitiers-sud d\u00e9j\u00e0 investis. Hier soir, <a target=\"_self\" href=\"https:\/\/www.lanouvellerepublique.fr\/vienne\/determines-a-engager-un-bras-de-fer-des-agriculteurs-paralysent-poitiers-sud-pour-y-passer-la-nuit-1765925238\" rel=\"noopener\">ils ont d\u00e9vers\u00e9 des tonnes de gravats au p\u00e9age de Poitiers-sud<\/a>, bloquant ainsi l\u2019acc\u00e8s sortant et entrant de l\u2019autoroute A10 d\u00e8s 20\u00a0h.<\/li>\n<\/ul>\n<p><strong>7\u00a0h\u00a015. <\/strong>La ministre de l\u2019Agriculture Annie Genevard <a target=\"_self\" href=\"https:\/\/www.lanouvellerepublique.fr\/a-la-une\/dermatose-750-000-bovins-vont-etre-vaccines-dans-les-semaines-qui-viennent-annonce-la-ministre-de-l-agriculture-1765915641\" rel=\"noopener\">a fait plusieurs annonces mardi soir concernant la gestion de la DNC<\/a> sur le territoire. Ainsi, 750.000 bovins seront vaccin\u00e9s le plus rapidement possible. Cons\u00e9quence directe, \u00ab\u00a0les d\u00e9partements concern\u00e9s sont soumis \u00e0 une interdiction des d\u00e9placements de bovins\u00a0\u00bb.<\/p>\n<p><strong>7\u00a0h\u00a014.<\/strong> Bienvenue dans ce direct.<\/p>\n<p>Nouvelle et huiti\u00e8me journ\u00e9e de mobilisation pour les agriculteurs, vent debout contre les annonces du gouvernement en mati\u00e8re de gestion de la dermatose nodulaire contagieuse (DNC), mais aussi dans le cadre de l\u2019accord de libre-\u00e9change UE-Mercosur.<\/p>\n","protected":false},"excerpt":{"rendered":"Ce direct est aliment\u00e9 par nos r\u00e9dactions d\u00e9partementales et les journalistes du service Informations g\u00e9n\u00e9rales. 13\u00a0h\u00a015. Des agents&hellip;\n","protected":false},"author":2,"featured_media":605178,"comment_status":"","ping_status":"","sticky":false,"template":"","format":"standard","meta":{"footnotes":""},"categories":[2],"tags":[328,11,327,5165,7480,3542,2545,33,1011,27,329,5052,4368,12,25,71,364,1584],"class_list":{"0":"post-605177","1":"post","2":"type-post","3":"status-publish","4":"format-standard","5":"has-post-thumbnail","7":"category-actualites","8":"tag-a-la-une","9":"tag-actualites","10":"tag-agriculture","11":"tag-amerique-du-sud","12":"tag-autoroutes","13":"tag-circulation","14":"tag-deux-sevres","15":"tag-economie","16":"tag-fr","17":"tag-france","18":"tag-france-monde","19":"tag-indre","20":"tag-loir-et-cher","21":"tag-news","22":"tag-republique-francaise","23":"tag-sante","24":"tag-union-europeenne","25":"tag-vienne"},"share_on_mastodon":{"url":"https:\/\/pubeurope.com\/@fr\/115734873983174991","error":""},"_links":{"self":[{"href":"https:\/\/www.europesays.com\/fr\/wp-json\/wp\/v2\/posts\/605177","targetHints":{"allow":["GET"]}}],"collection":[{"href":"https:\/\/www.europesays.com\/fr\/wp-json\/wp\/v2\/posts"}],"about":[{"href":"https:\/\/www.europesays.com\/fr\/wp-json\/wp\/v2\/types\/post"}],"author":[{"embeddable":true,"href":"https:\/\/www.europesays.com\/fr\/wp-json\/wp\/v2\/users\/2"}],"replies":[{"embeddable":true,"href":"https:\/\/www.europesays.com\/fr\/wp-json\/wp\/v2\/comments?post=605177"}],"version-history":[{"count":0,"href":"https:\/\/www.europesays.com\/fr\/wp-json\/wp\/v2\/posts\/605177\/revisions"}],"wp:featuredmedia":[{"embeddable":true,"href":"https:\/\/www.europesays.com\/fr\/wp-json\/wp\/v2\/media\/605178"}],"wp:attachment":[{"href":"https:\/\/www.europesays.com\/fr\/wp-json\/wp\/v2\/media?parent=605177"}],"wp:term":[{"taxonomy":"category","embeddable":true,"href":"https:\/\/www.europesays.com\/fr\/wp-json\/wp\/v2\/categories?post=605177"},{"taxonomy":"post_tag","embeddable":true,"href":"https:\/\/www.europesays.com\/fr\/wp-json\/wp\/v2\/tags?post=605177"}],"curies":[{"name":"wp","href":"https:\/\/api.w.org\/{rel}","templated":true}]}}