{"id":605179,"date":"2025-12-17T12:19:24","date_gmt":"2025-12-17T12:19:24","guid":{"rendered":"https:\/\/www.europesays.com\/fr\/605179\/"},"modified":"2025-12-17T12:19:24","modified_gmt":"2025-12-17T12:19:24","slug":"le-tours-vb-doit-gagner-en-maitrise","status":"publish","type":"post","link":"https:\/\/www.europesays.com\/fr\/605179\/","title":{"rendered":"le Tours VB doit gagner en ma\u00eetrise"},"content":{"rendered":"<p>Tout le monde s\u2019accordera \u00e0 le dire\u00a0: quand on dispute un match \u00e9liminatoire tel qu\u2019un quart de finale de Coupe de France, seul le r\u00e9sultat final compte. Et en cela, le Tours Volley-Ball peut \u00e9videmment se montrer satisfait d\u2019avoir su venir \u00e0 bout de Saint-Nazaire (3-2), ce mardi 16\u00a0d\u00e9cembre, pour rallier le dernier carr\u00e9 de la comp\u00e9tition. Soit.<\/p>\n<p>Mais en observant les visages, attitudes et en \u00e9coutant les propos du camp tourangeau \u00e0 l\u2019issue de la rencontre, force \u00e9tait de constater que l\u2019euphorie n\u2019\u00e9tait pas totale, loin de l\u00e0. La faute \u00e0 ce sentiment d\u2019avoir, une fois de plus, offert une copie pas compl\u00e8tement convaincante et qui, sans un gros \u00e9lan collectif dans le tie-break, aurait bien pu co\u00fbter la qualification aux hommes d\u2019Igor Juricic&#8230;. <\/p>\n<p>    Cet article a \u00e9t\u00e9 tronqu\u00e9. Abonnez-vous pour lire l&rsquo;article complet sur notre site.<\/p>\n<p style=\"margin: 0 !important; padding: 0 !important; font-size: 12px !important;\">Cet article a \u00e9t\u00e9 tronqu\u00e9. Abonnez-vous pour lire l&rsquo;article complet.<\/p>\n<p>    <a href=\"https:\/\/www.lanouvellerepublique.fr\/abonnements\" style=\"display: inline-block; margin-top: 5px !important; padding: 6px 12px !important; background: #cb1c27; color: white; text-decoration: none; border-radius: 4px; font-size: 12px !important;\" target=\"_blank\" rel=\"noopener\"><br \/>\n      S&rsquo;abonner<br \/>\n    <\/a><\/p>\n","protected":false},"excerpt":{"rendered":"Tout le monde s\u2019accordera \u00e0 le dire\u00a0: quand on dispute un match \u00e9liminatoire tel qu\u2019un quart de finale&hellip;\n","protected":false},"author":2,"featured_media":605180,"comment_status":"","ping_status":"","sticky":false,"template":"","format":"standard","meta":{"footnotes":""},"categories":[4],"tags":[1392,11,19740,1011,27,1387,12,25,60,1390,1471,2767,1470],"class_list":{"0":"post-605179","1":"post","2":"type-post","3":"status-publish","4":"format-standard","5":"has-post-thumbnail","7":"category-france","8":"tag-a-la-une-local","9":"tag-actualites","10":"tag-coupe-de-france-volley","11":"tag-fr","12":"tag-france","13":"tag-indre-et-loire","14":"tag-news","15":"tag-republique-francaise","16":"tag-sports","17":"tag-tours","18":"tag-tours-volley-ball","19":"tag-tvb-37","20":"tag-volley"},"share_on_mastodon":{"url":"https:\/\/pubeurope.com\/@fr\/115734876170868078","error":""},"_links":{"self":[{"href":"https:\/\/www.europesays.com\/fr\/wp-json\/wp\/v2\/posts\/605179","targetHints":{"allow":["GET"]}}],"collection":[{"href":"https:\/\/www.europesays.com\/fr\/wp-json\/wp\/v2\/posts"}],"about":[{"href":"https:\/\/www.europesays.com\/fr\/wp-json\/wp\/v2\/types\/post"}],"author":[{"embeddable":true,"href":"https:\/\/www.europesays.com\/fr\/wp-json\/wp\/v2\/users\/2"}],"replies":[{"embeddable":true,"href":"https:\/\/www.europesays.com\/fr\/wp-json\/wp\/v2\/comments?post=605179"}],"version-history":[{"count":0,"href":"https:\/\/www.europesays.com\/fr\/wp-json\/wp\/v2\/posts\/605179\/revisions"}],"wp:featuredmedia":[{"embeddable":true,"href":"https:\/\/www.europesays.com\/fr\/wp-json\/wp\/v2\/media\/605180"}],"wp:attachment":[{"href":"https:\/\/www.europesays.com\/fr\/wp-json\/wp\/v2\/media?parent=605179"}],"wp:term":[{"taxonomy":"category","embeddable":true,"href":"https:\/\/www.europesays.com\/fr\/wp-json\/wp\/v2\/categories?post=605179"},{"taxonomy":"post_tag","embeddable":true,"href":"https:\/\/www.europesays.com\/fr\/wp-json\/wp\/v2\/tags?post=605179"}],"curies":[{"name":"wp","href":"https:\/\/api.w.org\/{rel}","templated":true}]}}