{"id":605185,"date":"2025-12-17T12:27:20","date_gmt":"2025-12-17T12:27:20","guid":{"rendered":"https:\/\/www.europesays.com\/fr\/605185\/"},"modified":"2025-12-17T12:27:20","modified_gmt":"2025-12-17T12:27:20","slug":"cyclo-cross-a-42-ans-steve-chainel-est-sorti-de-sa-retraite-pour-disputer-la-finale-de-coupe-de-france","status":"publish","type":"post","link":"https:\/\/www.europesays.com\/fr\/605185\/","title":{"rendered":"Cyclo-cross. A 42 ans, Steve Chainel est sorti de sa retraite pour disputer la finale de Coupe de France\u00a0!"},"content":{"rendered":"<p>Avec sa gouaille, ses propos sans filtre, son enthousiasme communicatif, ses statuts parall\u00e8les de consultant \u00e0 Eurosport (il vient de rempiler pour 2026 et commentera notamment le Tour de France) et acteur-narrateur de la s\u00e9rie Netflix d\u00e9di\u00e9e \u00e0 la Grande Boucle, Steve Chainel passe rarement sous les \u00e9crans radar. \u00c0 tel point qu\u2019on est en droit de se demander si, aujourd\u2019hui, <a href=\"https:\/\/www.vosgesmatin.fr\/sport\/2023\/01\/13\/cyclisme-retour-en-images-sur-la-carriere-de-cyclocrossman-de-steve-chainel\" target=\"_blank\" rel=\"noopener\">son pass\u00e9 de sportif de haut niveau et ses titres<\/a> arrivent vraiment en t\u00eate des aspects qui font de lui une personnalit\u00e9 connue.<\/p>\n<p>Ce dimanche, le St\u00e9phanois a fait le buzz en quelque sorte en ramenant ce pass\u00e9 au pr\u00e9sent. Steve Chainel est remont\u00e9, \u00e0 42 ans, sur son v\u00e9lo pour disputer la finale de la Coupe de France Elite, sur la plage de Ouistreham, dans le Calvados. Inutile de dire que la pr\u00e9sence de son patronyme sur la liste d\u2019\u00e9margement a r\u00e9veill\u00e9 la curiosit\u00e9 m\u00e9diatique. Quelle mouche a donc piqu\u00e9 <a href=\"https:\/\/www.vosgesmatin.fr\/sport\/2018\/01\/15\/cyclo-cross-un-reve-se-concretise-pour-steve-chainel\" target=\"_blank\" rel=\"noopener\">le champion de France 2018<\/a> \u00a0? \u00ab\u00a0Quand tu as <a href=\"https:\/\/www.vosgesmatin.fr\/economie\/2022\/11\/25\/steve-chainel-le-cyclo-cross-dans-l-ame\" target=\"_blank\" rel=\"noopener\">la passion chevill\u00e9e au corps<\/a> , tu as envie de te tester. Un passionn\u00e9 de foot peut continuer \u00e0 pratiquer comme \u00e7a. Mais jouer au cyclo-cross tout seul dans un champ est plus difficile (rires).\u00a0\u00bb<\/p>\n<p>Le public vosgien a d\u00e9j\u00e0 eu le loisir de le voir sur trois \u00e9preuves r\u00e9gionales (Sainte-Marguerite, Saulxures-sur-Moselotte, Saint-Etienne-l\u00e8s-Remiremont), dans sa cat\u00e9gorie d\u2019\u00e2ge (masters). Avec une deuxi\u00e8me place et deux succ\u00e8s. \u00ab\u00a0Je me suis \u00e9clat\u00e9. Je conseille les jeunes, dont le fils de ma s\u0153ur (Gianni No\u00ebl)\u00a0\u00bb, ajoute Steve Chainel, qui se positionne dans la transmission. \u00ab\u00a0Les mercredis apr\u00e8s-midi, on se retrouve avec des jeunes du coin, \u00e7a me force \u00e0 \u00eatre dans le rythme au niveau technique. Je donne de mon temps parce que j\u2019ai cette chance d\u2019en avoir. Le but est de conseiller et de faire progresser ces jeunes.\u00a0\u00bb<\/p>\n<p>  \u00ab\u00a0Le basket est devenu une de mes priorit\u00e9s\u00a0\u00bb<\/p>\n<p>Sa course dominicale, aux c\u00f4t\u00e9s des meilleurs Fran\u00e7ais, s\u2019est conclue sur une 29e place. \u00ab\u00a0Je me suis bien fait mal \u00e0 la gueule pour une 29e place (rires). Mais en me r\u00e9galant, vraiment. Les sensations techniques \u00e9taient les m\u00eames qu\u2019avant. Et puis, il y a eu ce bain de foule comme je les aime.\u00a0\u00bb<\/p>\n<p>L\u2019histoire reprendra ce samedi \u00e0 Belfort, le 28\u00a0d\u00e9cembre \u00e0 Chauny dans l\u2019Aisne (une \u00e9preuve orchestr\u00e9e par un ancien m\u00e9cano de la FDJ), avant le championnat du Grand Est \u00e0 Wittenheim le 4\u00a0janvier. Et plus si entente\u00a0? Pr\u00e9sent dans le top 50 du classement g\u00e9n\u00e9ral de la Coupe de France, il est de facto qualifi\u00e9 pour les championnats de France de Troyes. Une deuxi\u00e8me carri\u00e8re serait-elle en gestation\u00a0? \u00ab\u00a0Oui, une carri\u00e8re sur cinq semaines\u00a0\u00bb, s\u2019amuse l\u2019int\u00e9ress\u00e9. \u00ab\u00a0Je me suis fait charrier par mes potes qui m\u2019ont dit qu\u2019on avait plus parl\u00e9 ce week-end du come-back de Steve Chainel que du succ\u00e8s de Mathieu Van der Poel en Coupe du monde \u00e0 Namur (Belgique). Les France, je ne sais pas si j\u2019irai. J\u2019ai un match de basket ce jour-l\u00e0.\u00a0\u00bb<\/p>\n<p>Ce contenu est bloqu\u00e9 car vous n&rsquo;avez pas accept\u00e9 les cookies et autres traceurs.<\/p>\n<p>En cliquant sur \u00ab J\u2019accepte \u00bb, les cookies et autres traceurs seront d\u00e9pos\u00e9s et vous pourrez visualiser les contenus  (<a href=\"\" class=\"consentModule_policy\" target=\"_blank\" title=\"Consulter la politique de protection des donn\u00e9es du fournisseur\">plus d&rsquo;informations<\/a>).<\/p>\n<p>En cliquant sur \u00ab J\u2019accepte tous les cookies \u00bb, vous autorisez des d\u00e9p\u00f4ts de cookies et autres traceurs pour le stockage de vos donn\u00e9es sur nos sites et applications \u00e0 des fins de personnalisation et de ciblage publicitaire.<\/p>\n<p class=\"consentModule_secondaryText\">Vous gardez la possibilit\u00e9 de retirer votre consentement \u00e0 tout moment en consultant notre <a href=\"https:\/\/www.vosgesmatin.fr\/protection-des-donnees\" target=\"_blank\" title=\"Consulter notre politique de protection des donn\u00e9es\" rel=\"noopener\">politique de protection des donn\u00e9es<\/a>. <br \/>&#13;<br \/>\n            <a href=\"https:\/\/www.vosgesmatin.fr\/sport\/2025\/12\/17\/javascript:Didomi.notice.show()\" class=\"consentModule_cmp\" target=\"_blank\" rel=\"noopener\">G\u00e9rer mes choix<\/a>&#13;\n        <\/p>\n<p>&#13;<br \/>\n                        J&rsquo;accepte&#13;<br \/>\n            J&rsquo;accepte tous les cookies&#13;\n        <\/p>\n<p>Car Steve est le poste 4 de <a href=\"https:\/\/www.vosgesmatin.fr\/edition-de-remiremont\/2017\/09\/18\/basket-les-clubs-de-remiremont-et-le-thillot-fusionnent\" target=\"_blank\" rel=\"noopener\">l\u2019Ensemble Basket Remiremont Le Thillot<\/a>. \u00ab\u00a0Le basket est devenu une de mes priorit\u00e9s. Je n\u2019ai pas un gros QI basket mais je progresse. J\u2019aime aller au combat, poser des \u00e9crans.\u00a0\u00bb On retrouvera aussi Steve Chainel lors du Trail 14-18 \u00e0 Remiremont le 26\u00a0d\u00e9cembre. \u00ab\u00a0Steve is back\u00a0!\u00a0\u00bb, conclut-il dans un fou rire. Un clin d\u2019\u0153il \u00e0 son idole, Michael Jordan, revenu sur les terrains de NBA 18 mois apr\u00e8s sa retraite.<\/p>\n","protected":false},"excerpt":{"rendered":"Avec sa gouaille, ses propos sans filtre, son enthousiasme communicatif, ses statuts parall\u00e8les de consultant \u00e0 Eurosport (il&hellip;\n","protected":false},"author":2,"featured_media":605186,"comment_status":"","ping_status":"","sticky":false,"template":"","format":"standard","meta":{"footnotes":""},"categories":[1411],"tags":[22455,1154,207,1798,107,1701,17649,1795,1011,27,33907,517,1700,60],"class_list":{"0":"post-605185","1":"post","2":"type-post","3":"status-publish","4":"format-standard","5":"has-post-thumbnail","7":"category-cyclisme","8":"tag-cc-de-la-porte-des-vosges-meridionales-88a","9":"tag-cycling","10":"tag-cyclisme","11":"tag-edition-remiremont-gerardmer","12":"tag-fil-info","13":"tag-fil-info-sport","14":"tag-fil-print","15":"tag-fil-web","16":"tag-fr","17":"tag-france","18":"tag-saint-etienne-les-remiremont","19":"tag-sport","20":"tag-sport-lorrain","21":"tag-sports"},"share_on_mastodon":{"url":"https:\/\/pubeurope.com\/@fr\/115734907798785614","error":""},"_links":{"self":[{"href":"https:\/\/www.europesays.com\/fr\/wp-json\/wp\/v2\/posts\/605185","targetHints":{"allow":["GET"]}}],"collection":[{"href":"https:\/\/www.europesays.com\/fr\/wp-json\/wp\/v2\/posts"}],"about":[{"href":"https:\/\/www.europesays.com\/fr\/wp-json\/wp\/v2\/types\/post"}],"author":[{"embeddable":true,"href":"https:\/\/www.europesays.com\/fr\/wp-json\/wp\/v2\/users\/2"}],"replies":[{"embeddable":true,"href":"https:\/\/www.europesays.com\/fr\/wp-json\/wp\/v2\/comments?post=605185"}],"version-history":[{"count":0,"href":"https:\/\/www.europesays.com\/fr\/wp-json\/wp\/v2\/posts\/605185\/revisions"}],"wp:featuredmedia":[{"embeddable":true,"href":"https:\/\/www.europesays.com\/fr\/wp-json\/wp\/v2\/media\/605186"}],"wp:attachment":[{"href":"https:\/\/www.europesays.com\/fr\/wp-json\/wp\/v2\/media?parent=605185"}],"wp:term":[{"taxonomy":"category","embeddable":true,"href":"https:\/\/www.europesays.com\/fr\/wp-json\/wp\/v2\/categories?post=605185"},{"taxonomy":"post_tag","embeddable":true,"href":"https:\/\/www.europesays.com\/fr\/wp-json\/wp\/v2\/tags?post=605185"}],"curies":[{"name":"wp","href":"https:\/\/api.w.org\/{rel}","templated":true}]}}