{"id":605188,"date":"2025-12-17T12:29:11","date_gmt":"2025-12-17T12:29:11","guid":{"rendered":"https:\/\/www.europesays.com\/fr\/605188\/"},"modified":"2025-12-17T12:29:11","modified_gmt":"2025-12-17T12:29:11","slug":"pourquoi-thierry-olive-na-pas-fete-les-20-ans-de-lamour-est-dans-le-pre-sur-m6","status":"publish","type":"post","link":"https:\/\/www.europesays.com\/fr\/605188\/","title":{"rendered":"Pourquoi Thierry Olive n&rsquo;a pas f\u00eat\u00e9 les 20 ans de L&rsquo;Amour est dans le pr\u00e9 sur M6\u00a0?"},"content":{"rendered":"<p>                    Par<br \/>\n        <strong><br \/>\n            <a href=\"https:\/\/actu.fr\/auteur\/n-lepigeon\" title=\"Consulter tous les articles de Nicolas Lepigeon\" target=\"_blank\" rel=\"noopener\">Nicolas Lepigeon<\/a><br \/>\n                    <\/strong><\/p>\n<p>        Publi\u00e9 le<\/p>\n<p>            17 d\u00e9c. 2025 \u00e0 12h27        <\/p>\n<p data-v-854b1cb6=\"\">\u00ab Ne vis pas pour que ta pr\u00e9sence se remarque mais pour que ton absence se ressente \u00bb, disait <b>Bob Marley<\/b>. Si <b>Thierry Olive<\/b> s\u2019\u00e9tait particuli\u00e8rement fait remarquer lors de la saison 7 de <a href=\"https:\/\/actu.fr\/tag\/lamour-est-dans-le-pre\" target=\"_blank\" rel=\"noopener\">L\u2019Amour est dans le pr\u00e9<\/a> sur M6 \u2013 par son allure, son accent, ses expressions et son comportement rocambolesques \u2013 son absence dans les deux <b>\u00e9missions sp\u00e9ciales des 8 et 15 d\u00e9cembre 2025<\/b> s\u2019est faite particuli\u00e8rement ressentir. \u00c0 tel point que de nombreux m\u00e9dias nationaux, notamment sur internet, s\u2019en sont fait l\u2019\u00e9cho en r\u00e9p\u00e9tant la r\u00e9ponse de la production : il a connu des \u00ab <b>probl\u00e8mes personnels<\/b> au moment du tournage \u00bb en septembre 2025.<\/p>\n<p>Une triste nouvelle<\/p>\n<p data-v-854b1cb6=\"\" class=\" wall-content\">En effet, <a href=\"https:\/\/actu.fr\/normandie\/gavray-sur-sienne_50197\/thierry-olive-va-vendre-sa-ferme-prendre-sa-retraite-et-figurer-dans-les-20-ans-de-lamour-est-dans-le-pre_63024913.html\" target=\"_blank\" rel=\"noopener\">Thierry Olive avait confi\u00e9 \u00e0 <\/a><a href=\"https:\/\/actu.fr\/normandie\/gavray-sur-sienne_50197\/thierry-olive-va-vendre-sa-ferme-prendre-sa-retraite-et-figurer-dans-les-20-ans-de-lamour-est-dans-le-pre_63024913.html\" target=\"_blank\" rel=\"noopener\">La Presse de la Manche<\/a>, \u00e0 la mi-ao\u00fbt 2025, qu\u2019il avait bien \u00e9t\u00e9 <b>invit\u00e9 avec Annie \u2013 son \u00e9pouse depuis 13 ans, rencontr\u00e9e lors de l\u2019\u00e9mission \u2013<\/b> pour ces deux jours dans un magnifique camping en pleine nature dans la Dr\u00f4me, en compagnie de <a href=\"https:\/\/actu.fr\/tag\/karine-le-marchand\" target=\"_blank\" rel=\"noopener\">Karine Le Marchand<\/a> et d\u2019une cinquantaine d\u2019autres candidats marquants des <b>20 saisons<\/b><b>.<\/b> Et qu\u2019il se r\u00e9jouissait \u00e0 l\u2019avance de prolonger le s\u00e9jour dans la r\u00e9gion de <b>Mont\u00e9limar<\/b> : \u00ab Comme la production paie le trajet, on va y rester pour les vacances ! \u00bb<\/p>\n<p data-v-854b1cb6=\"\" class=\" wall-content\">Mais lors des deux \u00e9pisodes, le<b> m\u00e9diatique agriculteur de 57\u00a0ans<\/b> originaire de <a href=\"https:\/\/actu.fr\/normandie\/ver_50626\" target=\"_blank\" rel=\"noopener\">Ver<\/a> (pr\u00e8s de Gavray), qui avait sorti son autobiographie Je voulais juste \u00eatre un petit peu heureux en 2014, n\u2019est pas apparu \u00e0 l\u2019\u00e9cran et aucune nouvelle fra\u00eeche n\u2019a \u00e9t\u00e9 donn\u00e9e \u00e0 son sujet.<\/p>\n<p>\u00ab\u00a0Je vais \u00eatre invit\u00e9 l\u2019an prochain\u00a0\u00bb<\/p>\n<p data-v-854b1cb6=\"\" class=\" wall-content\">Contact\u00e9 ce mercredi 17 d\u00e9cembre, Thierry Olive nous a d\u00e9voil\u00e9 la triste raison de son absence : \u00ab <b>Ma m\u00e8re est d\u00e9c\u00e9d\u00e9e<\/b> un peu avant le tournage, \u00e0 l\u2019\u00e2ge de 81 ans et demi. \u00bb<\/p>\n<p data-v-854b1cb6=\"\" class=\" wall-content\">Mais comme il appr\u00e9cie toujours \u00eatre sous les feux des projecteurs, il annonce aussi :<\/p>\n<blockquote class=\"ac-article-quote wall-content\">\n<p>Je vais \u00eatre invit\u00e9 l\u2019an prochain l\u00e0-bas dans le camping pour l\u2019\u00e9mission, je ne peux pas en dire plus, vous verrez bien.<\/p>\n<p>Thierry Olive<\/p><\/blockquote>\n<p>Vid\u00e9os : en ce moment sur Actu<\/p>\n<p data-v-854b1cb6=\"\" class=\" wall-content\">La derni\u00e8re fois, il avait \u00e9galement confi\u00e9 vouloir vendre sa<b> ferme de 33 hectares et 150 animaux<\/b> pour partir \u00e0 la retraite et g\u00e9rer son g\u00eete avec Annie, tout en profitant de voyages. \u00ab Il y a des visites mais l\u2019exploitation n\u2019est toujours pas vendue. \u00bb<\/p>\n<p data-v-854b1cb6=\"\" class=\" wall-content\">En ce qui concerne les audiences des 20\u00a0ans de L\u2019Amour est dans le pr\u00e9, M6 avait d\u00e9croch\u00e9 la premi\u00e8re place le premier lundi avec environ <b>3\u00a0millions de t\u00e9l\u00e9spectateurs<\/b>. Quant au second \u00e9pisode, il a r\u00e9uni en moyenne 2,5\u00a0millions de personnes devant leur petit \u00e9cran, pour une troisi\u00e8me place derri\u00e8re les t\u00e9l\u00e9films de TF1 et France 2.<\/p>\n<p>Votre r\u00e9gion, votre actu !<\/p>\n<p>Recevez chaque jour les infos qui comptent pour vous.<\/p>\n<p>\t<a href=\"https:\/\/actu.fr\/newsletter\" class=\"ac-btn ac-btn--corner ac-btn--medium ac-btn--blue800\" target=\"_blank\" rel=\"noopener\">S&rsquo;incrire<\/a><\/p>\n<p data-v-854b1cb6=\"\" class=\" wall-content\">Ces bons r\u00e9sultats expliquent aussi pourquoi Karine Le\u00a0Marchand a annonc\u00e9 la programmation d\u2019une <b>21e saison en 2026. <\/b>Apr\u00e8s Thierry Olive, Julie Elie et Valentin Dudouit, d\u00e9couvrira-t-on un nouveau personnage c\u00e9libataire de notre campagne manchoise ?<\/p>\n<p class=\" wall-content\">Personnalisez votre actualit\u00e9 en ajoutant vos villes et m\u00e9dias en favori avec <a href=\"https:\/\/moncompte.actu.fr\" title=\"D\u00e9couvez Mon Actu\" rel=\"nofollow noopener\" data-trk=\"{&quot;cta&quot;:{&quot;action&quot;:&quot;https:\\\/\\\/moncompte.actu.fr&quot;,&quot;category&quot;:&quot;mon compte&quot;,&quot;from&quot;:&quot;article footer&quot;,&quot;name&quot;:&quot;Mon actu&quot;,&quot;type&quot;:&quot;cta&quot;}}\" target=\"_blank\">Mon Actu<\/a>.<\/p>\n","protected":false},"excerpt":{"rendered":"Par Nicolas Lepigeon Publi\u00e9 le 17 d\u00e9c. 2025 \u00e0 12h27 \u00ab Ne vis pas pour que ta pr\u00e9sence&hellip;\n","protected":false},"author":2,"featured_media":605189,"comment_status":"","ping_status":"","sticky":false,"template":"","format":"standard","meta":{"footnotes":""},"categories":[1359],"tags":[58,59,1011,27,5413,9307,1652,973],"class_list":{"0":"post-605188","1":"post","2":"type-post","3":"status-publish","4":"format-standard","5":"has-post-thumbnail","7":"category-people","8":"tag-divertissement","9":"tag-entertainment","10":"tag-fr","11":"tag-france","12":"tag-karine-le-marchand","13":"tag-lamour-est-dans-le-pre","14":"tag-loisirs-culture","15":"tag-people"},"share_on_mastodon":{"url":"https:\/\/pubeurope.com\/@fr\/115734915675163568","error":""},"_links":{"self":[{"href":"https:\/\/www.europesays.com\/fr\/wp-json\/wp\/v2\/posts\/605188","targetHints":{"allow":["GET"]}}],"collection":[{"href":"https:\/\/www.europesays.com\/fr\/wp-json\/wp\/v2\/posts"}],"about":[{"href":"https:\/\/www.europesays.com\/fr\/wp-json\/wp\/v2\/types\/post"}],"author":[{"embeddable":true,"href":"https:\/\/www.europesays.com\/fr\/wp-json\/wp\/v2\/users\/2"}],"replies":[{"embeddable":true,"href":"https:\/\/www.europesays.com\/fr\/wp-json\/wp\/v2\/comments?post=605188"}],"version-history":[{"count":0,"href":"https:\/\/www.europesays.com\/fr\/wp-json\/wp\/v2\/posts\/605188\/revisions"}],"wp:featuredmedia":[{"embeddable":true,"href":"https:\/\/www.europesays.com\/fr\/wp-json\/wp\/v2\/media\/605189"}],"wp:attachment":[{"href":"https:\/\/www.europesays.com\/fr\/wp-json\/wp\/v2\/media?parent=605188"}],"wp:term":[{"taxonomy":"category","embeddable":true,"href":"https:\/\/www.europesays.com\/fr\/wp-json\/wp\/v2\/categories?post=605188"},{"taxonomy":"post_tag","embeddable":true,"href":"https:\/\/www.europesays.com\/fr\/wp-json\/wp\/v2\/tags?post=605188"}],"curies":[{"name":"wp","href":"https:\/\/api.w.org\/{rel}","templated":true}]}}