{"id":60519,"date":"2025-04-29T00:18:16","date_gmt":"2025-04-29T00:18:16","guid":{"rendered":"https:\/\/www.europesays.com\/fr\/60519\/"},"modified":"2025-04-29T00:18:16","modified_gmt":"2025-04-29T00:18:16","slug":"meeting-dathle-a-saint-etienne-une-monistrolienne-realise-le-meilleur-temps-francais-de-la-saison","status":"publish","type":"post","link":"https:\/\/www.europesays.com\/fr\/60519\/","title":{"rendered":"Meeting d\u2019athl\u00e9 \u00e0 Saint-Etienne : une Monistrolienne r\u00e9alise le meilleur temps fran\u00e7ais de la saison"},"content":{"rendered":"<p>\t\t\t\t\t\t\t\t\t\t\t\t\t\t\t\t\t\t\t\t\t\t\t\t\t\t\t\t\t\t\t\t\t\t\t\t\t\t\t\t\t\t\t\t\t\t\t\t\t\t\t\t\t\t\t\t\t\t\t\t\t\t\t<a href=\"https:\/\/www.lacommere43.fr\/component\/banners\/click\/1751.html\" target=\"_blank\" title=\"Chevalier Fr\u00e8res avril 2025\" rel=\"nofollow noopener\"><br \/>\n\t\t\t\t\t\t\t<img decoding=\"async\" src=\"https:\/\/www.europesays.com\/fr\/wp-content\/uploads\/2025\/04\/chevalier-fraise.jpg\" alt=\"Chevalier Fr\u00e8res avril 2025\"\/><br \/>\n\t\t\t\t\t\t<\/a><\/p>\n<p><strong>Avec 12\u2019\u201913 aux 100 m\u00e8tres, la cadette Gabri\u00e8le Mangin (Athl\u00e9tic Club Secteur Monistrol) s\u2019est fait remarquer ce samedi au meeting d\u2019athl\u00e9tisme \u00e0 l\u2019\u00c9tivalli\u00e8re. C\u2019est le meilleur temps fran\u00e7ais de sa cat\u00e9gorie\u00a0!<\/strong><\/p>\n<p>La saison ne fait que commencer et d\u2019autres pourront peut-\u00eatre faire mieux. Mais cela situe le niveau de la meilleure sprinteuse du club \u00e0 la tunique jaune.<\/p>\n<p>Elle a aussi am\u00e9lior\u00e9 son meilleur chrono sur 200 m\u00e8tres (24\u2019\u201967).<\/p>\n<p>Parmi les autres r\u00e9sultats notables du club, au 100 m\u00e8tres Joan Ruel 11\u2019\u201941 et Estelle Ra\u00efa 12\u2019\u201992.<\/p>\n<p>Certains athl\u00e8tes ont aussi lanc\u00e9 le poids ou le javelot, en vue des\u00a0 interclubs qui auront lieu le 3 mai \u00e0 Saint-Maurice L\u2019Exil (Is\u00e8re).<\/p>\n<p>R\u00e9sultats ACS Monistrol : <a href=\"https:\/\/bases.athle.fr\/asp.net\/liste.aspx?frmpostback=true&amp;frmbase=bilans&amp;frmmode=1&amp;frmespace=112&amp;frmannee=2025&amp;frmepreuve=120&amp;frmcategorie=CA&amp;frmsexe=F&amp;frmnationalite=&amp;frmligue=&amp;frmdepartement=&amp;frmstructure=&amp;frmclub=&amp;frmvent=&amp;frmathlerama=&amp;frmfcompetition=&amp;frmfepreuve=&amp;frmplaces=\" target=\"_blank\" rel=\"noopener nofollow\">https:\/\/bases.athle.fr\/asp.net\/liste.aspx?frmpostback=true&amp;frmbase=bilans&amp;frmmode=1&amp;frmespace=112&amp;frmannee=2025&amp;frmepreuve=120&amp;frmcategorie=CA&amp;frmsexe=F&amp;frmnationalite=&amp;frmligue=&amp;frmdepartement=&amp;frmstructure=&amp;frmclub=&amp;frmvent=&amp;frmathlerama=&amp;frmfcompetition=&amp;frmfepreuve=&amp;frmplaces=<\/a><\/p>\n","protected":false},"excerpt":{"rendered":"Avec 12\u2019\u201913 aux 100 m\u00e8tres, la cadette Gabri\u00e8le Mangin (Athl\u00e9tic Club Secteur Monistrol) s\u2019est fait remarquer ce samedi&hellip;\n","protected":false},"author":2,"featured_media":60520,"comment_status":"","ping_status":"","sticky":false,"template":"","format":"standard","meta":{"footnotes":""},"categories":[9653],"tags":[1111,2281,11,2430,1777,674,2282,1011,27,2280,2284,2285,2283,12,25,4001],"class_list":{"0":"post-60519","1":"post","2":"type-post","3":"status-publish","4":"format-standard","5":"has-post-thumbnail","7":"category-saint-etienne","8":"tag-actu","9":"tag-actualite-43","10":"tag-actualites","11":"tag-auvergne-rhone-alpes","12":"tag-eu","13":"tag-europe","14":"tag-faits-divers-auvergne","15":"tag-fr","16":"tag-france","17":"tag-information-haute-loire","18":"tag-infos-43","19":"tag-journal-haute-loire","20":"tag-la-commere-43","21":"tag-news","22":"tag-republique-francaise","23":"tag-saint-etienne"},"share_on_mastodon":{"url":"https:\/\/pubeurope.com\/@fr\/114418385140815835","error":""},"_links":{"self":[{"href":"https:\/\/www.europesays.com\/fr\/wp-json\/wp\/v2\/posts\/60519","targetHints":{"allow":["GET"]}}],"collection":[{"href":"https:\/\/www.europesays.com\/fr\/wp-json\/wp\/v2\/posts"}],"about":[{"href":"https:\/\/www.europesays.com\/fr\/wp-json\/wp\/v2\/types\/post"}],"author":[{"embeddable":true,"href":"https:\/\/www.europesays.com\/fr\/wp-json\/wp\/v2\/users\/2"}],"replies":[{"embeddable":true,"href":"https:\/\/www.europesays.com\/fr\/wp-json\/wp\/v2\/comments?post=60519"}],"version-history":[{"count":0,"href":"https:\/\/www.europesays.com\/fr\/wp-json\/wp\/v2\/posts\/60519\/revisions"}],"wp:featuredmedia":[{"embeddable":true,"href":"https:\/\/www.europesays.com\/fr\/wp-json\/wp\/v2\/media\/60520"}],"wp:attachment":[{"href":"https:\/\/www.europesays.com\/fr\/wp-json\/wp\/v2\/media?parent=60519"}],"wp:term":[{"taxonomy":"category","embeddable":true,"href":"https:\/\/www.europesays.com\/fr\/wp-json\/wp\/v2\/categories?post=60519"},{"taxonomy":"post_tag","embeddable":true,"href":"https:\/\/www.europesays.com\/fr\/wp-json\/wp\/v2\/tags?post=60519"}],"curies":[{"name":"wp","href":"https:\/\/api.w.org\/{rel}","templated":true}]}}