{"id":605190,"date":"2025-12-17T12:30:15","date_gmt":"2025-12-17T12:30:15","guid":{"rendered":"https:\/\/www.europesays.com\/fr\/605190\/"},"modified":"2025-12-17T12:30:15","modified_gmt":"2025-12-17T12:30:15","slug":"balade-au-clair-de-lune-et-visite-du-louvre-de-rares-images-de-lyna-khoudri-et-karim-benzema-a-paris","status":"publish","type":"post","link":"https:\/\/www.europesays.com\/fr\/605190\/","title":{"rendered":"Balade au clair de lune et visite du Louvre\u2026 De rares images de Lyna Khoudri et Karim Benzema \u00e0 Paris"},"content":{"rendered":"<p>\n    Ce lundi 15 d\u00e9cembre, le footballeur a d\u00e9voil\u00e9 sur son compte Instagram une s\u00e9rie de photos de lui et de son \u00e9pouse en train de profiter des tr\u00e9sors de la capitale.<\/p>\n<p class=\"fig-paragraph\">Ils ne se quittent plus. Depuis leur coup de foudre fin 2022 lors de la soir\u00e9e du Ballon d\u2019Or au th\u00e9\u00e2tre du Ch\u00e2telet, \u00e0 Paris, Karim Benzema et<a href=\"http:\/\/madame.lefigaro.fr\/celebrites\/culture\/lyna-khoudri-mon-pere-m-a-inculque-l-insoumisssion-20250206\" data-fig-type=\"Article\" data-gtm-custom-categorie=\"navigation\" data-gtm-custom-action=\"crossclick\" data-gtm-custom-label=\"Contextuel\" data-gtm-event=\"customEventSPE\" data-fig-domain=\"MADAME\" target=\"_blank\" rel=\"noopener\">\u00a0Lyna Khoudri\u00a0<\/a>vivent une belle histoire d\u2019amour dans la plus grande discr\u00e9tion. Ce lundi 15 d\u00e9cembre, le footballeur a d\u00e9rog\u00e9 \u00e0 leur habituelle pudeur en d\u00e9voilant, sur son compte Instagram, une s\u00e9rie de photos montrant des moments de leur vie de jeunes mari\u00e9s.<\/p>\n<p>                                                                Parenth\u00e8se culturelle<\/p>\n<p class=\"fig-paragraph\">Sur ces images,\u00a0<a href=\"https:\/\/photo-madame.lefigaro.fr\/celebrites\/actu-people\/les-femmes-qui-ont-partage-la-vie-de-karim-benzema-20250524\" data-fig-type=\"SlideShowResource\" data-gtm-custom-categorie=\"navigation\" data-gtm-custom-action=\"crossclick\" data-gtm-custom-label=\"Contextuel\" data-gtm-event=\"customEventSPE\" data-fig-domain=\"MADAME\" target=\"_blank\" rel=\"noopener\">Karim Benzema<\/a>\u00a0et Lyna Khoudri profitent d\u2019une escapade romantique \u00e0 Paris, \u00e0 la tomb\u00e9e de la nuit. L\u2019\u00e9toile montante du cin\u00e9ma fran\u00e7ais a pris son compagnon en photo, de dos, aux abords du Louvre, face \u00e0 la pyramide, puis \u00e0 l\u2019int\u00e9rieur du mus\u00e9e, alors qu\u2019il admirait le c\u00e9l\u00e8bre tableau de La Joconde, de L\u00e9onard de Vinci.<\/p>\n<p>                                                                <a class=\"fig-a11y-skip\" href=\"#fig-a11y-skip-main-inarticle\" data-module=\"a11y-skip\" data-context=\"was @visible\"><br \/>\n    Passer la publicit\u00e9<br \/>\n<\/a>            <\/p>\n<p class=\"fig-paragraph\">Apr\u00e8s cette parenth\u00e8se culturelle, les amoureux, emmitoufl\u00e9s dans leur manteau, se sont balad\u00e9s main dans la main dans des galeries historiques. Puis ils ont fl\u00e2n\u00e9 dans les rues de la capitale, s\u2019\u00e9merveillant devant les d\u00e9corations de No\u00ebl qui illuminent et subliment la ville \u00e0 l\u2019approche des f\u00eates. Les deux stars ont immortalis\u00e9 cet instant avec un selfie sur lequel le sportif, casquette noire viss\u00e9e sur la t\u00eate, passe tendrement son bras autour du cou de sa compagne, sa t\u00eate tendrement coll\u00e9e \u00e0 la sienne. \u00abL\u2019art qui tue\u00bb, a comment\u00e9 le joueur de foot en l\u00e9gende de ces photos in\u00e9dites de lui et sa bien-aim\u00e9e, avec un \u00e9moji \u00e9toile.<\/p>\n<p>                                                                Relation \u00e0 distance<\/p>\n<p class=\"fig-paragraph\"><a href=\"http:\/\/madame.lefigaro.fr\/mariage\/karim-benzema-et-lyna-khoudri-le-mariage-cet-ete-que-personne-n-a-vu-venir-20250626\" data-fig-type=\"Article\" data-gtm-custom-categorie=\"navigation\" data-gtm-custom-action=\"crossclick\" data-gtm-custom-label=\"Contextuel\" data-gtm-event=\"customEventSPE\" data-fig-domain=\"MADAME\" target=\"_blank\" rel=\"noopener\">Depuis qu\u2019ils se sont dit \u00aboui\u00bb pour la vie d\u00e9but juillet en Corse<\/a>, Karim Benzema et Lyna Khoudri essaient de passer le plus de temps possible ensemble malgr\u00e9 leurs obligations respectives. Un v\u00e9ritable casse-t\u00eate pour les jeunes mari\u00e9s qui vivent \u00e0 des milliers de kilom\u00e8tres l\u2019un de l\u2019autre\u00a0: lui en Arabie saoudite, dans une villa luxueuse o\u00f9 il a pos\u00e9 ses valises apr\u00e8s son transfert au club de foot Al-Ittihad en 2023, et elle \u00e0 Paris o\u00f9 elle m\u00e8ne sa carri\u00e8re d\u2019actrice avec brio.<\/p>\n<p class=\"fig-paragraph\">Cet \u00e9loignement g\u00e9ographique leur a n\u00e9anmoins permis de garder leur relation secr\u00e8te avant qu\u2019ils ne d\u00e9cident de l\u2019officialiser le 23 mai 2025 en arrivant main dans la main sur le tapis rouge du Festival de Cannes. \u00abNous avions envie de le vivre ensemble. Nous \u00e9tions bien conscients que notre histoire sortirait un jour sans notre consentement\u2026 Je ne suis pas dupe\u00bb, s\u2019\u00e9tait justifi\u00e9e Lyna Khoudri en juin dernier dans une interview accord\u00e9e \u00e0\u00a0<a href=\"https:\/\/www.latribune.fr\/la-tribune-dimanche\/culture-et-tendances\/cinema-ecrans\/lyna-khoudri-l-ecole-de-la-republique-m-a-en-grande-partie-sauvee-1028153.html\" target=\"_blank\" rel=\"sponsored noopener\" data-gtm-custom-categorie=\"navigation\" data-gtm-custom-action=\"crossclick\" data-gtm-custom-label=\"Contextuel\" data-gtm-event=\"customEventSPE\">La Tribune Dimanche.\u00a0<\/a><\/p>\n<p class=\"fig-body-link&#10;    \">\n            \u00c0 lire aussi<br \/>\n        <a class=\"fig-body-link__link\" href=\"http:\/\/madame.lefigaro.fr\/celebrites\/actu-people\/nous-sommes-dans-notre-petite-bulle-les-petites-confidences-de-lyna-khoudri-sur-son-couple-avec-karim-benzema-20250630\" data-fig-type=\"Article\" data-gtm-custom-categorie=\"navigation\" data-gtm-custom-action=\"crossclick\" data-gtm-custom-label=\"Contextuel\" data-gtm-event=\"customEventSPE\" data-fig-domain=\"MADAME\" target=\"_blank\" rel=\"noopener\"><br \/>\n        \u00abNous sommes dans notre petite bulle\u00bb\u00a0: les petites confidences de Lyna Khoudri sur son couple avec Karim Benzema<\/a>\n<\/p>\n<p class=\"fig-paragraph\">L\u2019actrice avait insist\u00e9 sur le fait qu\u2019il ne s\u2019agissait en aucun cas d\u2019un coup de com\u2019 orchestr\u00e9 pour booster la promotion de son nouveau film 13 Jours, 13 Nuits, r\u00e9alis\u00e9 par Martin Bourboulon et pr\u00e9sent\u00e9 \u00e0 Cannes\u00a0: \u00abIl voulait m\u2019accompagner. Il \u00e9tait fier de moi tout comme j\u2019\u00e9tais fi\u00e8re d\u2019\u00eatre \u00e0 ses c\u00f4t\u00e9s. Ce n\u2019est pas parce que nous sommes deux personnalit\u00e9s publiques que l\u2019on ne peut pas se le permettre&#8230;\u00bb. Apr\u00e8s l\u2019\u00e9v\u00e9nement, les deux stars ont retrouv\u00e9 leur habituelle discr\u00e9tion.\u00a0<a href=\"http:\/\/madame.lefigaro.fr\/celebrites\/actu-people\/nous-sommes-dans-notre-petite-bulle-les-petites-confidences-de-lyna-khoudri-sur-son-couple-avec-karim-benzema-20250630\" data-fig-type=\"Article\" data-gtm-custom-categorie=\"navigation\" data-gtm-custom-action=\"crossclick\" data-gtm-custom-label=\"Contextuel\" data-gtm-event=\"customEventSPE\" data-fig-domain=\"MADAME\" target=\"_blank\" rel=\"noopener\">\u00abNous sommes dans notre petite bulle\u00bb, avait confi\u00e9 l\u2019actrice, visiblement \u00e9panouie.\u00a0<\/a><\/p>\n<p class=\"fig-paragraph\">Aucune photo de son union avec Karim Benzema n\u2019a en effet fuit\u00e9 dans la presse. Un soulagement pour elle et le footballeur, dont les souvenirs de cette journ\u00e9e magique resteront \u00e0 jamais leur pr\u00e9cieux secret.<\/p>\n","protected":false},"excerpt":{"rendered":"Ce lundi 15 d\u00e9cembre, le footballeur a d\u00e9voil\u00e9 sur son compte Instagram une s\u00e9rie de photos de lui&hellip;\n","protected":false},"author":2,"featured_media":605191,"comment_status":"","ping_status":"","sticky":false,"template":"","format":"standard","meta":{"footnotes":""},"categories":[1358],"tags":[1376,1348,1384,1385,650,1193,1386,58,59,63,1011,27],"class_list":{"0":"post-605190","1":"post","2":"type-post","3":"status-publish","4":"format-standard","5":"has-post-thumbnail","7":"category-arts-et-design","8":"tag-amour","9":"tag-arts","10":"tag-arts-and-design","11":"tag-arts-et-design","12":"tag-cinema","13":"tag-couple","14":"tag-design","15":"tag-divertissement","16":"tag-entertainment","17":"tag-football","18":"tag-fr","19":"tag-france"},"share_on_mastodon":{"url":"https:\/\/pubeurope.com\/@fr\/115734919480256438","error":""},"_links":{"self":[{"href":"https:\/\/www.europesays.com\/fr\/wp-json\/wp\/v2\/posts\/605190","targetHints":{"allow":["GET"]}}],"collection":[{"href":"https:\/\/www.europesays.com\/fr\/wp-json\/wp\/v2\/posts"}],"about":[{"href":"https:\/\/www.europesays.com\/fr\/wp-json\/wp\/v2\/types\/post"}],"author":[{"embeddable":true,"href":"https:\/\/www.europesays.com\/fr\/wp-json\/wp\/v2\/users\/2"}],"replies":[{"embeddable":true,"href":"https:\/\/www.europesays.com\/fr\/wp-json\/wp\/v2\/comments?post=605190"}],"version-history":[{"count":0,"href":"https:\/\/www.europesays.com\/fr\/wp-json\/wp\/v2\/posts\/605190\/revisions"}],"wp:featuredmedia":[{"embeddable":true,"href":"https:\/\/www.europesays.com\/fr\/wp-json\/wp\/v2\/media\/605191"}],"wp:attachment":[{"href":"https:\/\/www.europesays.com\/fr\/wp-json\/wp\/v2\/media?parent=605190"}],"wp:term":[{"taxonomy":"category","embeddable":true,"href":"https:\/\/www.europesays.com\/fr\/wp-json\/wp\/v2\/categories?post=605190"},{"taxonomy":"post_tag","embeddable":true,"href":"https:\/\/www.europesays.com\/fr\/wp-json\/wp\/v2\/tags?post=605190"}],"curies":[{"name":"wp","href":"https:\/\/api.w.org\/{rel}","templated":true}]}}