{"id":605192,"date":"2025-12-17T12:32:12","date_gmt":"2025-12-17T12:32:12","guid":{"rendered":"https:\/\/www.europesays.com\/fr\/605192\/"},"modified":"2025-12-17T12:32:12","modified_gmt":"2025-12-17T12:32:12","slug":"stephane-bern-62-ans-rejoint-cette-celebre-emission-de-tf1-il-ne-sattendait-pas-a-cette-reaction-de-son-entourage-ca-les-a-un-peu-etonnes","status":"publish","type":"post","link":"https:\/\/www.europesays.com\/fr\/605192\/","title":{"rendered":"St\u00e9phane Bern (62 ans) rejoint cette c\u00e9l\u00e8bre \u00e9mission de TF1 : il ne s&rsquo;attendait pas \u00e0 cette r\u00e9action de son entourage, \u00ab\u00a0\u00e7a les a un peu \u00e9tonn\u00e9s\u00a0\u00bb"},"content":{"rendered":"<p>Figure du service public, St\u00e9phane Bern<br \/>\ns&rsquo;invite dans Danse avec les stars sur TF1 et surprend. En<br \/>\ncoulisses, l&rsquo;animateur raconte cette parenth\u00e8se tr\u00e8s<br \/>\nsp\u00e9ciale.<\/p>\n<p>Surprise de taille pour les fid\u00e8les du service public :<br \/>\n<strong>St\u00e9phane Bern<\/strong> chaussera bient\u00f4t ses escarpins de<br \/>\ndanse sur le parquet de <strong>Danse avec les stars<\/strong>.<br \/>\nL\u2019animateur de 62 ans, connu pour ses \u00e9missions historiques et<br \/>\npatrimoniales, a accept\u00e9 de rejoindre le concours de TF1, loin de<br \/>\nson registre habituel. Une d\u00e9cision qui a aussit\u00f4t d\u00e9clench\u00e9 les<br \/>\ninterrogations sur les coulisses, entre d\u00e9fi personnel, strat\u00e9gie<br \/>\nd\u2019image et questions de loyaut\u00e9 t\u00e9l\u00e9.<\/p>\n<p>Cette saison 15 de Danse avec les stars, attendue en<br \/>\nd\u00e9but d\u2019ann\u00e9e prochaine sur TF1, s\u2019annonce d\u00e9j\u00e0 tr\u00e8s expos\u00e9e. Le<br \/>\njury, compos\u00e9 de Fauve Hautot, Mel Charlot, Chris Marques et<br \/>\nJean-Marc G\u00e9n\u00e9reux, resterait inchang\u00e9, tandis que le casting<br \/>\nr\u00e9unit Laure Manaudou, Ang\u00e9lique Angarni-Filopon, Ian Ziering,<br \/>\nJulien Lieb, Emma, Philippe Lellouche\u2026 et donc St\u00e9phane Bern. Une<br \/>\npr\u00e9sence qui intrigue forc\u00e9ment du c\u00f4t\u00e9 de <strong>France<br \/>\nT\u00e9l\u00e9visions<\/strong>. Comment la maison o\u00f9 il officie depuis pr\u00e8s<br \/>\nde vingt ans a-t-elle r\u00e9agi \u00e0 cette annonce inattendue ?<\/p>\n<p>St\u00e9phane Bern raconte la surprise de France<br \/>\nT\u00e9l\u00e9visions<\/p>\n<p>Figure embl\u00e9matique de France 2 et France 3 depuis 2006,<br \/>\nnotamment avec Secrets d&rsquo;histoire, l\u2019animateur a d\u2019abord<br \/>\nd\u00fb pr\u00e9venir son employeur historique de cette escapade sur une<br \/>\ncha\u00eene concurrente. Il r\u00e9sume la premi\u00e8re r\u00e9action en interne par<br \/>\nune formule simple : \u00ab\u00a0\u00c7a les a peut-\u00eatre un peu \u00e9tonn\u00e9s\u00a0\u00bb,<br \/>\na confi\u00e9 St\u00e9phane Bern \u00e0 T\u00e9l\u00e9-Loisirs. Une surprise<br \/>\ncompr\u00e9hensible pour celui qui incarne depuis des ann\u00e9es le visage<br \/>\ndu <strong>service public<\/strong>.<\/p>\n<p>Pour \u00e9viter toute inqui\u00e9tude, il explique avoir imm\u00e9diatement<br \/>\npos\u00e9 le cadre. \u00ab\u00a0J&rsquo;ai dit que c&rsquo;\u00e9tait une incursion de quelques<br \/>\nsemaines et que je vais continuer \u00e0 faire mes \u00e9missions\u00a0\u00bb.<br \/>\nL\u2019id\u00e9e est claire : Danse avec les stars reste, dans son<br \/>\nesprit, une parenth\u00e8se divertissante, limit\u00e9e dans le temps. Aucune<br \/>\nremise en cause officielle de ses engagements existants n\u2019a \u00e9t\u00e9<br \/>\n\u00e9voqu\u00e9e, seulement l\u2019\u00e9tonnement de le voir sortir de sa zone de<br \/>\nconfort.<\/p>\n<p>Une incursion chez TF1, pas un transfert de St\u00e9phane<br \/>\nBern<\/p>\n<p>Tr\u00e8s vite, une autre question a circul\u00e9 : cette participation \u00e0<br \/>\nDALS pr\u00e9pare-t-elle un d\u00e9part vers TF1 \u00e0 plus long terme ?<br \/>\nL\u00e0-dessus, St\u00e9phane Bern se montre cat\u00e9gorique. \u00ab\u00a0Je suis tr\u00e8s<br \/>\nattach\u00e9 au service public\u00a0\u00bb affirme-t-il, avant de pr\u00e9ciser :<br \/>\n\u00ab\u00a0je ne pense pas qu&rsquo;il y ait de concurrence avec ce que je<br \/>\nfais\u00a0\u00bb. Il insiste sur la continuit\u00e9 de ses programmes sur<br \/>\nFrance T\u00e9l\u00e9visions, dont Secrets d&rsquo;histoire et la<br \/>\nprochaine \u00e9dition de La grande soir\u00e9e du 31 sur France<br \/>\n2.<\/p>\n<p>L\u2019animateur voit m\u00eame dans ce d\u00e9tour par le divertissement un<br \/>\ncoup de projecteur utile pour ses \u00e9missions culturelles. \u00ab\u00a0Pour<br \/>\nmes \u00e9missions, \u00e7a va peut-\u00eatre attirer un nouveau public. C&rsquo;est<br \/>\nplut\u00f4t une bonne chose. Ils vont me voir me d\u00e9brouiller en danse.<br \/>\nIls vont se dire, tiens, il nous fait marrer celui-l\u00e0, on va aller<br \/>\nregarder ses \u00e9missions\u00a0\u00bb. Autrement dit, cette aventure sur TF1<br \/>\npourrait servir autant sa notori\u00e9t\u00e9 personnelle que la visibilit\u00e9<br \/>\nde France T\u00e9l\u00e9visions.<\/p>\n<p>Un casting tr\u00e8s attendu et encore<br \/>\ndes zones d\u2019ombre<\/p>\n<p>Reste un d\u00e9tail que les fans de l\u2019\u00e9mission surveillent de pr\u00e8s :<br \/>\navec qui St\u00e9phane Bern dansera-t-il sur le parquet de TF1, toujours<br \/>\nanim\u00e9 par Camille Combal ? Sur ce point, l\u2019int\u00e9ress\u00e9 assure \u00eatre<br \/>\naussi dans l\u2019attente que le public. \u00ab\u00a0Je ne sais rien de tout<br \/>\n\u00e7a\u2026 En attendant je me pr\u00e9pare pour la grande soir\u00e9e du 31 !\u00a0\u00bb<br \/>\nglisse-t-il, l\u00e0 encore avec humour. L\u2019identit\u00e9 de sa partenaire ou<br \/>\nde son partenaire devrait \u00eatre r\u00e9v\u00e9l\u00e9e seulement quelques jours<br \/>\navant le lancement de cette saison 15, o\u00f9 l\u2019expert des rois et<br \/>\nreines testera, pour une fois, son pas de deux avec le grand<br \/>\npublic.<\/p>\n","protected":false},"excerpt":{"rendered":"Figure du service public, St\u00e9phane Bern s&rsquo;invite dans Danse avec les stars sur TF1 et surprend. En coulisses,&hellip;\n","protected":false},"author":2,"featured_media":605193,"comment_status":"","ping_status":"","sticky":false,"template":"","format":"standard","meta":{"footnotes":""},"categories":[1356],"tags":[10281,58,59,1011,27,252,1364],"class_list":{"0":"post-605192","1":"post","2":"type-post","3":"status-publish","4":"format-standard","5":"has-post-thumbnail","7":"category-television","8":"tag-buzz-nonli","9":"tag-divertissement","10":"tag-entertainment","11":"tag-fr","12":"tag-france","13":"tag-television","14":"tag-tv"},"share_on_mastodon":{"url":"https:\/\/pubeurope.com\/@fr\/115734927385057506","error":""},"_links":{"self":[{"href":"https:\/\/www.europesays.com\/fr\/wp-json\/wp\/v2\/posts\/605192","targetHints":{"allow":["GET"]}}],"collection":[{"href":"https:\/\/www.europesays.com\/fr\/wp-json\/wp\/v2\/posts"}],"about":[{"href":"https:\/\/www.europesays.com\/fr\/wp-json\/wp\/v2\/types\/post"}],"author":[{"embeddable":true,"href":"https:\/\/www.europesays.com\/fr\/wp-json\/wp\/v2\/users\/2"}],"replies":[{"embeddable":true,"href":"https:\/\/www.europesays.com\/fr\/wp-json\/wp\/v2\/comments?post=605192"}],"version-history":[{"count":0,"href":"https:\/\/www.europesays.com\/fr\/wp-json\/wp\/v2\/posts\/605192\/revisions"}],"wp:featuredmedia":[{"embeddable":true,"href":"https:\/\/www.europesays.com\/fr\/wp-json\/wp\/v2\/media\/605193"}],"wp:attachment":[{"href":"https:\/\/www.europesays.com\/fr\/wp-json\/wp\/v2\/media?parent=605192"}],"wp:term":[{"taxonomy":"category","embeddable":true,"href":"https:\/\/www.europesays.com\/fr\/wp-json\/wp\/v2\/categories?post=605192"},{"taxonomy":"post_tag","embeddable":true,"href":"https:\/\/www.europesays.com\/fr\/wp-json\/wp\/v2\/tags?post=605192"}],"curies":[{"name":"wp","href":"https:\/\/api.w.org\/{rel}","templated":true}]}}