{"id":605198,"date":"2025-12-17T12:35:12","date_gmt":"2025-12-17T12:35:12","guid":{"rendered":"https:\/\/www.europesays.com\/fr\/605198\/"},"modified":"2025-12-17T12:35:12","modified_gmt":"2025-12-17T12:35:12","slug":"un-patient-de-19-ans-inquiete-les-medecins","status":"publish","type":"post","link":"https:\/\/www.europesays.com\/fr\/605198\/","title":{"rendered":"un patient de 19 ans inqui\u00e8te les m\u00e9decins"},"content":{"rendered":"<p>La tr\u00e8s grande majorit\u00e9 des 850\u202f000 personnes atteintes d&rsquo;Alzheimer en France ont plus de 65 ans\u00a0mais, parmi les diagnostiqu\u00e9s, il y a une minorit\u00e9 de patients jeunes, voire tr\u00e8s jeunes. Selon <a href=\"https:\/\/www.francealzheimer.org\/seineetmarne\/2022\/11\/23\/jeunes-alzheimer\/#:~:text=quelque%2033000%20cas%20d&#039;Alzheimer,Alzheimer%20jeunes%20diagnostiqu%C3%A9s%20chaque%20ann%C3%A9e.\" target=\"_blank\" rel=\"noopener\">France Alzheimer<\/a>, environ 33 000 personnes ont d\u00e9velopp\u00e9 <a href=\"https:\/\/www.futura-sciences.com\/sante\/actualites\/maladie-alzheimer-molecules-presentes-biere-previendraient-maladie-alzheimer-101712\/\" title=\"Des mol\u00e9cules pr\u00e9sentes dans la bi\u00e8re pr\u00e9viendraient la maladie d&#039;Alzheimer\" target=\"_blank\" rel=\"noopener\">la maladie d&rsquo;Alzheimer<\/a>\u00a0et autres d\u00e9mences apparent\u00e9es\u00a0avant l&rsquo;\u00e2ge de 65\u00a0ans. Ils ne sont plus que 5 000 \u00e0 avoir \u00e9t\u00e9 diagnostiqu\u00e9s avant 60 ans.<\/p>\n<p>Alors le cas de ce jeune Chinois de 19 ans est exceptionnel ! Si son diagnostic d&rsquo;Alzheimer est confirm\u00e9, il pourrait \u00eatre le patient le plus jeune \u00e0 avoir d\u00e9clar\u00e9 cette maladie neurod\u00e9g\u00e9n\u00e9rative selon <a href=\"https:\/\/content.iospress.com\/articles\/journal-of-alzheimers-disease\/jad221065\" title=\"A 19-Year-Old Adolescent with Probable Alzheimer\u2019s Disease\" target=\"_blank\" rel=\"noopener\">les neurologues<\/a> de l&rsquo;h\u00f4pital universitaire de Xuanwu, \u00e0 P\u00e9kin, qui se sont occup\u00e9s de lui.<\/p>\n<p>Les signes d&rsquo;Alzheimer chez un jeune homme de 19 ans<\/p>\n<p>Le jeune patient souffre de probl\u00e8mes de m\u00e9moire \u00e0 court\u00a0terme et de concentration depuis l&rsquo;\u00e2ge de dix-sept ans. \u00c0\u00a0dix-neuf ans, ses pertes de m\u00e9moire\u00a0se sont aggrav\u00e9es,\u00a0il oubliait s&rsquo;il avait d\u00e9jeun\u00e9\u00a0ou non, ne finissait pas ses devoirs&#8230;, ce qui\u00a0l&rsquo;a pouss\u00e9\u00a0\u00e0 se rendre \u00e0 l&rsquo;h\u00f4pital. Les <a href=\"https:\/\/www.futura-sciences.com\/formation\/metiers\/metiers-neurologue-468\/\" target=\"_blank\" rel=\"noopener\">neurologues<\/a> lui ont fait passer\u00a0un test cognitif de r\u00e9f\u00e9rence, le\u00a0WHO-UCLA AVLT, dont les r\u00e9sultats ont confirm\u00e9\u00a0ses troubles\u00a0cognitifs.<\/p>\n<p>Son IRM du cerveau montre une <a href=\"https:\/\/www.futura-sciences.com\/sante\/definitions\/medecine-atrophie-2192\/\" target=\"_blank\" rel=\"noopener\">atrophie<\/a> de l&rsquo;<a href=\"https:\/\/www.futura-sciences.com\/planete\/definitions\/zoologie-hippocampe-4673\/\" target=\"_blank\" rel=\"noopener\">hippocampe<\/a> et une baisse d&rsquo;activit\u00e9 dans le lobe <a href=\"https:\/\/www.futura-sciences.com\/sante\/definitions\/corps-humain-os-temporal-15095\/\" target=\"_blank\" rel=\"noopener\">temporal<\/a>. Enfin, les analyses du <a href=\"https:\/\/www.futura-sciences.com\/sciences\/definitions\/chimie-liquide-15334\/\" target=\"_blank\" rel=\"noopener\">liquide<\/a> <a href=\"https:\/\/www.futura-sciences.com\/sante\/definitions\/medecine-cephalo-3123\/\" target=\"_blank\" rel=\"noopener\">c\u00e9phalo<\/a>-rachidien pr\u00e9lev\u00e9 par une <a href=\"https:\/\/www.futura-sciences.com\/sante\/definitions\/medecine-ponction-2814\/\" target=\"_blank\" rel=\"noopener\">ponction<\/a> lombaire r\u00e9v\u00e8lent la pr\u00e9sence d&rsquo;une quantit\u00e9 importante de <a href=\"https:\/\/www.futura-sciences.com\/sante\/definitions\/medecine-proteine-tau-15858\/\" target=\"_blank\" rel=\"noopener\">prot\u00e9ines\u00a0tau<\/a> et\u00a0\u03b2-amylo\u00efde anormale (forme\u00a0\u03b2-42). Tous ces marqueurs sont retrouv\u00e9s fr\u00e9quemment chez les patients atteints de <a href=\"https:\/\/www.futura-sciences.com\/sante\/actualites\/maladie-alzheimer-fouiller-nez-habitude-favorise-demence-alzheimer-101593\/\" title=\"Se fouiller le nez, une habitude qui favorise la d\u00e9mence et Alzheimer ?\" target=\"_blank\" rel=\"noopener\">la maladie d&rsquo;Alzheimer<\/a>, mais un myst\u00e8re demeure dans ce cas-ci.<\/p>\n<p class=\"fs-media\">\n<p><img decoding=\"async\" data-imgid=\"full\" src=\"https:\/\/www.europesays.com\/fr\/wp-content\/uploads\/2025\/12\/imagerie-ce\u0301re\u0301brale-alzheimer.jpg\" width=\"1080\" height=\"753\" alt=\"\" loading=\"lazy\"\/><br \/>\nDes signes d&rsquo;Alzheimer sont observables sur les images IRM du cerveau. \u00a9 BillionsPhotos, Adobe Stock<\/p>\n<p>Une forme sporadique tr\u00e8s pr\u00e9coce ?<\/p>\n<p>Quand la <a href=\"https:\/\/www.futura-sciences.com\/sante\/definitions\/medecine-maladie-alzheimer-3606\/\" target=\"_blank\" rel=\"noopener\">maladie d&rsquo;Alzheimer<\/a> ne se d\u00e9veloppe pas \u00e0 cause de l&rsquo;\u00e2ge, elle est souvent li\u00e9e \u00e0 des <a href=\"https:\/\/www.futura-sciences.com\/sante\/definitions\/medecine-predisposition-2817\/\" target=\"_blank\" rel=\"noopener\">pr\u00e9dispositions<\/a> <a href=\"https:\/\/www.futura-sciences.com\/sante\/definitions\/genetique-genetique-152\/\" target=\"_blank\" rel=\"noopener\">g\u00e9n\u00e9tiques<\/a>. Certains variants g\u00e9n\u00e9tiques, transmis de g\u00e9n\u00e9ration en g\u00e9n\u00e9ration, favorisent l&rsquo;apparition d&rsquo;Alzheimer au sein des familles. On parle alors de la forme familiale de la maladie ; elle\u00a0repr\u00e9sente entre 1 \u00e0 2\u202f% de tous les diagnostics, mais pr\u00e8s de 10 % de ceux pos\u00e9s chez les jeunes. Les trois <a href=\"https:\/\/www.futura-sciences.com\/sante\/actualites\/maladie-alzheimer-alzheimer-decouverte-cruciale-autour-gene-apoe4-favorise-demence-101829\/\" title=\"Alzheimer : d\u00e9couverte cruciale autour du g\u00e8ne ApoE4 qui favorise la d\u00e9mence\" target=\"_blank\" rel=\"noopener\">g\u00e8nes\u00a0impliqu\u00e9s<\/a> connus \u00e0 ce jour sont\u00a0: PSEN1, PSEN2 et APP. Environ 50 % des personnes porteuses d&rsquo;une mutation dans PSEN1 d\u00e9veloppent les premiers <a href=\"https:\/\/www.futura-sciences.com\/sante\/definitions\/medecine-symptome-834\/\" target=\"_blank\" rel=\"noopener\">sympt\u00f4mes<\/a> d&rsquo;Alzheimer\u00a0avant 40 ans.<\/p>\n<p>Or, dans le cas de ce jeune patient chinois, aucun marqueur g\u00e9n\u00e9tique n&rsquo;a \u00e9t\u00e9 identifi\u00e9. Il semblerait qu&rsquo;il soit atteint de la forme sporadique d&rsquo;Alzheimer, comme une personne \u00e2g\u00e9e. Les neurologues ne sont pas certains qu&rsquo;il s&rsquo;agisse de la maladie d&rsquo;Alzheimer, il a \u00e9t\u00e9 diagnostiqu\u00e9 comme \u00ab probablement atteint\u00a0\u00bb.<\/p>\n<p>Dans la litt\u00e9rature scientifique, d&rsquo;autres cas de personnes jeunes atteintes des sympt\u00f4mes d&rsquo;Alzheimer sont d\u00e9crits, comme celui d&rsquo;un homme d&rsquo;<a href=\"https:\/\/content.iospress.com\/articles\/journal-of-alzheimers-disease\/jad210420\" target=\"_blank\" rel=\"noopener\">une vingtaine d&rsquo;ann\u00e9es en Espagne<\/a> ou d&rsquo;<a href=\"https:\/\/content.iospress.com\/articles\/journal-of-alzheimers-disease\/jad215167?resultNumber=15&amp;totalResults=35389&amp;start=10&amp;q=alzheimer+very+early&amp;resultsPageSize=10&amp;rows=10\" target=\"_blank\" rel=\"noopener\">une femme de 33 ans \u00e0 Shanghai<\/a>, tous les deux porteurs d&rsquo;une mutation dans le <a href=\"https:\/\/www.futura-sciences.com\/sante\/definitions\/genetique-gene-151\/\" target=\"_blank\" rel=\"noopener\">g\u00e8ne<\/a> PSEN1.<\/p>\n","protected":false},"excerpt":{"rendered":"La tr\u00e8s grande majorit\u00e9 des 850\u202f000 personnes atteintes d&rsquo;Alzheimer en France ont plus de 65 ans\u00a0mais, parmi les&hellip;\n","protected":false},"author":2,"featured_media":605199,"comment_status":"","ping_status":"","sticky":false,"template":"","format":"standard","meta":{"footnotes":""},"categories":[10],"tags":[231,286,281,847,1011,27,72,70049,280,71699,71,65533],"class_list":{"0":"post-605198","1":"post","2":"type-post","3":"status-publish","4":"format-standard","5":"has-post-thumbnail","7":"category-sante","8":"tag-cerveau","9":"tag-declin-cognitif","10":"tag-demence","11":"tag-enfant","12":"tag-fr","13":"tag-france","14":"tag-health","15":"tag-maladie-d039alzheimer","16":"tag-memoire","17":"tag-memoire-souvenir","18":"tag-sante","19":"tag-systeme-nerveux"},"share_on_mastodon":{"url":"https:\/\/pubeurope.com\/@fr\/115734940185675148","error":""},"_links":{"self":[{"href":"https:\/\/www.europesays.com\/fr\/wp-json\/wp\/v2\/posts\/605198","targetHints":{"allow":["GET"]}}],"collection":[{"href":"https:\/\/www.europesays.com\/fr\/wp-json\/wp\/v2\/posts"}],"about":[{"href":"https:\/\/www.europesays.com\/fr\/wp-json\/wp\/v2\/types\/post"}],"author":[{"embeddable":true,"href":"https:\/\/www.europesays.com\/fr\/wp-json\/wp\/v2\/users\/2"}],"replies":[{"embeddable":true,"href":"https:\/\/www.europesays.com\/fr\/wp-json\/wp\/v2\/comments?post=605198"}],"version-history":[{"count":0,"href":"https:\/\/www.europesays.com\/fr\/wp-json\/wp\/v2\/posts\/605198\/revisions"}],"wp:featuredmedia":[{"embeddable":true,"href":"https:\/\/www.europesays.com\/fr\/wp-json\/wp\/v2\/media\/605199"}],"wp:attachment":[{"href":"https:\/\/www.europesays.com\/fr\/wp-json\/wp\/v2\/media?parent=605198"}],"wp:term":[{"taxonomy":"category","embeddable":true,"href":"https:\/\/www.europesays.com\/fr\/wp-json\/wp\/v2\/categories?post=605198"},{"taxonomy":"post_tag","embeddable":true,"href":"https:\/\/www.europesays.com\/fr\/wp-json\/wp\/v2\/tags?post=605198"}],"curies":[{"name":"wp","href":"https:\/\/api.w.org\/{rel}","templated":true}]}}