{"id":605208,"date":"2025-12-17T12:40:12","date_gmt":"2025-12-17T12:40:12","guid":{"rendered":"https:\/\/www.europesays.com\/fr\/605208\/"},"modified":"2025-12-17T12:40:12","modified_gmt":"2025-12-17T12:40:12","slug":"temoin-dun-grave-accident-il-sauve-un-bebe-dont-la-maman-est-decedee","status":"publish","type":"post","link":"https:\/\/www.europesays.com\/fr\/605208\/","title":{"rendered":"T\u00e9moin d\u2019un grave accident, il sauve un b\u00e9b\u00e9 dont la maman est d\u00e9c\u00e9d\u00e9e"},"content":{"rendered":"<p>Un <a href=\"https:\/\/www.20minutes.fr\/dossier\/accident_de_la_route\" class=\"c-link c-link--is-underlined\" target=\"_blank\" rel=\"noopener\">accident de la route<\/a> a co\u00fbt\u00e9 la vie \u00e0 une m\u00e8re de famille, ce mardi matin, en <a href=\"https:\/\/www.20minutes.fr\/dossier\/belgique\" class=\"c-link c-link--is-underlined\" target=\"_blank\" rel=\"noopener\">Belgique<\/a>, \u00e0 Hotton.\u00a0Un <a href=\"https:\/\/www.20minutes.fr\/dossier\/temoins\" class=\"c-link c-link--is-underlined\" target=\"_blank\" rel=\"noopener\">t\u00e9moin<\/a> de la sc\u00e8ne est intervenu pour secourir l\u2019enfant\u00a0de la victime, rapporte <a href=\"https:\/\/www.sudinfo.be\/id1084127\/article\/2025-12-16\/accident-mortel-hotton-david-porte-secours-au-petit-garcon-mon-instinct-de-papa\" target=\"_blank\" class=\"c-link c-link--is-underlined\" rel=\"noopener\">Sudinfo<\/a>.<\/p>\n<p>\u00ab\u00a0J\u2019ai arr\u00eat\u00e9 ma <a href=\"https:\/\/www.20minutes.fr\/dossier\/voiture\" class=\"c-link c-link--is-underlined\" target=\"_blank\" rel=\"noopener\">voiture<\/a> et je me suis pr\u00e9cipit\u00e9 vers la voiture accident\u00e9e qui \u00e9tait retourn\u00e9e sur le toit dans le foss\u00e9. Lorsque je suis arriv\u00e9 \u00e0 hauteur du v\u00e9hicule, j\u2019ai aper\u00e7u un si\u00e8ge enfant. Dans celui-ci, un petit gar\u00e7on d\u2019un an et demi, environ. Il \u00e9tait inconscient\u00a0\u00bb, a\u00a0confi\u00e9 \u00e0 nos confr\u00e8res l\u2019automobiliste. Et d\u2019ajouter\u00a0: \u00ab\u00a0Je suis papa de quatre enfants. Mon instinct paternel a parl\u00e9\u00a0: il fallait que je sorte cet enfant de la voiture.\u00a0\u00bb<\/p>\n<p>Un carrefour accidentog\u00e8ne<\/p>\n<p>L\u2019homme a alors pris l\u2019enfant dans ses bras. Le gar\u00e7onnet a repris connaissance et s\u2019est mis \u00e0 pleurer. Son sauveur l\u2019a ensuite plac\u00e9 au chaud sous sa veste en attendant que les <a href=\"https:\/\/www.20minutes.fr\/dossier\/secours\" class=\"c-link c-link--is-underlined\" target=\"_blank\" rel=\"noopener\">secours<\/a> le prennent en charge. Ces derniers ont tent\u00e9 de r\u00e9animer la m\u00e8re, en vain. Elle \u00e9tait \u00e2g\u00e9e d\u2019une quarantaine d\u2019ann\u00e9es. L\u2019enfant a ensuite \u00e9t\u00e9 h\u00e9liport\u00e9 vers l\u2019h\u00f4pital dans un \u00e9tat critique.<\/p>\n<\/p>\n<p>Le drame s\u2019est produit vers 8h10. La voiture de la <a href=\"https:\/\/www.20minutes.fr\/dossier\/victime\" class=\"c-link c-link--is-underlined\" target=\"_blank\" rel=\"noopener\">victime<\/a> est entr\u00e9e en collision avec un camion. D\u2019apr\u00e8s les premiers \u00e9l\u00e9ments, la conductrice d\u00e9c\u00e9d\u00e9e aurait grill\u00e9 un stop, indique\u00a0<a href=\"https:\/\/www.rtl.be\/actu\/regions\/luxembourg\/une-femme-decede-dans-un-accident-hotton-son-enfant-est-grievement-blesse-ce\/2025-12-16\/article\/773677\" target=\"_blank\" class=\"c-link c-link--is-underlined\" rel=\"noopener\">RTL Info<\/a>.\u00a0Le poids lourd qui arrivait en descente en\u00a0sens inverse n\u2019a pas pu l\u2019\u00e9viter. D\u2019apr\u00e8s nos confr\u00e8res, le carrefour o\u00f9 a eu lieu la collision est particuli\u00e8rement accidentog\u00e8ne.<\/p>\n","protected":false},"excerpt":{"rendered":"Un accident de la route a co\u00fbt\u00e9 la vie \u00e0 une m\u00e8re de famille, ce mardi matin, en&hellip;\n","protected":false},"author":2,"featured_media":605209,"comment_status":"","ping_status":"","sticky":false,"template":"","format":"standard","meta":{"footnotes":""},"categories":[5],"tags":[4376,47,11,828,118,1011,27,14,74,12,28],"class_list":{"0":"post-605208","1":"post","2":"type-post","3":"status-publish","4":"format-standard","5":"has-post-thumbnail","7":"category-international","8":"tag-accident-de-la-route","9":"tag-actualite","10":"tag-actualites","11":"tag-belgique","12":"tag-faits-divers","13":"tag-fr","14":"tag-france","15":"tag-international","16":"tag-monde","17":"tag-news","18":"tag-world"},"share_on_mastodon":{"url":"https:\/\/pubeurope.com\/@fr\/115734958907500574","error":""},"_links":{"self":[{"href":"https:\/\/www.europesays.com\/fr\/wp-json\/wp\/v2\/posts\/605208","targetHints":{"allow":["GET"]}}],"collection":[{"href":"https:\/\/www.europesays.com\/fr\/wp-json\/wp\/v2\/posts"}],"about":[{"href":"https:\/\/www.europesays.com\/fr\/wp-json\/wp\/v2\/types\/post"}],"author":[{"embeddable":true,"href":"https:\/\/www.europesays.com\/fr\/wp-json\/wp\/v2\/users\/2"}],"replies":[{"embeddable":true,"href":"https:\/\/www.europesays.com\/fr\/wp-json\/wp\/v2\/comments?post=605208"}],"version-history":[{"count":0,"href":"https:\/\/www.europesays.com\/fr\/wp-json\/wp\/v2\/posts\/605208\/revisions"}],"wp:featuredmedia":[{"embeddable":true,"href":"https:\/\/www.europesays.com\/fr\/wp-json\/wp\/v2\/media\/605209"}],"wp:attachment":[{"href":"https:\/\/www.europesays.com\/fr\/wp-json\/wp\/v2\/media?parent=605208"}],"wp:term":[{"taxonomy":"category","embeddable":true,"href":"https:\/\/www.europesays.com\/fr\/wp-json\/wp\/v2\/categories?post=605208"},{"taxonomy":"post_tag","embeddable":true,"href":"https:\/\/www.europesays.com\/fr\/wp-json\/wp\/v2\/tags?post=605208"}],"curies":[{"name":"wp","href":"https:\/\/api.w.org\/{rel}","templated":true}]}}