{"id":605214,"date":"2025-12-17T12:43:12","date_gmt":"2025-12-17T12:43:12","guid":{"rendered":"https:\/\/www.europesays.com\/fr\/605214\/"},"modified":"2025-12-17T12:43:12","modified_gmt":"2025-12-17T12:43:12","slug":"loire-cet-influenceur-ligerien-aide-les-pompiers-a-alerter-avant-les-fetes","status":"publish","type":"post","link":"https:\/\/www.europesays.com\/fr\/605214\/","title":{"rendered":"Loire : cet influenceur lig\u00e9rien aide les pompiers \u00e0 alerter avant les f\u00eates"},"content":{"rendered":"<p>\u00c0 l&rsquo;approche des f\u00eates de fin d&rsquo;ann\u00e9e, p\u00e9riode marqu\u00e9e par une hausse des accidents du quotidien, le SDIS de la Loire s&rsquo;associe \u00e0 Jonathan Coni, cr\u00e9ateur de contenus lig\u00e9rien suivi par plusieurs millions d&rsquo;abonn\u00e9s.<\/p>\n<p>Une nouvelle mani\u00e8re de sensibiliser le grand public.<\/p>\n<p>Les <b>pompiers de la Loire<\/b> innovent en s&rsquo;associant en cette fin d&rsquo;ann\u00e9e avec <b>Jonathan Coni<\/b>, cr\u00e9ateur de contenus, reconnu pour <a class=\"url\" href=\"https:\/\/www.facebook.com\/jonathanconiastuces\/reels\/\" target=\"_blank\" rel=\"noopener\">ses vid\u00e9os sur les astuces du quotidien<\/a>.\u00a0<\/p>\n<p>Suivi par plusieurs millions d&rsquo;abonn\u00e9s, ce Lig\u00e9rien intervient au c\u00f4t\u00e9 du commandant <b>S\u00e9bastien Ravel<\/b>, sapeur-pompier au SDIS 42, dans une s\u00e9rie de vid\u00e9os pour mettre en avant des <b>gestes de pr\u00e9vention<\/b> face aux accidents du quotidien.<\/p>\n<p>D\u00e9j\u00e0 plus de 8 millions de vues !<\/p>\n<p>\u00ab\u00a0Feux de cuisine, incendies li\u00e9s aux d\u00e9corations de No\u00ebl, intoxications au monoxyde de carbone, arr\u00eats cardiaques&#8230; La p\u00e9riode hivernale et les f\u00eates de fin d&rsquo;ann\u00e9e concentrent de nombreux risques auxquels les Lig\u00e9riens sont r\u00e9guli\u00e8rement confront\u00e9s\u00a0\u00bb, rappelle le SDIS.<\/p>\n<p>R\u00e9sultat : un format court, p\u00e9dagogique, qui cartonne. Les vid\u00e9os cumulent d\u00e9j\u00e0 <b>plus de 8 millions de vues<\/b> pour les deux premiers \u00e9pisodes !<\/p>\n<p>La premi\u00e8re parle du <b>sapin de No\u00ebl<\/b> et du risque de le voir s&#8217;embraser en quelques secondes, qu&rsquo;il soit naturel, frais ou artificiel.<\/p>\n<p>La seconde vous d\u00e9livre les bons gestes \u00e0 r\u00e9aliser face \u00e0 un <b>feu d&rsquo;huile dans une cuisine<\/b>. Sous peine de provoquer de graves accidents.<\/p>\n<\/p>\n<p>Et comme Jonathan Coni aime \u00e0 le rappeler dans ses vid\u00e9os : \u00ab\u00a0ne me remerciez pas, c&rsquo;est totalement gratuit !\u00a0\u00bb.<\/p>\n<p><img loading=\"lazy\" decoding=\"async\" src=\"https:\/\/www.europesays.com\/fr\/wp-content\/uploads\/2025\/12\/1765975392_184_img\" width=\"350\" height=\"200\" border=\"0\" title=\"Un nouveau stage obligatoire, sp\u00c3\u00a9cialis\u00c3\u00a9 en s\u00c3\u00a9curit\u00c3\u00a9 routi\u00c3\u00a8re, a \u00c3\u00a9t\u00c3\u00a9 cr\u00c3\u00a9\u00c3\u00a9 dans l'Ain.\"\/><\/p>\n<p>\u25baSoci\u00e9t\u00e9<\/p>\n<p style=\"font-size: 22px;\"><b>Pr\u00e9vention routi\u00e8re : des victimes d&rsquo;accident face aux auteurs de d\u00e9lits routiers<\/b><\/p>\n<p>Pendant une journ\u00e9e, des auteurs de d\u00e9lits routiers&#8230;<\/p>\n<p><\/p>\n","protected":false},"excerpt":{"rendered":"\u00c0 l&rsquo;approche des f\u00eates de fin d&rsquo;ann\u00e9e, p\u00e9riode marqu\u00e9e par une hausse des accidents du quotidien, le SDIS&hellip;\n","protected":false},"author":2,"featured_media":605215,"comment_status":"","ping_status":"","sticky":false,"template":"","format":"standard","meta":{"footnotes":""},"categories":[9653],"tags":[1111,11,2430,71701,1777,674,1312,1011,27,1310,71700,3367,12,1311,25,4001,63446,21197,71702],"class_list":{"0":"post-605214","1":"post","2":"type-post","3":"status-publish","4":"format-standard","5":"has-post-thumbnail","7":"category-saint-etienne","8":"tag-actu","9":"tag-actualites","10":"tag-auvergne-rhone-alpes","11":"tag-brlure","12":"tag-eu","13":"tag-europe","14":"tag-feu","15":"tag-fr","16":"tag-france","17":"tag-incendie","18":"tag-jonathan-coni","19":"tag-loire","20":"tag-news","21":"tag-pompiers","22":"tag-republique-francaise","23":"tag-saint-etienne","24":"tag-sapin","25":"tag-sdis","26":"tag-vido"},"share_on_mastodon":{"url":"https:\/\/pubeurope.com\/@fr\/115734971515601772","error":""},"_links":{"self":[{"href":"https:\/\/www.europesays.com\/fr\/wp-json\/wp\/v2\/posts\/605214","targetHints":{"allow":["GET"]}}],"collection":[{"href":"https:\/\/www.europesays.com\/fr\/wp-json\/wp\/v2\/posts"}],"about":[{"href":"https:\/\/www.europesays.com\/fr\/wp-json\/wp\/v2\/types\/post"}],"author":[{"embeddable":true,"href":"https:\/\/www.europesays.com\/fr\/wp-json\/wp\/v2\/users\/2"}],"replies":[{"embeddable":true,"href":"https:\/\/www.europesays.com\/fr\/wp-json\/wp\/v2\/comments?post=605214"}],"version-history":[{"count":0,"href":"https:\/\/www.europesays.com\/fr\/wp-json\/wp\/v2\/posts\/605214\/revisions"}],"wp:featuredmedia":[{"embeddable":true,"href":"https:\/\/www.europesays.com\/fr\/wp-json\/wp\/v2\/media\/605215"}],"wp:attachment":[{"href":"https:\/\/www.europesays.com\/fr\/wp-json\/wp\/v2\/media?parent=605214"}],"wp:term":[{"taxonomy":"category","embeddable":true,"href":"https:\/\/www.europesays.com\/fr\/wp-json\/wp\/v2\/categories?post=605214"},{"taxonomy":"post_tag","embeddable":true,"href":"https:\/\/www.europesays.com\/fr\/wp-json\/wp\/v2\/tags?post=605214"}],"curies":[{"name":"wp","href":"https:\/\/api.w.org\/{rel}","templated":true}]}}