{"id":605216,"date":"2025-12-17T12:44:14","date_gmt":"2025-12-17T12:44:14","guid":{"rendered":"https:\/\/www.europesays.com\/fr\/605216\/"},"modified":"2025-12-17T12:44:14","modified_gmt":"2025-12-17T12:44:14","slug":"suivez-lelection-du-president-et-des-vice-presidents","status":"publish","type":"post","link":"https:\/\/www.europesays.com\/fr\/605216\/","title":{"rendered":"suivez l&rsquo;\u00e9lection du pr\u00e9sident et des vice-pr\u00e9sidents"},"content":{"rendered":"<p>\u00c0 la fin de l&rsquo;ann\u00e9e 2023, Sylvie Fayolle a pris la t\u00eate de Saint-\u00c9tienne M\u00e9tropole. Avant elle, Herv\u00e9 Reynaud avait assur\u00e9 une partie de l&rsquo;int\u00e9rim apr\u00e8s le retrait de <a href=\"https:\/\/www.leprogres.fr\/p\/gael-perdriau\" target=\"_blank\" rel=\"noopener\">Ga\u00ebl Perdriau<\/a> \u00e0 la fin de l&rsquo;ann\u00e9e 2022.<\/p>\n<p>Depuis, plusieurs membres du conseil m\u00e9tropolitain regrettaient <a href=\"https:\/\/www.leprogres.fr\/politique\/2024\/12\/15\/gael-perdriau-en-retrait-total-de-la-metropole-il-n-y-a-rien-de-clair-rien-de-net\" target=\"_blank\" rel=\"noopener\">une situation particuli\u00e8rement confuse<\/a> avec une \u00ab\u00a0mise en retrait totale\u00a0\u00bb mais pas de d\u00e9mission.<\/p>\n<p>Apr\u00e8s la condamnation de Ga\u00ebl Perdriau, il faut proc\u00e9der, comme pour le conseil municipal, \u00e0 de nouvelles \u00e9lections. Elles vont se tenir ce mercredi, \u00e0 partir de 13\u00a0h\u00a030, dans les salons du stade Geoffroy-Guichard.<\/p>\n<p>L&rsquo;actuelle pr\u00e9sidente part largement favorite, mais les \u00e9lus vont aussi se prononcer sur les vice-pr\u00e9sidents et certains ont beaucoup \u00e0 perdre, notamment ceux ayant soutenu Ga\u00ebl Perdriau jusqu&rsquo;\u00e0 sa condamnation.<\/p>\n<p>Contact\u00e9e par Le Progr\u00e8s ce mardi, Sylvie Fayolle a confirm\u00e9 se porter candidate, mais a assur\u00e9 ne pas savoir si d&rsquo;autres personnes allaient se manifester.<\/p>\n<p>Par ailleurs, apr\u00e8s l&rsquo;\u00e9lection de la pr\u00e9sidente ou du pr\u00e9sident, 19 postes de vice-pr\u00e9sidents devront \u00eatre attribu\u00e9s. L&rsquo;organigramme actuel du conseil m\u00e9tropolitain pourrait ainsi changer de visage.<\/p>\n","protected":false},"excerpt":{"rendered":"\u00c0 la fin de l&rsquo;ann\u00e9e 2023, Sylvie Fayolle a pris la t\u00eate de Saint-\u00c9tienne M\u00e9tropole. Avant elle, Herv\u00e9&hellip;\n","protected":false},"author":2,"featured_media":605217,"comment_status":"","ping_status":"","sticky":false,"template":"","format":"standard","meta":{"footnotes":""},"categories":[9653],"tags":[1111,11,42797,2430,7539,36284,1777,674,1011,27,3367,12,316,25,4001,7538],"class_list":{"0":"post-605216","1":"post","2":"type-post","3":"status-publish","4":"format-standard","5":"has-post-thumbnail","7":"category-saint-etienne","8":"tag-actu","9":"tag-actualites","10":"tag-affaire-perdriau","11":"tag-auvergne-rhone-alpes","12":"tag-edition-loire-sud","13":"tag-elections-metropolitaines","14":"tag-eu","15":"tag-europe","16":"tag-fr","17":"tag-france","18":"tag-loire","19":"tag-news","20":"tag-politique","21":"tag-republique-francaise","22":"tag-saint-etienne","23":"tag-saint-etienne-ville"},"share_on_mastodon":{"url":"https:\/\/pubeurope.com\/@fr\/115734974799676666","error":""},"_links":{"self":[{"href":"https:\/\/www.europesays.com\/fr\/wp-json\/wp\/v2\/posts\/605216","targetHints":{"allow":["GET"]}}],"collection":[{"href":"https:\/\/www.europesays.com\/fr\/wp-json\/wp\/v2\/posts"}],"about":[{"href":"https:\/\/www.europesays.com\/fr\/wp-json\/wp\/v2\/types\/post"}],"author":[{"embeddable":true,"href":"https:\/\/www.europesays.com\/fr\/wp-json\/wp\/v2\/users\/2"}],"replies":[{"embeddable":true,"href":"https:\/\/www.europesays.com\/fr\/wp-json\/wp\/v2\/comments?post=605216"}],"version-history":[{"count":0,"href":"https:\/\/www.europesays.com\/fr\/wp-json\/wp\/v2\/posts\/605216\/revisions"}],"wp:featuredmedia":[{"embeddable":true,"href":"https:\/\/www.europesays.com\/fr\/wp-json\/wp\/v2\/media\/605217"}],"wp:attachment":[{"href":"https:\/\/www.europesays.com\/fr\/wp-json\/wp\/v2\/media?parent=605216"}],"wp:term":[{"taxonomy":"category","embeddable":true,"href":"https:\/\/www.europesays.com\/fr\/wp-json\/wp\/v2\/categories?post=605216"},{"taxonomy":"post_tag","embeddable":true,"href":"https:\/\/www.europesays.com\/fr\/wp-json\/wp\/v2\/tags?post=605216"}],"curies":[{"name":"wp","href":"https:\/\/api.w.org\/{rel}","templated":true}]}}