{"id":605218,"date":"2025-12-17T12:45:23","date_gmt":"2025-12-17T12:45:23","guid":{"rendered":"https:\/\/www.europesays.com\/fr\/605218\/"},"modified":"2025-12-17T12:45:23","modified_gmt":"2025-12-17T12:45:23","slug":"nancy-apres-des-annees-darret-la-fontaine-place-saint-epvre-retrouvera-son-eau-grace-a-un-circuit-ferme","status":"publish","type":"post","link":"https:\/\/www.europesays.com\/fr\/605218\/","title":{"rendered":"Nancy. Apr\u00e8s des ann\u00e9es d\u2019arr\u00eat, la fontaine place Saint-Epvre retrouvera son eau gr\u00e2ce \u00e0 un circuit ferm\u00e9"},"content":{"rendered":"<p>Elle est au r\u00e9gime sec depuis un bon moment, la fontaine de\u00a0la <a href=\"https:\/\/www.estrepublicain.fr\/p\/place-saint-epvre\" target=\"_blank\" rel=\"noopener\">place Saint-Epvre<\/a>. Depuis au moins deux ann\u00e9es pleines, selon les services techniques de la Ville, et plus globalement depuis une dizaine d\u2019ann\u00e9es si l\u2019on exclut quelques remises en eau tr\u00e8s ponctuelles, pour certains \u00e9v\u00e9nements.<\/p>\n<p>Ce contenu est bloqu\u00e9 car vous n&rsquo;avez pas accept\u00e9 les cookies et autres traceurs.<\/p>\n<p>En cliquant sur \u00ab J\u2019accepte \u00bb, les cookies et autres traceurs seront d\u00e9pos\u00e9s et vous pourrez visualiser les contenus  (<a href=\"\" class=\"consentModule_policy\" target=\"_blank\" title=\"Consulter la politique de protection des donn\u00e9es du fournisseur\">plus d&rsquo;informations<\/a>).<\/p>\n<p>En cliquant sur \u00ab J\u2019accepte tous les cookies \u00bb, vous autorisez des d\u00e9p\u00f4ts de cookies et autres traceurs pour le stockage de vos donn\u00e9es sur nos sites et applications \u00e0 des fins de personnalisation et de ciblage publicitaire.<\/p>\n<p class=\"consentModule_secondaryText\">Vous gardez la possibilit\u00e9 de retirer votre consentement \u00e0 tout moment en consultant notre <a href=\"https:\/\/www.estrepublicain.fr\/protection-des-donnees\" target=\"_blank\" title=\"Consulter notre politique de protection des donn\u00e9es\" rel=\"noopener\">politique de protection des donn\u00e9es<\/a>. <br \/>&#13;<br \/>\n            <a href=\"https:\/\/www.estrepublicain.fr\/culture-loisirs\/2025\/12\/17\/javascript:Didomi.notice.show()\" class=\"consentModule_cmp\" target=\"_blank\" rel=\"noopener\">G\u00e9rer mes choix<\/a>&#13;\n        <\/p>\n<p>&#13;<br \/>\n                        J&rsquo;accepte&#13;<br \/>\n            J&rsquo;accepte tous les cookies&#13;\n        <\/p>\n<p>Mais bient\u00f4t, le monument surmont\u00e9 <a href=\"https:\/\/www.estrepublicain.fr\/culture-loisirs\/2023\/04\/17\/savez-vous-quel-est-le-premier-duc-de-lorraine-a-avoir-ete-enterre-aux-cordeliers\" target=\"_blank\" rel=\"noopener\">de la statue \u00e9questre de Ren\u00e9-II<\/a> arborera bel et bien, en continu, quatre jets d\u2019eau sortant de sa structure pour alimenter son bassin circulaire.<\/p>\n<p>Un retour aux origines en quelque sorte, mais \u00ab\u00a0en mieux\u00a0\u00bb\u00a0: avant, explique ce technicien, l\u2019eau \u00e9tait perdue, s\u2019\u00e9coulant dans le sol. Alors qu\u2019apr\u00e8s travaux, tout fonctionnera en circuit ferm\u00e9. Une nouvelle vie rendue possible apr\u00e8s le chantier de r\u00e9novation men\u00e9 par <a href=\"https:\/\/www.estrepublicain.fr\/economie\/2024\/05\/07\/maddalon-a-vandieres-50-ans-d-existence-et-une-entreprise-qui-reste-familiale\" target=\"_blank\" rel=\"noopener\">les entreprises Maddalon<\/a> et SPL sur des circuits hydraulique et \u00e9lectrique vieillissants, le tout faisant suite \u00e0 <a href=\"https:\/\/www.estrepublicain.fr\/economie\/2025\/06\/15\/vegetalisation-et-solidarite-ce-qu-il-faut-retenir-du-budget-participatif-2025\" target=\"_blank\" rel=\"noopener\">une proposition faite lors du budget participatif 2025<\/a>.<\/p>\n<p>Ce contenu est bloqu\u00e9 car vous n&rsquo;avez pas accept\u00e9 les cookies et autres traceurs.<\/p>\n<p>En cliquant sur \u00ab J\u2019accepte \u00bb, les cookies et autres traceurs seront d\u00e9pos\u00e9s et vous pourrez visualiser les contenus  (<a href=\"\" class=\"consentModule_policy\" target=\"_blank\" title=\"Consulter la politique de protection des donn\u00e9es du fournisseur\">plus d&rsquo;informations<\/a>).<\/p>\n<p>En cliquant sur \u00ab J\u2019accepte tous les cookies \u00bb, vous autorisez des d\u00e9p\u00f4ts de cookies et autres traceurs pour le stockage de vos donn\u00e9es sur nos sites et applications \u00e0 des fins de personnalisation et de ciblage publicitaire.<\/p>\n<p class=\"consentModule_secondaryText\">Vous gardez la possibilit\u00e9 de retirer votre consentement \u00e0 tout moment en consultant notre <a href=\"https:\/\/www.estrepublicain.fr\/protection-des-donnees\" target=\"_blank\" title=\"Consulter notre politique de protection des donn\u00e9es\" rel=\"noopener\">politique de protection des donn\u00e9es<\/a>. <br \/>&#13;<br \/>\n            <a href=\"https:\/\/www.estrepublicain.fr\/culture-loisirs\/2025\/12\/17\/javascript:Didomi.notice.show()\" class=\"consentModule_cmp\" target=\"_blank\" rel=\"noopener\">G\u00e9rer mes choix<\/a>&#13;\n        <\/p>\n<p>&#13;<br \/>\n                        J&rsquo;accepte&#13;<br \/>\n            J&rsquo;accepte tous les cookies&#13;\n        <\/p>\n<p>Suivis de pr\u00e8s par un atelier de vie de quartier partie prenante du projet, ces am\u00e9nagements concernant le monument auront \u00e9galement un versant v\u00e9g\u00e9tal\u00a0: apr\u00e8s quelques plantations hivernales (des heuch\u00e8res et calocephalus) visant \u00e0 redonner un peu d\u2019allure au site, de nouvelles fleurs et plantes vivaces seront mises en terre, tout autour du socle, pour le printemps.<\/p>\n<p>Printemps qui sonnera donc l\u2019heure de la remise en eau\u00a0: ce sera le 1er \u00a0mai, comme pour toutes les fontaines nanc\u00e9iennes.<\/p>\n","protected":false},"excerpt":{"rendered":"Elle est au r\u00e9gime sec depuis un bon moment, la fontaine de\u00a0la place Saint-Epvre. Depuis au moins deux&hellip;\n","protected":false},"author":2,"featured_media":605219,"comment_status":"","ping_status":"","sticky":false,"template":"","format":"standard","meta":{"footnotes":""},"categories":[9635],"tags":[1111,11,1687,1704,1777,674,1011,27,775,1702,1703,12,2661,25],"class_list":{"0":"post-605218","1":"post","2":"type-post","3":"status-publish","4":"format-standard","5":"has-post-thumbnail","7":"category-nancy","8":"tag-actu","9":"tag-actualites","10":"tag-culture-loisirs","11":"tag-edition-nancy-et-agglomeration","12":"tag-eu","13":"tag-europe","14":"tag-fr","15":"tag-france","16":"tag-grand-est","17":"tag-nancy","18":"tag-nancy-ville-54b","19":"tag-news","20":"tag-patrimoine-culturel","21":"tag-republique-francaise"},"share_on_mastodon":{"url":"https:\/\/pubeurope.com\/@fr\/115734978549441525","error":""},"_links":{"self":[{"href":"https:\/\/www.europesays.com\/fr\/wp-json\/wp\/v2\/posts\/605218","targetHints":{"allow":["GET"]}}],"collection":[{"href":"https:\/\/www.europesays.com\/fr\/wp-json\/wp\/v2\/posts"}],"about":[{"href":"https:\/\/www.europesays.com\/fr\/wp-json\/wp\/v2\/types\/post"}],"author":[{"embeddable":true,"href":"https:\/\/www.europesays.com\/fr\/wp-json\/wp\/v2\/users\/2"}],"replies":[{"embeddable":true,"href":"https:\/\/www.europesays.com\/fr\/wp-json\/wp\/v2\/comments?post=605218"}],"version-history":[{"count":0,"href":"https:\/\/www.europesays.com\/fr\/wp-json\/wp\/v2\/posts\/605218\/revisions"}],"wp:featuredmedia":[{"embeddable":true,"href":"https:\/\/www.europesays.com\/fr\/wp-json\/wp\/v2\/media\/605219"}],"wp:attachment":[{"href":"https:\/\/www.europesays.com\/fr\/wp-json\/wp\/v2\/media?parent=605218"}],"wp:term":[{"taxonomy":"category","embeddable":true,"href":"https:\/\/www.europesays.com\/fr\/wp-json\/wp\/v2\/categories?post=605218"},{"taxonomy":"post_tag","embeddable":true,"href":"https:\/\/www.europesays.com\/fr\/wp-json\/wp\/v2\/tags?post=605218"}],"curies":[{"name":"wp","href":"https:\/\/api.w.org\/{rel}","templated":true}]}}