{"id":605224,"date":"2025-12-17T12:48:17","date_gmt":"2025-12-17T12:48:17","guid":{"rendered":"https:\/\/www.europesays.com\/fr\/605224\/"},"modified":"2025-12-17T12:48:17","modified_gmt":"2025-12-17T12:48:17","slug":"kyle-sinckler-souhaite-revenir-en-angleterre","status":"publish","type":"post","link":"https:\/\/www.europesays.com\/fr\/605224\/","title":{"rendered":"Kyle Sinckler souhaite revenir en Angleterre"},"content":{"rendered":"<p style=\"text-align: justify;\"><strong>TRANSFERTS RUGBY \u2013 Encore sous contrat avec le RC Toulon jusqu\u2019en 2027, le pilier anglais Kyle Sinckler pourrait quitter le RCT plus t\u00f4t que pr\u00e9vu.<\/strong><\/p>\n<p style=\"text-align: justify;\">C\u2019est un possible gros coup dur que s\u2019appr\u00eate \u00e0 encaisser le <strong>RC Toulon<\/strong>. Incontournable au sein du <strong>pack varois<\/strong> depuis son arriv\u00e9e en provenance de <strong>Bristol<\/strong> \u00e0 l\u2019\u00e9t\u00e9 2024, <strong>Kyle Sinckler<\/strong> s\u2019est rapidement impos\u00e9 comme l\u2019un des hommes forts de <strong>Pierre Mignoni<\/strong>. \u00c0 32 ans, son exp\u00e9rience du rugby international et ses qualit\u00e9s naturelles font de lui un \u00e9l\u00e9ment essentiel de l\u2019effectif toulonnais.<\/p>\n<p><a href=\"https:\/\/dicodusport.fr\/blog\/transferts-rc-toulon-2026-recrues-departs-et-prolongations\/\" class=\"vlp-link\" title=\"Transferts RC Toulon 2026 : Recrues, d\u00e9parts et prolongations\" rel=\"nofollow noopener\" target=\"_blank\"><img loading=\"lazy\" decoding=\"async\" style=\"max-width: 792px;\" width=\"792\" height=\"445\" class=\"attachment-800x445 size-800x445 perfmatters-lazy\" alt=\"Transferts RC Toulon 2026 Recrues, d\u00e9parts et prolongations\" src=\"https:\/\/www.europesays.com\/fr\/wp-content\/uploads\/2025\/12\/Transferts-RC-Toulon-2026-Recrues-departs-et-prolongations.png\"  data-\/><\/p>\n<p>Transferts RC Toulon 2026 : Recrues, d\u00e9parts et prolongations<\/p>\n<p>Arriv\u00e9es, d\u00e9parts et prolongations au RC Toulon.<\/p>\n<p>Lire l&rsquo;article<\/p>\n<p>dicodusport.fr<\/p>\n<p>Kyle Sinckler souhaite quitter Toulon pour viser la Coupe du monde 2027<\/p>\n<p style=\"text-align: justify;\">La belle histoire entre les deux parties pourrait toutefois ne pas se conclure comme esp\u00e9r\u00e9. Bien que li\u00e9 au <strong>RCT<\/strong> jusqu\u2019en 2027, le <a href=\"https:\/\/www.dailymail.co.uk\/sport\/rugbyunion\/article-15388663\/Prem-Rugby-transfers-Sinckler-England-Bristol-Rees-Zammit-Leicester-Springboks.html?utm_social_post_id=624722101&amp;ito=social-twitter_dailymailsport&amp;ns_campaign=1490&amp;utm_social_handle_id=111556576&amp;ns_mchannel=rss\" rel=\"nofollow noopener\" target=\"_blank\">Daily Mail Sport<\/a> r\u00e9v\u00e8le que l\u2019ancien international anglais envisagerait un retour en <strong>Angleterre<\/strong> d\u00e8s la fin de la saison en cours.<\/p>\n<p style=\"text-align: justify;\">En rejoignant l\u2019Hexagone, <strong>Sinckler<\/strong> s\u2019\u00e9tait de facto \u00e9loign\u00e9 du <strong>XV de la Rose<\/strong>, avec lequel il compte <strong>68 s\u00e9lections<\/strong>. Plus de deux ans apr\u00e8s sa derni\u00e8re cape, disput\u00e9e lors de la <strong>Coupe du monde 2023<\/strong>, le pilier viserait d\u00e9sormais une <strong>participation \u00e0 l\u2019\u00e9dition 2027<\/strong>. Un objectif qui ne pourra \u00eatre atteint qu\u2019en \u00e9voluant au sein d\u2019un club anglais.<\/p>\n<p style=\"text-align: justify;\">Naturellement, plusieurs formations de <strong>Premiership<\/strong> pourraient se positionner sur un tel profil. Reste toutefois un point majeur<\/p>\n<blockquote class=\"twitter-tweet\">\n<p dir=\"ltr\" lang=\"en\">PREM RUGBY TRANSFERS: The two clubs targeting Kyle Sinckler as prop eyes England return, Bristol in talks over new deal for Louis Rees-Zammit, latest on James O\u2019Connor\u2019s Leicester future and the Springbok superstar on the move <a href=\"https:\/\/t.co\/NbwddLZa9g\" rel=\"nofollow\">https:\/\/t.co\/NbwddLZa9g<\/a><\/p>\n<p>\u2014 Daily Mail Sport (@MailSport) <a href=\"https:\/\/twitter.com\/MailSport\/status\/2000975736039960753?ref_src=twsrc%5Etfw\" rel=\"nofollow noopener\" target=\"_blank\">December 16, 2025<\/a><\/p>\n<\/blockquote>\n<p>\u00c0 lire aussi<br \/>\n<a href=\"https:\/\/dicodusport.fr\/blog\/au-club-personne-nosait-rever-dune-sanction-aussi-clemente-oui-le-stade-toulousain-peut-sestimer-heureux\/\" class=\"vlp-link\" title=\"\u00ab Au club, personne n&#039;osait r\u00eaver d&#039;une sanction aussi cl\u00e9mente \u00bb : oui, le Stade Toulousain peut s&#039;estimer heureux\" rel=\"nofollow noopener\" target=\"_blank\"><img loading=\"lazy\" decoding=\"async\" style=\"max-width: 792px;\" width=\"792\" height=\"445\" class=\"attachment-800x445 size-800x445 perfmatters-lazy\" alt=\"\" src=\"https:\/\/www.europesays.com\/fr\/wp-content\/uploads\/2025\/12\/Au-club-personne-nosait-rever-dune-sanction-aussi-clemente-oui-le-Stade-Toulousain-peut-sestimer-heu.png\"  data-\/><\/p>\n<p>\u00ab Au club, personne n&rsquo;osait r\u00eaver d&rsquo;une sanction aussi cl\u00e9mente \u00bb : oui, le Stade Toulousain peut s&rsquo;estimer heureux<\/p>\n<p>TOP 14 2025\/2026 &#8211; Au lendemain de la sanction annonc\u00e9e par la LNR, les discussions vont bon train autour des deux points retir\u00e9s au Stade Toulousain.\u00a0<\/p>\n<p>Lire l&rsquo;article<\/p>\n<p>dicodusport.fr<\/p>\n<p>\t\t\t\t\t\t\t\t\t\t\t\t\t<script async src=\"https:\/\/platform.twitter.com\/widgets.js\" charset=\"utf-8\"><\/script><\/p>\n","protected":false},"excerpt":{"rendered":"TRANSFERTS RUGBY \u2013 Encore sous contrat avec le RC Toulon jusqu\u2019en 2027, le pilier anglais Kyle Sinckler pourrait&hellip;\n","protected":false},"author":2,"featured_media":605225,"comment_status":"","ping_status":"","sticky":false,"template":"","format":"standard","meta":{"footnotes":""},"categories":[9619],"tags":[1111,11,2113,1777,674,1011,27,12,882,8177,3461,25,478,2310,477],"class_list":{"0":"post-605224","1":"post","2":"type-post","3":"status-publish","4":"format-standard","5":"has-post-thumbnail","7":"category-toulon","8":"tag-actu","9":"tag-actualites","10":"tag-breve","11":"tag-eu","12":"tag-europe","13":"tag-fr","14":"tag-france","15":"tag-news","16":"tag-provence-alpes-cote-dazur","17":"tag-rc-toulon","18":"tag-rct","19":"tag-republique-francaise","20":"tag-top-14","21":"tag-toulon","22":"tag-transferts-rugby"},"share_on_mastodon":{"url":"https:\/\/pubeurope.com\/@fr\/115734991525293750","error":""},"_links":{"self":[{"href":"https:\/\/www.europesays.com\/fr\/wp-json\/wp\/v2\/posts\/605224","targetHints":{"allow":["GET"]}}],"collection":[{"href":"https:\/\/www.europesays.com\/fr\/wp-json\/wp\/v2\/posts"}],"about":[{"href":"https:\/\/www.europesays.com\/fr\/wp-json\/wp\/v2\/types\/post"}],"author":[{"embeddable":true,"href":"https:\/\/www.europesays.com\/fr\/wp-json\/wp\/v2\/users\/2"}],"replies":[{"embeddable":true,"href":"https:\/\/www.europesays.com\/fr\/wp-json\/wp\/v2\/comments?post=605224"}],"version-history":[{"count":0,"href":"https:\/\/www.europesays.com\/fr\/wp-json\/wp\/v2\/posts\/605224\/revisions"}],"wp:featuredmedia":[{"embeddable":true,"href":"https:\/\/www.europesays.com\/fr\/wp-json\/wp\/v2\/media\/605225"}],"wp:attachment":[{"href":"https:\/\/www.europesays.com\/fr\/wp-json\/wp\/v2\/media?parent=605224"}],"wp:term":[{"taxonomy":"category","embeddable":true,"href":"https:\/\/www.europesays.com\/fr\/wp-json\/wp\/v2\/categories?post=605224"},{"taxonomy":"post_tag","embeddable":true,"href":"https:\/\/www.europesays.com\/fr\/wp-json\/wp\/v2\/tags?post=605224"}],"curies":[{"name":"wp","href":"https:\/\/api.w.org\/{rel}","templated":true}]}}