{"id":605226,"date":"2025-12-17T12:49:16","date_gmt":"2025-12-17T12:49:16","guid":{"rendered":"https:\/\/www.europesays.com\/fr\/605226\/"},"modified":"2025-12-17T12:49:16","modified_gmt":"2025-12-17T12:49:16","slug":"operation-zero-delinquance-par-les-gendarmes-aux-portes-de-montpellier-43kg-de-drogue-saisis","status":"publish","type":"post","link":"https:\/\/www.europesays.com\/fr\/605226\/","title":{"rendered":"Op\u00e9ration \u00ab\u00a0Z\u00e9ro d\u00e9linquance\u00a0\u00bb par les gendarmes aux portes de Montpellier : 4,3kg de drogue saisis"},"content":{"rendered":"<p>                    Par<br \/>\n        <strong><br \/>\n            <a href=\"https:\/\/actu.fr\/auteur\/jm-aubert\" title=\"Consulter tous les articles de Jean-Marc Aubert\" target=\"_blank\" rel=\"noopener\">Jean-Marc Aubert<\/a><br \/>\n                    <\/strong><\/p>\n<p>        Publi\u00e9 le<\/p>\n<p>            17 d\u00e9c. 2025 \u00e0 10h23        <\/p>\n<p>Une <strong>op\u00e9ration \u00ab\u00a0Z\u00e9ro d\u00e9linquance\u00a0\u00bb<\/strong> a \u00e9t\u00e9 men\u00e9e ce lundi 15 d\u00e9cembre 2025 par les <strong>gendarmes de la compagnie de Castelnau-le-Lez<\/strong>, aux portes de Montpellier dans les transports en commun -quais et rames de tramway et gare SNCF \u00e0 bord de li0- et sur la route. Un maillage de 60 forces de l\u2019ordre avec l\u2019appui pr\u00e9cieux des polices municipales des communes p\u00e9ri-urbaines et de la police m\u00e9tropolitaine des transports concern\u00e9es, qui a port\u00e9 ses fruits, comme l\u2019atteste le bilan. On fait le point.<\/p>\n<p class=\" wall-content\">Les <a href=\"https:\/\/actu.fr\/occitanie\/montpellier_34172\/vols-agressivite-parkings-occupes-pourquoi-noel-se-joue-aussi-cote-securite-dans-l-herault_63567567.html\" target=\"_blank\" rel=\"noopener\">policiers de la DIPN 34<\/a> d\u00e9ploient chaque ann\u00e9e avant les f\u00eates de fin d\u2019ann\u00e9e un plan anti-hold up et cambriolages, avec notamment des contr\u00f4les dans les grandes surfaces, tr\u00e8s fr\u00e9quent\u00e9es. De leur c\u00f4t\u00e9, les gendarmes du groupement de l\u2019H\u00e9rault organisent des op\u00e9rations appel\u00e9es \u00ab\u00a0Z\u00e9ro d\u00e9linquance\u00a0\u00bb et l\u2019une d\u2019elles, la premi\u00e8re d\u2019ici la fin 2025 a eu lieu ce lundi, dans la journ\u00e9e, dans les communes de Castelnau-le-Lez, <strong>Jacou<\/strong>, <strong>Saint-Jean-de-V\u00e9das<\/strong> et <strong>Villeneuve-l\u00e8s-Maguelone<\/strong>, sous l\u2019autorit\u00e9 du chef d\u2019escadron Damien Lefebvre commandant la compagnie de gendarmerie de Castelnau-le-Lez. Les militaires et les policiers municipaux ont re\u00e7u le renfort d\u2019<strong>\u00e9quipes cynophiles<\/strong> du groupement sp\u00e9cialis\u00e9 bas\u00e9 \u00e0 <strong>Lunel,<\/strong> avec des chiens au flair redoutable.<\/p>\n<p>Soup\u00e7ons de narcotrafic\u00a0<\/p>\n<p class=\" wall-content\">C\u2019est d\u2019ailleurs un de ces chiens renifleurs dress\u00e9 pour les stup\u00e9fiants qui ejn a fait la d\u00e9monstration, ce lundi : il a permis de d\u00e9tecter la pr\u00e9sence de <strong>4,3 kilos d\u2019herbe de cannabis<\/strong> dissimul\u00e9s dans un v\u00e9hicule contr\u00f4l\u00e9 avec le conducteur seul \u00e0 bord, interpell\u00e9 et plac\u00e9 en garde \u00e0 vue sur les instructions du procureur de la R\u00e9publique de Montpellier. Les enqu\u00eateurs de la brigade de recherches de la compagnie de Castelnau-le-Lez vont tenter de remonter un \u00e9ventuel r\u00e9seau organis\u00e9 de<strong> narcotrafic<\/strong>, la saisie d\u2019une quantit\u00e9 importante de cette drogue semble indiquer que le suspect fait partie d\u2019un trafic organis\u00e9 et qu\u2019il ne transportait pas cette importante quantit\u00e9 de cannabis pour sa consommation personnelle. Contrairement \u00e0 d\u2019autres trouv\u00e9s porteurs de petites quantit\u00e9 de shit sur eux et qui ont \u00e9t\u00e9 verbalis\u00e9s par des amendes forfaitaires d\u00e9lictuelles -AFD- comme c\u2019est d\u00e9sormais pr\u00e9vu par la loi. Du haschisch confisqu\u00e9 et qui sera d\u00e9truit.<\/p>\n<p class=\" wall-content\">\n    <img   decoding=\"async\" loading=\"lazy\" src=\"https:\/\/www.europesays.com\/fr\/wp-content\/uploads\/2025\/12\/0-2-5-960x640.jpeg\" alt=\"Gendarmes, polices municipales et police m\u00e9tropolitaine des transports en mission\" width=\"960\" height=\"640\"\/><br \/>\n    Gendarmes, polices municipales et police m\u00e9tropolitaine des transports en mission (\u00a9Gendarmerie H\u00e9rault)<br \/>\n    <img   decoding=\"async\" loading=\"lazy\" src=\"https:\/\/www.europesays.com\/fr\/wp-content\/uploads\/2025\/12\/0-4-2-960x640.jpeg\" alt=\"Deux gendarmes s'appr\u00eatent \u00e0 contr\u00f4ler des usagers sur le quai et dans un tramway de la ligne 2\" width=\"960\" height=\"640\"\/><br \/>\n    Deux gendarmes s\u2019appr\u00eatent \u00e0 contr\u00f4ler des usagers sur le quai et dans un tramway de la ligne 2 (\u00a9Gendarmerie H\u00e9rault)<\/p>\n<p class=\" wall-content\">Soup\u00e7ons de narcotrafic encore, lors de contr\u00f4les effectu\u00e9s dans certains commerces qui sont dans le collimateur du pr\u00e9fet de l\u2019H\u00e9rault et des forces de l\u2019ordre, comme des \u00e9piceries et des barbers hops. Ainsi, 20 cartouches de cigarettes de contrebande et <strong>pr\u00e8s de 9 400\u20ac en num\u00e9raire<\/strong> de provenance douteuse ont \u00e9t\u00e9 r\u00e9cup\u00e9r\u00e9s laissant les gendarmes penser qu\u2019il existe un lien avec du <strong>blanchiment d\u2019argent sale<\/strong>.\u00a0<\/p>\n<p class=\" wall-content\">Une enqu\u00eate est par ailleurs diligent\u00e9e autour de l\u2019emploi dissimul\u00e9 d\u2019un ressortissant en situation irr\u00e9guli\u00e8re sur le territoire, interpell\u00e9 dans un des commerces. Dans un autre magasin, des objets contrefaits ont \u00e9t\u00e9 confisqu\u00e9s. tandis qu\u2019une arme de poing fait aussi partie du bilan positif de cette op\u00e9ration.<\/p>\n<p>Vid\u00e9os : en ce moment sur Actu<\/p>\n<p class=\" wall-content\">Au total,<strong> 215 personnes et 70 v\u00e9hicules ont \u00e9t\u00e9 contr\u00f4l\u00e9s<\/strong> durant plusieurs heures par les effectifs sur le terrain, une \u00ab\u00a0vague bleue\u00a0\u00bb partout qui n\u2019est pas pass\u00e9e inaper\u00e7ue. C\u2019\u00e9tait l\u2019objectif, bien s\u00fbr. \u00ab\u00a0La gendarmerie rappelle sa pr\u00e9sence au plus pr\u00e8s des commer\u00e7ants , des usagers du tramway, de la SNCF et de la population, d\u00e9termin\u00e9e \u00e0 lutter contre la d\u00e9linquance et de pr\u00e9server ainsi la tranquillit\u00e9 de tous\u00a0\u00bb, souligne le chef d\u2019escadron Damien Lefebvre. D\u2019autres op\u00e9rations similaires de \u00ab\u00a0Z\u00e9ro d\u00e9linquance\u00a0\u00bb ne sont pas \u00e0 exclure d\u2019ici No\u00ebl aux portes de Montpellier.<\/p>\n<p class=\" wall-content\">Personnalisez votre actualit\u00e9 en ajoutant vos villes et m\u00e9dias en favori avec <a href=\"https:\/\/moncompte.actu.fr\" title=\"D\u00e9couvez Mon Actu\" rel=\"nofollow noopener\" data-trk=\"{&quot;cta&quot;:{&quot;action&quot;:&quot;https:\\\/\\\/moncompte.actu.fr&quot;,&quot;category&quot;:&quot;mon compte&quot;,&quot;from&quot;:&quot;article footer&quot;,&quot;name&quot;:&quot;Mon actu&quot;,&quot;type&quot;:&quot;cta&quot;}}\" target=\"_blank\">Mon Actu<\/a>.<\/p>\n","protected":false},"excerpt":{"rendered":"Par Jean-Marc Aubert Publi\u00e9 le 17 d\u00e9c. 2025 \u00e0 10h23 Une op\u00e9ration \u00ab\u00a0Z\u00e9ro d\u00e9linquance\u00a0\u00bb a \u00e9t\u00e9 men\u00e9e ce&hellip;\n","protected":false},"author":2,"featured_media":605227,"comment_status":"","ping_status":"","sticky":false,"template":"","format":"standard","meta":{"footnotes":""},"categories":[9599],"tags":[1111,11,1777,674,118,1011,27,3381,303,2208,12,2680,25,59623],"class_list":{"0":"post-605226","1":"post","2":"type-post","3":"status-publish","4":"format-standard","5":"has-post-thumbnail","7":"category-montpellier","8":"tag-actu","9":"tag-actualites","10":"tag-eu","11":"tag-europe","12":"tag-faits-divers","13":"tag-fr","14":"tag-france","15":"tag-gendarmerie","16":"tag-justice","17":"tag-montpellier","18":"tag-news","19":"tag-occitanie","20":"tag-republique-francaise","21":"tag-tam"},"share_on_mastodon":{"url":"https:\/\/pubeurope.com\/@fr\/115734994403154676","error":""},"_links":{"self":[{"href":"https:\/\/www.europesays.com\/fr\/wp-json\/wp\/v2\/posts\/605226","targetHints":{"allow":["GET"]}}],"collection":[{"href":"https:\/\/www.europesays.com\/fr\/wp-json\/wp\/v2\/posts"}],"about":[{"href":"https:\/\/www.europesays.com\/fr\/wp-json\/wp\/v2\/types\/post"}],"author":[{"embeddable":true,"href":"https:\/\/www.europesays.com\/fr\/wp-json\/wp\/v2\/users\/2"}],"replies":[{"embeddable":true,"href":"https:\/\/www.europesays.com\/fr\/wp-json\/wp\/v2\/comments?post=605226"}],"version-history":[{"count":0,"href":"https:\/\/www.europesays.com\/fr\/wp-json\/wp\/v2\/posts\/605226\/revisions"}],"wp:featuredmedia":[{"embeddable":true,"href":"https:\/\/www.europesays.com\/fr\/wp-json\/wp\/v2\/media\/605227"}],"wp:attachment":[{"href":"https:\/\/www.europesays.com\/fr\/wp-json\/wp\/v2\/media?parent=605226"}],"wp:term":[{"taxonomy":"category","embeddable":true,"href":"https:\/\/www.europesays.com\/fr\/wp-json\/wp\/v2\/categories?post=605226"},{"taxonomy":"post_tag","embeddable":true,"href":"https:\/\/www.europesays.com\/fr\/wp-json\/wp\/v2\/tags?post=605226"}],"curies":[{"name":"wp","href":"https:\/\/api.w.org\/{rel}","templated":true}]}}