{"id":605229,"date":"2025-12-17T12:52:23","date_gmt":"2025-12-17T12:52:23","guid":{"rendered":"https:\/\/www.europesays.com\/fr\/605229\/"},"modified":"2025-12-17T12:52:23","modified_gmt":"2025-12-17T12:52:23","slug":"depuis-25-ans-ils-decorent-leur-quartier-pour-noel","status":"publish","type":"post","link":"https:\/\/www.europesays.com\/fr\/605229\/","title":{"rendered":"depuis 25 ans, ils d\u00e9corent leur quartier pour No\u00ebl"},"content":{"rendered":"<p class=\"article__intro\">Des habitants de Malaunay, pr\u00e8s de Rouen, d\u00e9corent depuis 25 ans pour No\u00ebl leurs fa\u00e7ades et leurs jardins. Des lumi\u00e8res f\u00e9eriques devenues au fil des ans un rendez-vous incontournable pour tous les amateurs d&rsquo;illuminations de fin d&rsquo;ann\u00e9e.<\/p>\n<p>\n      La Quotidienne Soci\u00e9t\u00e9\n    <\/p>\n<p>\n      De la vie quotidienne aux grands enjeux, recevez tous les jours les sujets qui font la soci\u00e9t\u00e9 locale, comme la justice, l\u2019\u00e9ducation, la sant\u00e9 et la famille.\n    <\/p>\n<p>    France T\u00e9l\u00e9visions utilise votre adresse e-mail afin de vous envoyer la newsletter \u00ab\u00a0La Quotidienne Soci\u00e9t\u00e9\u00a0\u00bb. Vous pouvez vous d\u00e9sinscrire \u00e0 tout moment via le lien en bas de cette newsletter. <a target=\"_blank\" href=\"https:\/\/www.francetelevisions.fr\/groupe\/confidentialite\/politique-de-confidentialite\/politique-de-confidentialite-de-france-televisions-6503\" rel=\"noopener\">Notre politique de confidentialit\u00e9<\/a><\/p>\n<p>Des familles qui d\u00e9ambulent, des voitures qui ralentissent&#8230; Chaque ann\u00e9e, c&rsquo;est le m\u00eame bal de curieux qui viennent admirer la maison de Fr\u00e9d\u00e9ric et ses voisins, \u00e0 Malaunay (Seine-Maritime). Des parents emm\u00e8nent leurs enfants et parfois eux-m\u00eames \u00e9taient \u00e9merveill\u00e9s par ces d\u00e9cors f\u00e9eriques lorsqu\u2019ils \u00e9taient enfants.<\/p>\n<p><a data-article-figure=\"\" href=\"https:\/\/france3-regions.franceinfo.fr\/image\/w7Q2n6H3slrUqT3vEnkabc3PIMY\/640x480\/regions\/2025\/12\/16\/pain-depice-69413eb954626116042459.jpg\" data-pswp-width=\"640\" data-pswp-height=\"480\" target=\"_blank\" rel=\"noopener\"><\/p>\n<p>          <img width=\"600\" height=\"400\" class=\"article-image lazy\" data-src=\"https:\/\/www.europesays.com\/fr\/wp-content\/uploads\/2025\/12\/pain-depice-69413eb954626116042459.jpg\" alt=\"Un d\u00e9cor gourmand pour une des sc\u00e8nes install\u00e9es dans la cour de Fr\u00e9d\u00e9ric.\" fetchpriority=\"high\" as=\"image\"\/><\/p>\n<p>\n            Un d\u00e9cor gourmand pour une des sc\u00e8nes install\u00e9es dans la cour de Fr\u00e9d\u00e9ric.<br \/>\n                           \u2022<br \/>\n                                      \u00a9 FTV\n                      <\/p>\n<p><\/a><\/p>\n<p>Car Fr\u00e9d\u00e9ric et ses voisins assurent le spectacle depuis 25 ans\u00a0! \u00c0 l\u2019origine, cet habitant \u00e9tait le seul \u00e0 embellir sa maison et son jardin pour les f\u00eates&#8230;\u00a0<\/p>\n<p>Puis la magie de No\u00ebl a op\u00e9r\u00e9 chez ses voisins. Eux aussi se sont pris au jeu et ont investi dans de nombreuses guirlandes et personnages.<\/p>\n<p>Chacun s\u2019accorde \u00e0 dire qu\u2019ils s\u2019investissent pour voir la joie des enfants qui courent de maison et maison, dans la rue Georges-Pellerin de Malaunay.<\/p>\n<blockquote class=\"ftvi_content_quote\">\n<p class=\"ftvi_citation_quote\">Il nous a donn\u00e9 le go\u00fbt de d\u00e9corer, on est une paire de tenailles agrandie.<\/p>\n<p>Maurice, \u00ab\u00a0doyen\u00a0\u00bb du clan des d\u00e9corateurs<\/p><\/blockquote>\n<p>\u00ab\u00a0Une fois qu\u2019on commence on y prend go\u00fbt et on cherche des th\u00e8mes diff\u00e9rents chaque ann\u00e9e\u00a0\u00bb confie Fr\u00e9d\u00e9ric toujours ravi d\u2019accueillir le public dans son jardin et sa cour tous les jours de 18h \u00e0 21h.<\/p>\n<p>Il adore voir les yeux \u00e9carquill\u00e9s des petits et des grands. Une table de dessin est r\u00e9serv\u00e9e aux enfants qui dessinent chaque ann\u00e9e des \u0153uvres \u00e0 l\u2019intention du P\u00e8re No\u00ebl. Et pendant que les petits dessinent, Fr\u00e9d\u00e9ric \u00e9change avec les adultes sur les coulisses des installations.<\/p>\n<p>2025 est une ann\u00e9e particuli\u00e8re car elle marque le quart de si\u00e8cle et pour l\u2019occasion Fr\u00e9d\u00e9ric a reconstitu\u00e9 sur un mur les d\u00e9corations au fil des ans.<\/p>\n<p>Fr\u00e9d\u00e9ric est menuisier mais surtout touche-\u00e0-tout\u00a0: il cr\u00e9e lui-m\u00eame ses d\u00e9cors et commence d\u00e8s le mois d\u2019octobre pour \u00eatre pr\u00eat en d\u00e9cembre. Cette ann\u00e9e pas moins de 244 raccordements \u00e9lectriques ont \u00e9t\u00e9 n\u00e9cessaires pour d\u00e9corer ses arbres et son jardin.<\/p>\n<p>La maison de son voisin Maurice, 84 ans, est tout aussi illumin\u00e9e. Fr\u00e9d\u00e9ric lui donne un coup de main pour le montage des guirlandes : \u00ab\u00a0on ne veut pas qu\u2019il monte sur une \u00e9chelle donc on l\u2019aide\u00a0\u00bb.<\/p>\n<p>Au total, les quatre maisons mitoyennes de ces voisins solidaires forment un d\u00e9cor de r\u00eave.<\/p>\n<\/p>\n<p>Une parade est organis\u00e9e chaque ann\u00e9e par la ferme du vieux puits de Pissy-P\u00f4ville, une commune voisine\u00a0: tracteurs et v\u00e9hicules anciens traversent plusieurs villages avant de d\u00e9poser le p\u00e8re No\u00ebl devant les maisons de Fr\u00e9d\u00e9ric et ses voisins.<\/p>\n<p>La foule est au rendez-vous chaque ann\u00e9e. Les visites sont ouvertes tout le mois de d\u00e9cembre jusqu&rsquo;\u00e0 l&rsquo;Epiphanie.<\/p><\/p>\n","protected":false},"excerpt":{"rendered":"Des habitants de Malaunay, pr\u00e8s de Rouen, d\u00e9corent depuis 25 ans pour No\u00ebl leurs fa\u00e7ades et leurs jardins.&hellip;\n","protected":false},"author":2,"featured_media":605230,"comment_status":"","ping_status":"","sticky":false,"template":"","format":"standard","meta":{"footnotes":""},"categories":[9587],"tags":[1111,11,1777,674,1011,27,12,5161,25,9590],"class_list":{"0":"post-605229","1":"post","2":"type-post","3":"status-publish","4":"format-standard","5":"has-post-thumbnail","7":"category-rouen","8":"tag-actu","9":"tag-actualites","10":"tag-eu","11":"tag-europe","12":"tag-fr","13":"tag-france","14":"tag-news","15":"tag-normandie","16":"tag-republique-francaise","17":"tag-rouen"},"share_on_mastodon":{"url":"https:\/\/pubeurope.com\/@fr\/115735006141416923","error":""},"_links":{"self":[{"href":"https:\/\/www.europesays.com\/fr\/wp-json\/wp\/v2\/posts\/605229","targetHints":{"allow":["GET"]}}],"collection":[{"href":"https:\/\/www.europesays.com\/fr\/wp-json\/wp\/v2\/posts"}],"about":[{"href":"https:\/\/www.europesays.com\/fr\/wp-json\/wp\/v2\/types\/post"}],"author":[{"embeddable":true,"href":"https:\/\/www.europesays.com\/fr\/wp-json\/wp\/v2\/users\/2"}],"replies":[{"embeddable":true,"href":"https:\/\/www.europesays.com\/fr\/wp-json\/wp\/v2\/comments?post=605229"}],"version-history":[{"count":0,"href":"https:\/\/www.europesays.com\/fr\/wp-json\/wp\/v2\/posts\/605229\/revisions"}],"wp:featuredmedia":[{"embeddable":true,"href":"https:\/\/www.europesays.com\/fr\/wp-json\/wp\/v2\/media\/605230"}],"wp:attachment":[{"href":"https:\/\/www.europesays.com\/fr\/wp-json\/wp\/v2\/media?parent=605229"}],"wp:term":[{"taxonomy":"category","embeddable":true,"href":"https:\/\/www.europesays.com\/fr\/wp-json\/wp\/v2\/categories?post=605229"},{"taxonomy":"post_tag","embeddable":true,"href":"https:\/\/www.europesays.com\/fr\/wp-json\/wp\/v2\/tags?post=605229"}],"curies":[{"name":"wp","href":"https:\/\/api.w.org\/{rel}","templated":true}]}}