{"id":605237,"date":"2025-12-17T12:56:11","date_gmt":"2025-12-17T12:56:11","guid":{"rendered":"https:\/\/www.europesays.com\/fr\/605237\/"},"modified":"2025-12-17T12:56:11","modified_gmt":"2025-12-17T12:56:11","slug":"marathon-vert-2026-a-rennes-presque-la-moitie-des-dossards-sont-deja-pris-sport","status":"publish","type":"post","link":"https:\/\/www.europesays.com\/fr\/605237\/","title":{"rendered":"Marathon vert 2026 \u00e0 Rennes\u00a0: \u00ab\u00a0Presque la moiti\u00e9 des dossards sont d\u00e9j\u00e0 pris\u00a0!\u00a0\u00bb . Sport"},"content":{"rendered":"<p>Il ne faut plus perdre de temps pour s\u2019inscrire pour la <a href=\"https:\/\/www.lemarathonvert.org\/\" target=\"_blank\" rel=\"noopener\">15e \u00e9dition du Marathon vert<\/a> qui s\u2019\u00e9lancera dans les rues de Rennes les 17 et 18\u00a0octobre 2026. C\u2019est dans dix mois, il y a le temps\u00a0? Pas vraiment.<\/p>\n<p>\u00a0Les inscriptions sont ouvertes depuis lundi 15\u00a0d\u00e9cembre 2025\u00a0: 2\u00a0000\u00a0personnes sont d\u00e9j\u00e0 inscrites \u00e0 la course de 10\u00a0kilom\u00e8tres, plus de 1\u00a0500\u00a0pour le marathon. La moiti\u00e9 des places pour le duo et 30\u00a0% des relais ont d\u00e9j\u00e0 trouv\u00e9 preneurs\u00a0, explique David Hervelin, directeur de courses du Marathon vert. Pour la 15e \u00e9dition, la jauge va grimper \u00e0 20\u00a0000\u00a0participants.<\/p>\n<p>\u00a0<\/p>\n","protected":false},"excerpt":{"rendered":"Il ne faut plus perdre de temps pour s\u2019inscrire pour la 15e \u00e9dition du Marathon vert qui s\u2019\u00e9lancera&hellip;\n","protected":false},"author":2,"featured_media":605238,"comment_status":"","ping_status":"","sticky":false,"template":"","format":"standard","meta":{"footnotes":""},"categories":[2821],"tags":[1111,11,3809,1465,829,1777,674,63,1011,27,1792,1922,12,3086,584,25,479,517,1470],"class_list":{"0":"post-605237","1":"post","2":"type-post","3":"status-publish","4":"format-standard","5":"has-post-thumbnail","7":"category-rennes","8":"tag-actu","9":"tag-actualites","10":"tag-ball","11":"tag-basket","12":"tag-bretagne","13":"tag-eu","14":"tag-europe","15":"tag-football","16":"tag-fr","17":"tag-france","18":"tag-handball","19":"tag-info","20":"tag-news","21":"tag-redon","22":"tag-rennes","23":"tag-republique-francaise","24":"tag-rugby","25":"tag-sport","26":"tag-volley"},"share_on_mastodon":{"url":"https:\/\/pubeurope.com\/@fr\/115735021915520545","error":""},"_links":{"self":[{"href":"https:\/\/www.europesays.com\/fr\/wp-json\/wp\/v2\/posts\/605237","targetHints":{"allow":["GET"]}}],"collection":[{"href":"https:\/\/www.europesays.com\/fr\/wp-json\/wp\/v2\/posts"}],"about":[{"href":"https:\/\/www.europesays.com\/fr\/wp-json\/wp\/v2\/types\/post"}],"author":[{"embeddable":true,"href":"https:\/\/www.europesays.com\/fr\/wp-json\/wp\/v2\/users\/2"}],"replies":[{"embeddable":true,"href":"https:\/\/www.europesays.com\/fr\/wp-json\/wp\/v2\/comments?post=605237"}],"version-history":[{"count":0,"href":"https:\/\/www.europesays.com\/fr\/wp-json\/wp\/v2\/posts\/605237\/revisions"}],"wp:featuredmedia":[{"embeddable":true,"href":"https:\/\/www.europesays.com\/fr\/wp-json\/wp\/v2\/media\/605238"}],"wp:attachment":[{"href":"https:\/\/www.europesays.com\/fr\/wp-json\/wp\/v2\/media?parent=605237"}],"wp:term":[{"taxonomy":"category","embeddable":true,"href":"https:\/\/www.europesays.com\/fr\/wp-json\/wp\/v2\/categories?post=605237"},{"taxonomy":"post_tag","embeddable":true,"href":"https:\/\/www.europesays.com\/fr\/wp-json\/wp\/v2\/tags?post=605237"}],"curies":[{"name":"wp","href":"https:\/\/api.w.org\/{rel}","templated":true}]}}