{"id":605248,"date":"2025-12-17T13:02:13","date_gmt":"2025-12-17T13:02:13","guid":{"rendered":"https:\/\/www.europesays.com\/fr\/605248\/"},"modified":"2025-12-17T13:02:13","modified_gmt":"2025-12-17T13:02:13","slug":"il-chute-du-toit-dun-immeuble","status":"publish","type":"post","link":"https:\/\/www.europesays.com\/fr\/605248\/","title":{"rendered":"il chute du toit d&rsquo;un immeuble"},"content":{"rendered":"\n<p style=\"text-align: justify;\">Il \u00e9tait tout juste 9h ce mercredi matin lorsque<strong> l&rsquo;homme de 44 ans <\/strong>a chut\u00e9 du toit d&rsquo;un immeuble de 5 \u00e9tages, <strong>place \u00c9douard-Normand<\/strong>, non loin de l&rsquo;hypercentre nantais.<\/p>\n<p style=\"text-align: justify;\">Cet ouvrier s&rsquo;y trouvait dans le cadre de <strong>son travail<\/strong>. La chute de <strong>12 m\u00e8tres <\/strong>de haut aura malheureusement \u00e9t\u00e9 fatale :<strong> l&rsquo;homme n&rsquo;a pas surv\u00e9cu <\/strong>malgr\u00e9 les tentatives de r\u00e9animation du Smur (Structure mobile d\u2019urgence et de r\u00e9animation).<\/p>\n","protected":false},"excerpt":{"rendered":"Il \u00e9tait tout juste 9h ce mercredi matin lorsque l&rsquo;homme de 44 ans a chut\u00e9 du toit d&rsquo;un&hellip;\n","protected":false},"author":2,"featured_media":605249,"comment_status":"","ping_status":"","sticky":false,"template":"","format":"standard","meta":{"footnotes":""},"categories":[2818],"tags":[1111,11,837,3348,21116,1777,674,6017,1011,27,5480,3047,766,12,16718,2636,71707,25],"class_list":{"0":"post-605248","1":"post","2":"type-post","3":"status-publish","4":"format-standard","5":"has-post-thumbnail","7":"category-nantes","8":"tag-actu","9":"tag-actualites","10":"tag-chute","11":"tag-drame","12":"tag-etages","13":"tag-eu","14":"tag-europe","15":"tag-fait-divers","16":"tag-fr","17":"tag-france","18":"tag-immeuble","19":"tag-loire-atlantique","20":"tag-nantes","21":"tag-news","22":"tag-ouvrier","23":"tag-pays-de-la-loire","24":"tag-place-edouard-normand","25":"tag-republique-francaise"},"share_on_mastodon":{"url":"https:\/\/pubeurope.com\/@fr\/115735045525761908","error":""},"_links":{"self":[{"href":"https:\/\/www.europesays.com\/fr\/wp-json\/wp\/v2\/posts\/605248","targetHints":{"allow":["GET"]}}],"collection":[{"href":"https:\/\/www.europesays.com\/fr\/wp-json\/wp\/v2\/posts"}],"about":[{"href":"https:\/\/www.europesays.com\/fr\/wp-json\/wp\/v2\/types\/post"}],"author":[{"embeddable":true,"href":"https:\/\/www.europesays.com\/fr\/wp-json\/wp\/v2\/users\/2"}],"replies":[{"embeddable":true,"href":"https:\/\/www.europesays.com\/fr\/wp-json\/wp\/v2\/comments?post=605248"}],"version-history":[{"count":0,"href":"https:\/\/www.europesays.com\/fr\/wp-json\/wp\/v2\/posts\/605248\/revisions"}],"wp:featuredmedia":[{"embeddable":true,"href":"https:\/\/www.europesays.com\/fr\/wp-json\/wp\/v2\/media\/605249"}],"wp:attachment":[{"href":"https:\/\/www.europesays.com\/fr\/wp-json\/wp\/v2\/media?parent=605248"}],"wp:term":[{"taxonomy":"category","embeddable":true,"href":"https:\/\/www.europesays.com\/fr\/wp-json\/wp\/v2\/categories?post=605248"},{"taxonomy":"post_tag","embeddable":true,"href":"https:\/\/www.europesays.com\/fr\/wp-json\/wp\/v2\/tags?post=605248"}],"curies":[{"name":"wp","href":"https:\/\/api.w.org\/{rel}","templated":true}]}}