{"id":605252,"date":"2025-12-17T13:04:11","date_gmt":"2025-12-17T13:04:11","guid":{"rendered":"https:\/\/www.europesays.com\/fr\/605252\/"},"modified":"2025-12-17T13:04:11","modified_gmt":"2025-12-17T13:04:11","slug":"pour-prevenir-des-drames-lies-au-protoxyde-dazote-le-prefet-de-gironde-prend-une-decision-radicale","status":"publish","type":"post","link":"https:\/\/www.europesays.com\/fr\/605252\/","title":{"rendered":"Pour \u00ab\u00a0pr\u00e9venir des drames\u00a0\u00bb li\u00e9s au protoxyde d\u2019azote, le pr\u00e9fet de Gironde prend une d\u00e9cision radicale"},"content":{"rendered":"<p>                    Par<br \/>\n        <strong><br \/>\n            <a href=\"https:\/\/actu.fr\/auteur\/julian-doubax\" title=\"Consulter tous les articles de Julian Doubax\" target=\"_blank\" rel=\"noopener\">Julian Doubax<\/a><br \/>\n                    <\/strong><\/p>\n<p>        Publi\u00e9 le<\/p>\n<p>            17 d\u00e9c. 2025 \u00e0 13h32        <\/p>\n<p>La <strong>pr\u00e9fecture de la Gironde<\/strong> prend les devants pour stopper un <strong>fl\u00e9au<\/strong> qui persiste en France. Le mardi 16 d\u00e9cembre 2025, elle a publi\u00e9 un communiqu\u00e9 annon\u00e7ant l\u2019interdiction de <strong>d\u00e9tenir<\/strong>, <strong>consommer<\/strong>, <strong>transporter<\/strong> ou <strong>vendre<\/strong> du <a href=\"https:\/\/actu.fr\/societe\/une-ado-tuee-par-le-protoxyde-d-azote-comment-ce-gaz-hilarant-tres-prise-des-jeunes-peut-il-devenir-mortel_63447981.html\" target=\"_blank\" rel=\"noopener\">protoxyde d\u2019azote<\/a> du 18 d\u00e9cembre au 18 mars 2026 sur l\u2019ensemble du d\u00e9partement. Le d\u00e9p\u00f4t sauvage de cartouches dans l\u2019espace public est \u00e9galement interdit. Il ne s\u2019applique pas aux usages professionnels et m\u00e9dicaux du protoxyde d\u2019azote.\u00a0<\/p>\n<p class=\" wall-content\">Aussi surnomm\u00e9 \u00ab\u00a0gaz hilarant\u00a0\u00bb, l\u2019usage de ce gaz a \u00e9t\u00e9 d\u00e9tourn\u00e9 \u00e0 des <strong>fins festives<\/strong> via ses effets euphorisants. Il est notamment pris\u00e9 chez les jeunes. \u00a0\u00bb Il s\u2019agit d\u00e9sormais de la troisi\u00e8me substance psychoactive la plus consomm\u00e9e\u00a0\u00bb, rappelle la pr\u00e9fecture.\u00a0<\/p>\n<p class=\" wall-content\">Sa consommation est <strong>dangereuse<\/strong> pour la sant\u00e9 avec des risques d\u2019asphyxie, perte de connaissance, chutes ou vertiges. \u00ab\u00a0La lutte contre l\u2019usage d\u00e9tourn\u00e9 du protoxyde d\u2019azote est l\u2019affaire de tous. Ensemble, nous devons agir avec responsabilit\u00e9 pour prot\u00e9ger les plus jeunes. L\u2019objectif est clair : prot\u00e9ger la sant\u00e9 publique, garantir la s\u00e9curit\u00e9 de nos concitoyens et pr\u00e9venir les drames\u00a0\u00bb, indique \u00c9tienne Guyot, pr\u00e9fet de la Gironde.\u00a0<\/p>\n<p>Libourne d\u00e9j\u00e0 sur le coup<\/p>\n<p class=\" wall-content\">Le 25 juillet dernier, <a href=\"https:\/\/actu.fr\/nouvelle-aquitaine\/libourne_33243\" target=\"_blank\" rel=\"noopener\">Philippe Buisson<\/a>, maire de Libourne, <a href=\"https:\/\/actu.fr\/nouvelle-aquitaine\/libourne_33243\/gaz-hilarant-libourne-interdit-la-consommation-de-protoxyde-d-azote-sur-la-voie-publique_62969741.html\" target=\"_blank\" rel=\"noopener\">avait pris un arr\u00eat\u00e9 municipal<\/a> pour interdire la d\u00e9tention et consommation du protoxyde d\u2019azote. \u00ab\u00a0Chaque matin, nos agents et les Libournais, d\u00e9couvrent des dizaines de bonbonnes ou de cartouches de ce gaz jonchant nos rues. Ce n\u2019est pas acceptable\u00a0\u00bb, indiquait l\u2019\u00e9dile sur ses r\u00e9seaux sociaux.\u00a0<\/p>\n<p class=\" wall-content\">Pour rappel, la vente de protoxyde d\u2019azote aux mineurs peut \u00eatre sanctionn\u00e9e d\u2019une amende de 3 750 euros et l\u2019incitation d\u2019un mineur \u00e0 un usage d\u00e9tourn\u00e9 de ce gaz hilarant par une amende de 15 000 euros.<strong> La f\u00eate est finie<\/strong> pour les consommateurs en Gironde.<\/p>\n<p class=\" wall-content\">Personnalisez votre actualit\u00e9 en ajoutant vos villes et m\u00e9dias en favori avec <a href=\"https:\/\/moncompte.actu.fr\" title=\"D\u00e9couvez Mon Actu\" rel=\"nofollow noopener\" data-trk=\"{&quot;cta&quot;:{&quot;action&quot;:&quot;https:\\\/\\\/moncompte.actu.fr&quot;,&quot;category&quot;:&quot;mon compte&quot;,&quot;from&quot;:&quot;article footer&quot;,&quot;name&quot;:&quot;Mon actu&quot;,&quot;type&quot;:&quot;cta&quot;}}\" target=\"_blank\">Mon Actu<\/a>.<\/p>\n","protected":false},"excerpt":{"rendered":"Par Julian Doubax Publi\u00e9 le 17 d\u00e9c. 2025 \u00e0 13h32 La pr\u00e9fecture de la Gironde prend les devants&hellip;\n","protected":false},"author":2,"featured_media":605253,"comment_status":"","ping_status":"","sticky":false,"template":"","format":"standard","meta":{"footnotes":""},"categories":[2817],"tags":[1111,11,1997,1777,674,1011,27,843,12,2219,25,71,104],"class_list":{"0":"post-605252","1":"post","2":"type-post","3":"status-publish","4":"format-standard","5":"has-post-thumbnail","7":"category-bordeaux","8":"tag-actu","9":"tag-actualites","10":"tag-bordeaux","11":"tag-eu","12":"tag-europe","13":"tag-fr","14":"tag-france","15":"tag-gaz","16":"tag-news","17":"tag-nouvelle-aquitaine","18":"tag-republique-francaise","19":"tag-sante","20":"tag-societe"},"share_on_mastodon":{"url":"https:\/\/pubeurope.com\/@fr\/115735053432076167","error":""},"_links":{"self":[{"href":"https:\/\/www.europesays.com\/fr\/wp-json\/wp\/v2\/posts\/605252","targetHints":{"allow":["GET"]}}],"collection":[{"href":"https:\/\/www.europesays.com\/fr\/wp-json\/wp\/v2\/posts"}],"about":[{"href":"https:\/\/www.europesays.com\/fr\/wp-json\/wp\/v2\/types\/post"}],"author":[{"embeddable":true,"href":"https:\/\/www.europesays.com\/fr\/wp-json\/wp\/v2\/users\/2"}],"replies":[{"embeddable":true,"href":"https:\/\/www.europesays.com\/fr\/wp-json\/wp\/v2\/comments?post=605252"}],"version-history":[{"count":0,"href":"https:\/\/www.europesays.com\/fr\/wp-json\/wp\/v2\/posts\/605252\/revisions"}],"wp:featuredmedia":[{"embeddable":true,"href":"https:\/\/www.europesays.com\/fr\/wp-json\/wp\/v2\/media\/605253"}],"wp:attachment":[{"href":"https:\/\/www.europesays.com\/fr\/wp-json\/wp\/v2\/media?parent=605252"}],"wp:term":[{"taxonomy":"category","embeddable":true,"href":"https:\/\/www.europesays.com\/fr\/wp-json\/wp\/v2\/categories?post=605252"},{"taxonomy":"post_tag","embeddable":true,"href":"https:\/\/www.europesays.com\/fr\/wp-json\/wp\/v2\/tags?post=605252"}],"curies":[{"name":"wp","href":"https:\/\/api.w.org\/{rel}","templated":true}]}}