{"id":605258,"date":"2025-12-17T13:08:12","date_gmt":"2025-12-17T13:08:12","guid":{"rendered":"https:\/\/www.europesays.com\/fr\/605258\/"},"modified":"2025-12-17T13:08:12","modified_gmt":"2025-12-17T13:08:12","slug":"superpoze-lysten-13-artistes-en-concert-dans-huit-lieux-a-roubaix-pour-le-festival-we-loft-music","status":"publish","type":"post","link":"https:\/\/www.europesays.com\/fr\/605258\/","title":{"rendered":"Superpoze, Lysten\u2026 13 artistes en concert dans huit lieux \u00e0 Roubaix pour le festival We Loft Music"},"content":{"rendered":"<p>                    Par<br \/>\n        <strong><br \/>\n            <a href=\"https:\/\/actu.fr\/auteur\/amandine-vachez\" title=\"Consulter tous les articles de Amandine Vachez\" target=\"_blank\" rel=\"noopener\">Amandine Vachez<\/a><br \/>\n                    <\/strong><\/p>\n<p>        Publi\u00e9 le<\/p>\n<p>            17 d\u00e9c. 2025 \u00e0 13h30        <\/p>\n<p>Voir un concert dans un lieu patrimonial d\u2019exception. (Re) d\u00e9couvrir des musiciens autrement, entour\u00e9s d\u2019un \u00e9crin sans pareil. C\u2019est ce que propose la<b> Cave aux po\u00e8tes <\/b>de <a href=\"https:\/\/actu.fr\/hauts-de-france\/roubaix_59512\" target=\"_blank\" rel=\"noopener\">Roubaix<\/a> (Nord), avec le <b>festival We Loft Music. <\/b>Il est de retour<b> d\u00e9but f\u00e9vrier\u00a02026<\/b> dans la ville, plus pr\u00e9cis\u00e9ment dans <b>huit lieux sur cinq jours. 13 artistes <\/b>y assurent des <a href=\"https:\/\/actu.fr\/loisirs-culture\/concert\" target=\"_blank\" rel=\"noopener\">concerts<\/a>. Et il y a en compl\u00e9ment un \u00ab\u2009before\u2009\u00bb qui a de quoi s\u00e9duire les curieux.<\/p>\n<p>\u00ab\u2009Se r\u00e9chauffer le c\u0153ur\u2009\u00bb en plein hiver<\/p>\n<p class=\" wall-content\">Le festival roubaisien verra sa 6e \u00e9dition se tenir <b>du 4 au 8\u00a0f\u00e9vrier<\/b>. Il ouvrira <a href=\"https:\/\/actu.fr\/loisirs-culture\/dates-et-premieres-tetes-daffiche-les-festivals-de-musique-du-nord-pas-de-calais-a-noter-pour-2026_63553992.html\" target=\"_blank\" rel=\"noopener\">une riche saison en r\u00e9gion<\/a>, avec l\u2019originalit\u00e9 de se tenir en d\u00e9but d\u2019ann\u00e9e. L\u2019occasion de \u00ab\u2009se r\u00e9chauffer le c\u0153ur\u2009\u00bb avec du bon son et des belles pierres.<\/p>\n<p class=\" wall-content\"><b\/>L\u2019\u00e9quipe a pris soin de concocter \u00ab\u2009de quoi vous \u00e9merveiller avec des artistes aux esth\u00e9tiques douces et chaleureuses qui satisferont votre soif de d\u00e9couverte\u2009\u00bb comme elle le d\u00e9crit si bien dans sa pr\u00e9sentation de l\u2019\u00e9v\u00e9nement.<\/p>\n<p class=\" wall-content\">Pour pr\u00e9cision, mis \u00e0 part Superpoze, les autres artistes ont r\u00e9pondu \u00e0 un appel \u00e0 candidatures de la Cave, qui en a re\u00e7u pas moins de 300. Le tout a \u00e9t\u00e9 minutieusement \u00e9pluch\u00e9 pour permettre une s\u00e9lection finale avec un jury qui \u00e9tait compos\u00e9 des personnes repr\u00e9sentantes de chaque lieu du festival, le conseil d\u2019administration, l\u2019\u00e9quipe et les b\u00e9n\u00e9voles de la Cave, fin octobre dernier. Un travail de fourmi qui permettra aux festivaliers de d\u00e9couvrir des p\u00e9pites\u2009!<\/p>\n<p>Quel programme\u2009?<\/p>\n<p class=\" wall-content\">Sans plus attendre, voici le programme de cette \u00e9dition\u2009:<\/p>\n<ul class=\" wall-content\">\n<li><b>Attention le tapis prend feu, mercredi 4\u00a0f\u00e9vrier \u00e0 18\u2009h\u200930 au Foyer du Projet<\/b><br \/>Les artistes\u2009: Ce duo parisien form\u00e9 au d\u00e9but de la d\u00e9cennie joue une dream pop \u00e9lectronique espi\u00e8gle et vagabonde. Un moment intime, dr\u00f4le et dansant en perspective, m\u00ealant basses profondes, effets fac\u00e9tieux et cr\u00e9ativit\u00e9 d\u00e9bordante.<br \/>Le lieu\u2009: Anciennement appel\u00e9 Foyer des Mutil\u00e9s de la guerre 14-18, il a \u00e9t\u00e9 r\u00e9habilit\u00e9 et investi par le Quartier cr\u00e9atif de la Ville de Roubaix.<\/li>\n<\/ul>\n<ul class=\" wall-content\">\n<li><b>Superpoze et Lysten, jeudi 5\u00a0f\u00e9vrier \u00e0 20\u2009h au mus\u00e9e de La Piscine<\/b><br \/>Les artistes\u2009: Superpoze offre une musique \u00e9lectronique percutante et m\u00e9lancolique, o\u00f9 se confrontent instruments et machines, textures synth\u00e9tiques, cordes et voix spectrales. Pour le pr\u00e9c\u00e9der, Lysten, artiste lillois qui vous promet une \u00e9vasion saisissante\u2009: un live \u00e9lectronica \u00e0 ne pas manquer\u2009!<br \/>Le lieu\u2009: quoi de mieux que le <a href=\"https:\/\/actu.fr\/hauts-de-france\/roubaix_59512\/la-piscine-histoire-d-un-musee-tres-atypique-dedie-a-l-art-et-a-l-industrie_63452339.html\" target=\"_blank\" rel=\"noopener\">mus\u00e9e de La Piscine<\/a>, pour un \u00e9crin d\u2019exception \u00e0 Roubaix\u2009? On ne pr\u00e9sente plus ce mus\u00e9e qui attire des visiteurs de la France enti\u00e8re et au-del\u00e0.<\/li>\n<\/ul>\n<p>Votre r\u00e9gion, votre actu !<\/p>\n<p>Recevez chaque jour les infos qui comptent pour vous.<\/p>\n<p>\t<a href=\"https:\/\/actu.fr\/newsletter\" class=\"ac-btn ac-btn--corner ac-btn--medium ac-btn--blue800\" target=\"_blank\" rel=\"noopener\">S&rsquo;incrire<\/a><\/p>\n<ul class=\" wall-content\">\n<li><b>O\u2019o et Lysten (live vid\u00e9o) pour \u00ab\u2009C\u2019est Mon Patrimoine\u2009\u00bb, vendredi 6\u00a0f\u00e9vrier \u00e0 18\u2009h \u00e0 l\u2019ANMT<\/b><br \/>Les artistes\u2009: Le projet \u00ab\u2009C\u2019est Mon Patrimoine\u2009\u00bb, dirig\u00e9 par l\u2019artiste Lysten et la plasticienne \u00c9lodie D\u00e9rache, a \u00e9t\u00e9 construit sur mesure pour ce temps fort. Il commencera \u00e0 18\u2009h, pour se poursuivre avec un temps de visite (voir plus bas) et par un live visuel immersif de Lysten, avec la vid\u00e9aste Julie Chevailler. S\u2019ensuivra le set de O\u2019o \u00e0 20\u2009h\u200930, m\u00ealant pop exp\u00e9rimentale, \u00e9lectronique et chanson avec une inventivit\u00e9 vocale et une production \u00e0 la fois lyrique et onirique.<br \/>Le lieu\u2009: Les<a href=\"https:\/\/actu.fr\/hauts-de-france\/roubaix_59512\/les-archives-nationales-du-monde-du-travail-fetent-leurs-30-ans-a-roubaix_60361219.html\" target=\"_blank\" rel=\"noopener\"> Archives Nationales du Monde du Travail<\/a> ouvrent leurs portes pour ce moment qui s\u2019annonce exceptionnel. Une visite de ce b\u00e2timent embl\u00e9matique du Nord sera propos\u00e9 \u00e0 19\u2009h. Vous attendent des tonnes d\u2019archives, dans un lieu aux allures de ch\u00e2teau m\u00e9di\u00e9val. Exceptionnel, on vous dit\u2009!<\/li>\n<\/ul>\n<ul class=\" wall-content\">\n<li><b>Lysten en solo piano, samedi 7\u00a0f\u00e9vrier \u00e0 16\u2009h, chez l\u2019habitant<\/b><br \/>L\u2019artiste\u2009: Toujours en recherche d\u2019une musique qui se vit comme une odyss\u00e9e, Lysten remet l\u2019\u00e9coute de la nature et de ses sensations au premier plan, dans un set brut, seul au piano.<\/li>\n<\/ul>\n<ul class=\" wall-content\">\n<li><b>SCR4PP, samedi 7\u00a0f\u00e9vrier \u00e0 17\u2009h\u200930, galerie Topositropos<\/b><br \/>L\u2019artiste\u2009: Allant du rock au m\u00e9tal, de la house \u00e0 la transe en passant par l\u2019ambiant \u00e0 la musique classique, SC4PP \u00e9labore un voyage sonore et percussif.<br \/>Le lieu\u2009: la galerie Topositropos, situ\u00e9e au 16, rue du Grand Chemin, accueille r\u00e9guli\u00e8rement des \u00e9v\u00e9nements. Ce concert est l\u2019occasion de d\u00e9couvrir le lieu autrement\u2009!<\/li>\n<\/ul>\n<ul class=\" wall-content\">\n<li><b>\u00ab\u2009We Loft Party\u2009\u00bb, avec Flupke, No Sex Last Night, Margaux59000, Luxie et Lysten, samedi 7\u00a0f\u00e9vrier \u00e0 20\u2009h \u00e0 la Cave aux Po\u00e8tes<\/b><br \/>\u00ab\u2009Let\u2019s dance\u2009!\u2009\u00bb Place \u00e0 la grande soir\u00e9e traditionnelle du festival qui \u00ab\u2009fait boum boum dans les oreilles\u2009\u00bb, d\u00e9crit l\u2019\u00e9quipe. Clin d\u2019\u0153il \u00e0 un air qui reste bien trop en t\u00eate\u2026 Passionn\u00e9 de tee-shirt banane et de la fus\u00e9e rouge et blanche, Flupke affiche un projet oscillant entre \u00e9lectro pixelis\u00e9e, techno d\u00e9cal\u00e9e et m\u00e9lodies hypnotisantes. L\u2019artiste sera pr\u00e9c\u00e9d\u00e9 du duo No Sex Last Night, proposant un savant m\u00e9lange d\u2019EBM, d\u2019angoisse et de danse sans fin. Ambiances planantes, machines qui frappent juste et vibes hypnotiques sont au rendez-vous de cette soir\u00e9e, poursuivie par Luxie, Margaux59000 et Lysten aux commandes, pour \u00ab\u2009un voyage souterrain sans limite\u2009\u00bb.<\/li>\n<\/ul>\n<ul class=\" wall-content\">\n<li><b>M\u00e9lissa Weikart, dimanche 8\u00a0f\u00e9vrier \u00e0 16\u2009h, chez l\u2019habitante<\/b><br \/>Chanteuse, pianiste et compositrice, cette musicienne franco-am\u00e9ricaine propose une musique po\u00e9tiquement jazzy entre intimit\u00e9, finesse, fraicheur et dissonances.<\/li>\n<\/ul>\n<ul class=\" wall-content\">\n<li><b>Cl\u00e9a Vincent et Marissol Mwaba, dimanche 8\u00a0f\u00e9vrier \u00e0 17\u2009h \u00e0 la Condition publique<\/b><br \/>Les artistes\u2009: Depuis 15\u00a0ans, Cl\u00e9a Vincent incarne une pop fran\u00e7aise solaire et spontan\u00e9e, de ses d\u00e9buts parisiens jusqu\u2019au Bataclan. Elle pr\u00e9pare un nouvel album, \u00e0 d\u00e9couvrir en lie d\u00e8s 19\u2009h. Avant, Marissol Mwaba, artiste r\u00e9silienne d\u2019origine congolaise, chanteuse et fondatrice de l\u2019\u00e9cole d\u2019art Mwaba Canto Express\u00e3o vous envo\u00fbtera avec sa voix singuli\u00e8re.<br \/>Le lieu\u2009: Ancienne usine textile, la Condition publique est devenu un lieu culturel hors norme \u00e0 Roubaix. Plus que cela, il est un laboratoire de pratiques artistiques. Assur\u00e9ment un endroit \u00e0 voir, si vous ne connaissez pas d\u00e9j\u00e0\u2009!<\/li>\n<\/ul>\n<p>    <img   decoding=\"async\" loading=\"lazy\" class=\"size-large\" src=\"https:\/\/www.europesays.com\/fr\/wp-content\/uploads\/2025\/12\/69474428924965d474428924981574v-960x640.jpg\" alt=\"Les artistes investissent des lieux de Roubaix (Nord) pour des concerts in\u00e9dits, uniques en leur genre, pour We Loft Music. Ici Mardi Midi \u00e0 la Plaine Images, pour la 5e \u00e9dition.\" width=\"960\" height=\"640\"\/><br \/>\n    Les artistes investissent des lieux de Roubaix (Nord) pour des concerts in\u00e9dits, uniques en leur genre, pour We Loft Music. Ici Mardi Midi \u00e0 la Plaine Images, pour la 5e \u00e9dition. \u00a9JC BorrensDes \u00ab\u2009befores\u2009\u00bb les vendredis pour se mettre dedans<\/p>\n<p class=\" wall-content\">En plus de la programmation d\u00e9j\u00e0 bien charg\u00e9e du festival, un \u00ab\u2009before\u2009\u00bb vous attend, d\u00e8s la mi-janvier. L\u2019occasion de se mettre dans l\u2019ambiance, les vendredis pr\u00e9c\u00e9dant l\u2019ouverture du festival. Vous pourrez voir <b>Mesparrow <\/b>(\u00e9lectro) le vendredi 16\u00a0janvier \u00e0 l\u2019EPICC, site Roussel\u2009; <b>Elise Bourn <\/b>(folk) vous attendra le vendredi 23\u00a0janvier pour un concert dans un loft\u2009; et Kalupto se produira le vendredi 30\u00a0janvier dans les locaux de l\u2019association locale <a href=\"https:\/\/www.ara-asso.fr\/\" target=\"_blank\" rel=\"noopener\">ARA, Autour des rythmes actuels<\/a>.<\/p>\n<p class=\" wall-content\">Voil\u00e0 de quoi vous occuper pour quelques soir\u00e9es en d\u00e9but d\u2019ann\u00e9e.<\/p>\n<p>Les concerts en \u00ab\u2009before\u2009\u00bb sont affich\u00e9s \u00e0 5\u00a0euros, ceux du festival entre 5 et 25\u00a0euros en fonction des dates. Celui du 4\u00a0f\u00e9vrier est gratuit, sur r\u00e9servation. Programme complet et liens pour r\u00e9server \u00e0 retrouver <a href=\"https:\/\/caveauxpoetes.com\/we-loft-music-festival\/\" target=\"_blank\" rel=\"noopener\">sur le site officiel de la Cave aux Po\u00e8tes<\/a>.<\/p>\n<p class=\" wall-content\">Personnalisez votre actualit\u00e9 en ajoutant vos villes et m\u00e9dias en favori avec <a href=\"https:\/\/moncompte.actu.fr\" title=\"D\u00e9couvez Mon Actu\" rel=\"nofollow noopener\" data-trk=\"{&quot;cta&quot;:{&quot;action&quot;:&quot;https:\\\/\\\/moncompte.actu.fr&quot;,&quot;category&quot;:&quot;mon compte&quot;,&quot;from&quot;:&quot;article footer&quot;,&quot;name&quot;:&quot;Mon actu&quot;,&quot;type&quot;:&quot;cta&quot;}}\" target=\"_blank\">Mon Actu<\/a>.<\/p>\n","protected":false},"excerpt":{"rendered":"Par Amandine Vachez Publi\u00e9 le 17 d\u00e9c. 2025 \u00e0 13h30 Voir un concert dans un lieu patrimonial d\u2019exception.&hellip;\n","protected":false},"author":2,"featured_media":605259,"comment_status":"","ping_status":"","sticky":false,"template":"","format":"standard","meta":{"footnotes":""},"categories":[2815],"tags":[1111,11,1697,1777,674,1011,27,811,1307,1652,12,2551,25],"class_list":{"0":"post-605258","1":"post","2":"type-post","3":"status-publish","4":"format-standard","5":"has-post-thumbnail","7":"category-lille","8":"tag-actu","9":"tag-actualites","10":"tag-concert","11":"tag-eu","12":"tag-europe","13":"tag-fr","14":"tag-france","15":"tag-hauts-de-france","16":"tag-lille","17":"tag-loisirs-culture","18":"tag-news","19":"tag-patrimoine","20":"tag-republique-francaise"},"share_on_mastodon":{"url":"https:\/\/pubeurope.com\/@fr\/115735069388942004","error":""},"_links":{"self":[{"href":"https:\/\/www.europesays.com\/fr\/wp-json\/wp\/v2\/posts\/605258","targetHints":{"allow":["GET"]}}],"collection":[{"href":"https:\/\/www.europesays.com\/fr\/wp-json\/wp\/v2\/posts"}],"about":[{"href":"https:\/\/www.europesays.com\/fr\/wp-json\/wp\/v2\/types\/post"}],"author":[{"embeddable":true,"href":"https:\/\/www.europesays.com\/fr\/wp-json\/wp\/v2\/users\/2"}],"replies":[{"embeddable":true,"href":"https:\/\/www.europesays.com\/fr\/wp-json\/wp\/v2\/comments?post=605258"}],"version-history":[{"count":0,"href":"https:\/\/www.europesays.com\/fr\/wp-json\/wp\/v2\/posts\/605258\/revisions"}],"wp:featuredmedia":[{"embeddable":true,"href":"https:\/\/www.europesays.com\/fr\/wp-json\/wp\/v2\/media\/605259"}],"wp:attachment":[{"href":"https:\/\/www.europesays.com\/fr\/wp-json\/wp\/v2\/media?parent=605258"}],"wp:term":[{"taxonomy":"category","embeddable":true,"href":"https:\/\/www.europesays.com\/fr\/wp-json\/wp\/v2\/categories?post=605258"},{"taxonomy":"post_tag","embeddable":true,"href":"https:\/\/www.europesays.com\/fr\/wp-json\/wp\/v2\/tags?post=605258"}],"curies":[{"name":"wp","href":"https:\/\/api.w.org\/{rel}","templated":true}]}}