{"id":60526,"date":"2025-04-29T00:22:32","date_gmt":"2025-04-29T00:22:32","guid":{"rendered":"https:\/\/www.europesays.com\/fr\/60526\/"},"modified":"2025-04-29T00:22:32","modified_gmt":"2025-04-29T00:22:32","slug":"emerick-setiano-quitte-toulon-pour-un-autre-club-de-top-14","status":"publish","type":"post","link":"https:\/\/www.europesays.com\/fr\/60526\/","title":{"rendered":"Emerick Setiano quitte Toulon pour un autre club de Top 14"},"content":{"rendered":"<p>\t\t\t\t\t\t\t\t\t\t\t\t\t\tTOP 14 2024-2025 \u2013 L\u2019Aviron Bayonnais a annonc\u00e9 la signature du pilier droit Emerick Setiano (28 ans, RC Toulon) pour les deux prochaines saisons.\u00a0<\/p>\n<p style=\"text-align: justify;\" data-pm-slice=\"1 1 []\">Quatri\u00e8me au classement de Top 14 \u00e0 quelques journ\u00e9es de la fin, <strong>Bayonne<\/strong> est en tr\u00e8s bonne position pour jouer la phase finale. Les <strong>Basques<\/strong> ne cachent pas leurs ambitions ces derni\u00e8res ann\u00e9es et ont d\u00e9j\u00e0 r\u00e9alis\u00e9 un beau recrutement pour la saison prochaine avec notamment les signatures d\u2019<strong>Alexandre<\/strong> <strong>Fischer <\/strong>(27 ans, troisi\u00e8me ligne), <strong>Rob<\/strong> <strong>Leota<\/strong> (28 ans, troisi\u00e8me ligne) ou encore <strong>Herschel<\/strong> <strong>Jantjies<\/strong> (29 ans, demi de m\u00eal\u00e9e).<\/p>\n<p>Emerick Setiano \u00e0 Bayonne<\/p>\n<p style=\"text-align: justify;\">Apr\u00e8s avoir r\u00e9ussi \u00e0 conserver <strong>Tevita<\/strong> <strong>Tatafu<\/strong> malgr\u00e9 un pr\u00e9-contrat sign\u00e9 avec l\u2019<strong>Union Bordeaux B\u00e8gles<\/strong>, l\u2019<a href=\"https:\/\/dicodusport.fr\/blog\/transferts-aviron-bayonnais-2025-arrivees-departs-et-prolongations\/\" target=\"_blank\" rel=\"noopener\"><strong>Aviron Bayonnais<\/strong><\/a> \u00e9tait en qu\u00eate d\u2019une autre pointure au poste de pilier droit. Les Basques ont finalement trouv\u00e9 leur bonheur \u00e0 <strong>Toulon<\/strong> en obtenant la signature du tr\u00e8s solide <strong>Emerick<\/strong> <strong>Setiano<\/strong> qui arrivait en fin de contrat en juin prochain.<\/p>\n<p style=\"text-align: justify;\">Apr\u00e8s avoir fait toute sa carri\u00e8re professionnelle sur la Rade, le pilier droit de 28 ans se lance donc un nouveau d\u00e9fi. L\u2019international fran\u00e7ais, d\u00e9j\u00e0 21 matchs cette saison, s\u2019est engag\u00e9 pour deux saisons avec le club basque. <strong>Emerick<\/strong> <strong>Setiano<\/strong> va donc tourner la page de <strong>Toulon<\/strong> dans quelques mois et pourrait encore le faire avec un titre, puisque son club est en course pour aller d\u00e9crocher le Brennus.<\/p>\n<p>\u00c0 ce sujet<br \/>\n<a href=\"https:\/\/dicodusport.fr\/blog\/transferts-toulouse-un-club-de-top-14-veut-signer-richie-arnold\/\" class=\"vlp-link\" title=\"Transferts Toulouse : Un club de Top 14 veut signer Richie Arnold\" target=\"_blank\" rel=\"noopener\"><img loading=\"lazy\" decoding=\"async\" style=\"max-width: 792px;\" width=\"792\" height=\"445\" class=\"attachment-800x445 size-800x445 perfmatters-lazy\" alt=\"\" src=\"https:\/\/www.europesays.com\/fr\/wp-content\/uploads\/2025\/04\/Transferts-Toulouse-Un-club-de-Top-14-veut-signer-Richie-Arnold.png\"  data-\/><\/p>\n<p>Transferts Toulouse : Un club de Top 14 veut signer Richie Arnold<\/p>\n<p>TOP 14 2024-2025 &#8211; Selon L&rsquo;\u00c9quipe, l&rsquo;Union Bordeaux-B\u00e8gles veut signer Richie Arnold (34 ans, Stade Toulousain) pour la saison prochaine.\u00a0<\/p>\n<p>Lire l&rsquo;article<\/p>\n<p>dicodusport.fr<\/p>\n","protected":false},"excerpt":{"rendered":"TOP 14 2024-2025 \u2013 L\u2019Aviron Bayonnais a annonc\u00e9 la signature du pilier droit Emerick Setiano (28 ans, RC&hellip;\n","protected":false},"author":2,"featured_media":60527,"comment_status":"","ping_status":"","sticky":false,"template":"","format":"standard","meta":{"footnotes":""},"categories":[9619],"tags":[1111,11,2113,1109,15754,1777,674,1011,27,12,882,25,15755,2310,969,477],"class_list":{"0":"post-60526","1":"post","2":"type-post","3":"status-publish","4":"format-standard","5":"has-post-thumbnail","7":"category-toulon","8":"tag-actu","9":"tag-actualites","10":"tag-breve","11":"tag-breves","12":"tag-emerick-setiano","13":"tag-eu","14":"tag-europe","15":"tag-fr","16":"tag-france","17":"tag-news","18":"tag-provence-alpes-cote-dazur","19":"tag-republique-francaise","20":"tag-setiano","21":"tag-toulon","22":"tag-transfert","23":"tag-transferts-rugby"},"share_on_mastodon":{"url":"https:\/\/pubeurope.com\/@fr\/114418401048955038","error":""},"_links":{"self":[{"href":"https:\/\/www.europesays.com\/fr\/wp-json\/wp\/v2\/posts\/60526","targetHints":{"allow":["GET"]}}],"collection":[{"href":"https:\/\/www.europesays.com\/fr\/wp-json\/wp\/v2\/posts"}],"about":[{"href":"https:\/\/www.europesays.com\/fr\/wp-json\/wp\/v2\/types\/post"}],"author":[{"embeddable":true,"href":"https:\/\/www.europesays.com\/fr\/wp-json\/wp\/v2\/users\/2"}],"replies":[{"embeddable":true,"href":"https:\/\/www.europesays.com\/fr\/wp-json\/wp\/v2\/comments?post=60526"}],"version-history":[{"count":0,"href":"https:\/\/www.europesays.com\/fr\/wp-json\/wp\/v2\/posts\/60526\/revisions"}],"wp:featuredmedia":[{"embeddable":true,"href":"https:\/\/www.europesays.com\/fr\/wp-json\/wp\/v2\/media\/60527"}],"wp:attachment":[{"href":"https:\/\/www.europesays.com\/fr\/wp-json\/wp\/v2\/media?parent=60526"}],"wp:term":[{"taxonomy":"category","embeddable":true,"href":"https:\/\/www.europesays.com\/fr\/wp-json\/wp\/v2\/categories?post=60526"},{"taxonomy":"post_tag","embeddable":true,"href":"https:\/\/www.europesays.com\/fr\/wp-json\/wp\/v2\/tags?post=60526"}],"curies":[{"name":"wp","href":"https:\/\/api.w.org\/{rel}","templated":true}]}}