{"id":605262,"date":"2025-12-17T13:10:15","date_gmt":"2025-12-17T13:10:15","guid":{"rendered":"https:\/\/www.europesays.com\/fr\/605262\/"},"modified":"2025-12-17T13:10:15","modified_gmt":"2025-12-17T13:10:15","slug":"violent-incendie-a-marseille-cet-entrepot-totalement-detruit-une-centaine-devacuations","status":"publish","type":"post","link":"https:\/\/www.europesays.com\/fr\/605262\/","title":{"rendered":"Violent incendie \u00e0 Marseille. Cet entrep\u00f4t totalement d\u00e9truit, une centaine d&rsquo;\u00e9vacuations"},"content":{"rendered":"<p>                    Par<br \/>\n        <strong><br \/>\n            <a href=\"https:\/\/actu.fr\/auteur\/fabien-binacchi\" title=\"Consulter tous les articles de Fabien Binacchi\" target=\"_blank\" rel=\"noopener\">Fabien Binacchi<\/a><br \/>\n                    <\/strong><\/p>\n<p>        Publi\u00e9 le<\/p>\n<p>            17 d\u00e9c. 2025 \u00e0 13h56        <\/p>\n<p>Un <strong>dispositif exceptionnel<\/strong> pour un gigantesque <a href=\"https:\/\/actu.fr\/tag\/incendie\" target=\"_blank\" rel=\"noopener\">incendie.<\/a> Dans la nuit de mardi \u00e0 ce mercredi 17\u00a0d\u00e9cembre 2025, environ 80 <a href=\"https:\/\/actu.fr\/tag\/marin-pompier\" target=\"_blank\" rel=\"noopener\">marins pompiers<\/a> ont \u00e9t\u00e9 mobilis\u00e9s pour venir \u00e0 bout des flammes qui ont d\u00e9truit un vaste entrep\u00f4t squatt\u00e9 dans le 12e arrondissement de <a href=\"https:\/\/actu.fr\/marseille\/\" target=\"_blank\" rel=\"noopener\">Marseille,<\/a> apprend-on aupr\u00e8s des secours.<\/p>\n<p class=\" wall-content\">Une centaine de personnes ont \u00e9t\u00e9 \u00e9vacu\u00e9es.<\/p>\n<p>2500m2 partis en fum\u00e9e<\/p>\n<p class=\" wall-content\">L\u2019alerte a \u00e9t\u00e9 d\u00e9clench\u00e9e un peu apr\u00e8s minuit ce mercredi. Un feu a pris dans un entrep\u00f4t de la rue Saint-Pierre, juste \u00e0 c\u00f4t\u00e9 du cimeti\u00e8re.<\/p>\n<p class=\" wall-content\">\u00c0 l\u2019arriv\u00e9e des secours, les 100\u00a0personnes qui se trouvaient \u00e0 l\u2019int\u00e9rieur du site, issues de la communaut\u00e9 Rom, ont \u00e9t\u00e9 \u00e9vacu\u00e9es et <strong>la majeure partie de l\u2019\u00e9difice de 2500 m2 \u00ab\u2009est d\u00e9j\u00e0 en flammes\u2009\u00bb,<\/strong> t\u00e9moignent les marins-pompiers.<\/p>\n<p>    <a href=\"https:\/\/www.google.com\/maps\/embed?pb=!1m18!1m12!1m3!1d1565.4966615900305!2d5.419895756684986!3d43.291023292750296!2m3!1f0!2f0!3f0!3m2!1i1024!2i768!4f13.1!3m3!1m2!1s0x12c9bf3bc8c090d7%3A0x1e3596c617eddcde!2s555%20Rue%20Saint-Pierre%2C%2013012%20Marseille!5e1!3m2!1sfr!2sfr!4v1765975352435!5m2!1sfr!2sfr\" title=\"Ouvrie le lien\" target=\"_blank\" rel=\"noopener\">Cliquez ici pour visualiser le contenu<\/a><\/p>\n<p class=\" wall-content\">Ils ont \u00e9t\u00e9 jusqu\u2019\u00e0 80 \u00e0 \u00eatre d\u00e9ploy\u00e9s sur les lieux pour venir \u00e0 bout du sinistre <strong>trois heures plus tard,<\/strong> r\u00e9ussissant \u00e0 \u00e9viter \u00ab\u2009toute propagation aux structures environnantes\u2009\u00bb.<\/p>\n<p>Relog\u00e9es \u00ab\u2009par leurs propres moyens\u2009\u00bb<\/p>\n<p class=\" wall-content\">L\u2019incendie, aussi impressionnant soit-il, n\u2019a fait aucune victime. <strong>\u00ab\u2009Aucune personne n\u2019a \u00e9t\u00e9 transport\u00e9e \u00e0 l\u2019h\u00f4pital\u2009\u00bb<\/strong> et toutes \u00ab\u2009ont \u00e9t\u00e9 relog\u00e9es par leurs propres moyens\u2009\u00bb. Selon nos informations, elles se sont abrit\u00e9es dans un autre b\u00e2timent \u00e0 proximit\u00e9.<\/p>\n<p>Votre r\u00e9gion, votre actu !<\/p>\n<p>Recevez chaque jour les infos qui comptent pour vous.<\/p>\n<p>\t<a href=\"https:\/\/actu.fr\/newsletter\" class=\"ac-btn ac-btn--corner ac-btn--medium ac-btn--blue800\" target=\"_blank\" rel=\"noopener\">S&rsquo;incrire<\/a><\/p>\n<p class=\" wall-content\">Les services de la Ville de Marseille, les polices nationale et municipale ainsi qu\u2019Enedis \u00e9taient \u00e9galement sur place. Le bataillon pr\u00e9cise que deux rondes ont \u00e9t\u00e9 r\u00e9alis\u00e9es plus tard dans la nuit et ce mercredi matin afin de \u00ab\u2009pr\u00e9venir de toute reprise de feu \u00e9ventuelle\u2009\u00bb.<\/p>\n<p class=\" wall-content\">L\u2019origine du feu est \u00e0 ce stade ind\u00e9termin\u00e9e mais, selon les premiers \u00e9l\u00e9ments, <strong>un branchement \u00e9lectrique sauvage<\/strong> pourrait \u00eatre en cause.<\/p>\n<p class=\" wall-content\">Personnalisez votre actualit\u00e9 en ajoutant vos villes et m\u00e9dias en favori avec <a href=\"https:\/\/moncompte.actu.fr\" title=\"D\u00e9couvez Mon Actu\" rel=\"nofollow noopener\" data-trk=\"{&quot;cta&quot;:{&quot;action&quot;:&quot;https:\\\/\\\/moncompte.actu.fr&quot;,&quot;category&quot;:&quot;mon compte&quot;,&quot;from&quot;:&quot;article footer&quot;,&quot;name&quot;:&quot;Mon actu&quot;,&quot;type&quot;:&quot;cta&quot;}}\" target=\"_blank\">Mon Actu<\/a>.<\/p>\n","protected":false},"excerpt":{"rendered":"Par Fabien Binacchi Publi\u00e9 le 17 d\u00e9c. 2025 \u00e0 13h56 Un dispositif exceptionnel pour un gigantesque incendie. Dans&hellip;\n","protected":false},"author":2,"featured_media":605263,"comment_status":"","ping_status":"","sticky":false,"template":"","format":"standard","meta":{"footnotes":""},"categories":[2814],"tags":[1111,11,1777,674,118,1011,27,1310,17289,884,12,882,25],"class_list":{"0":"post-605262","1":"post","2":"type-post","3":"status-publish","4":"format-standard","5":"has-post-thumbnail","7":"category-marseille","8":"tag-actu","9":"tag-actualites","10":"tag-eu","11":"tag-europe","12":"tag-faits-divers","13":"tag-fr","14":"tag-france","15":"tag-incendie","16":"tag-marin-pompier","17":"tag-marseille","18":"tag-news","19":"tag-provence-alpes-cote-dazur","20":"tag-republique-francaise"},"share_on_mastodon":{"url":"https:\/\/pubeurope.com\/@fr\/115735076971345745","error":""},"_links":{"self":[{"href":"https:\/\/www.europesays.com\/fr\/wp-json\/wp\/v2\/posts\/605262","targetHints":{"allow":["GET"]}}],"collection":[{"href":"https:\/\/www.europesays.com\/fr\/wp-json\/wp\/v2\/posts"}],"about":[{"href":"https:\/\/www.europesays.com\/fr\/wp-json\/wp\/v2\/types\/post"}],"author":[{"embeddable":true,"href":"https:\/\/www.europesays.com\/fr\/wp-json\/wp\/v2\/users\/2"}],"replies":[{"embeddable":true,"href":"https:\/\/www.europesays.com\/fr\/wp-json\/wp\/v2\/comments?post=605262"}],"version-history":[{"count":0,"href":"https:\/\/www.europesays.com\/fr\/wp-json\/wp\/v2\/posts\/605262\/revisions"}],"wp:featuredmedia":[{"embeddable":true,"href":"https:\/\/www.europesays.com\/fr\/wp-json\/wp\/v2\/media\/605263"}],"wp:attachment":[{"href":"https:\/\/www.europesays.com\/fr\/wp-json\/wp\/v2\/media?parent=605262"}],"wp:term":[{"taxonomy":"category","embeddable":true,"href":"https:\/\/www.europesays.com\/fr\/wp-json\/wp\/v2\/categories?post=605262"},{"taxonomy":"post_tag","embeddable":true,"href":"https:\/\/www.europesays.com\/fr\/wp-json\/wp\/v2\/tags?post=605262"}],"curies":[{"name":"wp","href":"https:\/\/api.w.org\/{rel}","templated":true}]}}