{"id":605264,"date":"2025-12-17T13:11:21","date_gmt":"2025-12-17T13:11:21","guid":{"rendered":"https:\/\/www.europesays.com\/fr\/605264\/"},"modified":"2025-12-17T13:11:21","modified_gmt":"2025-12-17T13:11:21","slug":"municipales-a-marseille-des-elus-et-personnalites-politiques-appellent-a-soutenir-franck-allisio","status":"publish","type":"post","link":"https:\/\/www.europesays.com\/fr\/605264\/","title":{"rendered":"Municipales \u00e0 Marseille : des \u00e9lus et personnalit\u00e9s politiques appellent \u00e0 soutenir Franck Allisio"},"content":{"rendered":"<p>                                            Politique\n                                                                            <\/p>\n<p>\n                                            <strong>TRIBUNE.<\/strong> Une dizaine d&rsquo;\u00e9lus et de personnalit\u00e9s politiques, qui soutiennent la candidature \u00e0 la mairie de Marseille du d\u00e9put\u00e9 RN des Bouches-du-Rh\u00f4ne Franck Allisio, lancent un appel aux \u00e9lecteurs \u00e0 trois mois des municipales.                                        <\/p>\n<p>                                            <img loading=\"lazy\" width=\"1000\" height=\"667\" src=\"https:\/\/www.europesays.com\/fr\/wp-content\/uploads\/2025\/12\/SIPA_01192957_000085.jpg\" class=\"attachment-post-thumbnail size-post-thumbnail wp-post-image\" alt=\"Franck Allisio, d\u00e9put\u00e9 RN et candidat \u00e0 la mairie de Marseille. Photo \u00a9 Alain ROBERT\/SIPA\" decoding=\"async\"  \/><\/p>\n<p>                                            Franck Allisio, d\u00e9put\u00e9 RN et candidat \u00e0 la mairie de Marseille. Photo \u00a9 Alain ROBERT\/SIPA<\/p>\n<p>Dans son livre Journal d\u2019un prisonnier, Nicolas Sarkozy appelle \u00e0 un rassemblement le plus large possible des \u00e9lecteurs de droite, constatant aussi que Les R\u00e9publicains ne sont plus en situation d\u2019emporter les \u00e9lections.<\/p>\n<p><a href=\"https:\/\/www.valeursactuelles.com\/politique\/municipales-2026-a-marseille-le-candidat-rn-franck-allisio-ambitionne-de-faire-de-la-police-municipale-de-la-ville-la-premiere-de-france\" class=\"h-flex h-align-items-center h-border-tb h-ptb-15\" target=\"_blank\" rel=\"noopener\">A\u00a0LIRE\u00a0Municipales 2026 : \u00e0 Marseille, le candidat RN Franck Allisio ambitionne de faire de la police municipale de la ville \u00ab\u00a0la premi\u00e8re de France\u00a0\u00bb<\/a><\/p>\n<p>Ce message r\u00e9sonne avec une force particuli\u00e8re \u00e0 Marseille, o\u00f9 <a href=\"https:\/\/www.valeursactuelles.com\/politique\/municipales-2026-a-marseille-le-candidat-rn-franck-allisio-ambitionne-de-faire-de-la-police-municipale-de-la-ville-la-premiere-de-france\" target=\"_blank\" rel=\"noopener\">Franck Allisio<\/a> est le seul capable d\u2019unir les patriotes et la droite pour battre la gauche et l\u2019extr\u00eame gauche. En \u00e9cho \u00e0 l\u2019appel de Nicolas Sarkozy, nous nous adressons \u00e0 tous les \u00e9lecteurs de droite marseillais.<\/p>\n<p>Ceux qui croyaient en 2007 \u00e0 une droite forte, qui promettait la tol\u00e9rance z\u00e9ro, la ma\u00eetrise de l\u2019immigration, la protection des Fran\u00e7ais, la r\u00e9compense du travail et du m\u00e9rite, ainsi que l\u2019union autour de l\u2019amour de la France.<\/p>\n<p>Beaucoup ont \u00e9t\u00e9 d\u00e9\u00e7us par les renoncements et les alliances contre nature avec la gauche. Aujourd\u2019hui, un nouvel espoir national existe avec Marine Le Pen et Jordan Bardella ; un nouvel espoir local existe pour Marseille avec Franck Allisio.<\/p>\n<p>\u00c0 Marseille, nous avons le pouvoir de tourner la page d\u2019une gestion qui a laiss\u00e9 exploser l\u2019ins\u00e9curit\u00e9, favoris\u00e9 le d\u00e9sordre migratoire, fragilis\u00e9 notre culture et gaspill\u00e9 l\u2019argent public pendant que la pauvret\u00e9 augmentait.<\/p>\n<p>Face \u00e0 la gauche de <a href=\"https:\/\/www.valeursactuelles.com\/clubvaleurs\/politique\/marseille-electoralisme-mensonges-et-menaces-la-nouvelle-strategie-de-benoit-payan\" target=\"_blank\" rel=\"noopener\">Beno\u00eet Payan<\/a> incapable de prot\u00e9ger les Marseillais et \u00e0 LFI de <a href=\"https:\/\/www.valeursactuelles.com\/politique\/municipales-2026-candidat-a-marseille-le-depute-lfi-sebastien-delogu-invite-assa-traore-pour-son-premier-meeting\" target=\"_blank\" rel=\"noopener\">S\u00e9bastien Delogu<\/a>, le parti anti-France, anti-police, qui alimente la division, nous avons le devoir de reprendre le destin de notre ville en main.<\/p>\n<p>Marseille m\u00e9rite l\u2019ordre. Les Marseillais m\u00e9ritent mieux. C\u2019est pourquoi nous lan\u00e7ons un appel : \u00e9lecteurs de droite, \u00e9lecteurs de Nicolas Sarkozy de 2007, \u00e9lecteurs LR d\u2019hier et d\u2019aujourd\u2019hui : rejoignez le rassemblement autour de Franck Allisio.<\/p>\n<p>L\u2019\u00e9nergie, la coh\u00e9rence, la volont\u00e9 de redresser Marseille sont ici. En 2026, nous pouvons rendre la ville \u00e0 ceux qui l\u2019aiment : ses travailleurs, ses familles, ses commer\u00e7ants, tous ceux qui veulent la tranquillit\u00e9 et la s\u00e9curit\u00e9. L\u2019heure du changement est venue. L\u2019heure est au rassemblement autour de Franck Allisio.<\/p>\n<p><strong>Signataires\u00a0:<\/strong><\/p>\n<p>Olivier RIOULT, porte-parole et directeur de campagne de Franck Allisio, ancien directeur des coll\u00e8ges du d\u00e9partement des Bouches-du-Rh\u00f4ne<\/p>\n<p>Jean-Baptiste RIVOALLAN, pr\u00e9sident du groupe RPR et ind\u00e9pendants \u00e0 la M\u00e9tropole Aix-Marseille, conseiller municipal de Marseille<\/p>\n<p>Patrick PAPPALARDO, ancien pr\u00e9sident du bailleur social m\u00e9tropolitain Habitat Marseille Provence (HMP)<\/p>\n<p>Blaise ROSATO, ancien premier adjoint \u00e0 la mairie des 9\u00e8me et 10\u00e8me arrondissements de Marseille<\/p>\n<p>G\u00e9rard AUDIBERT, ancien adjoint des 11\u00e8me et 12\u00e8me arrondissements de Marseille<\/p>\n<p>Guil DARMON, ancien adjoint \u00e0 la gestion de l\u2019espace public \u00e0 la mairie des 9\u00e8me et 10\u00e8me arrondissements de Marseille<\/p>\n<p>Sophie ARRIGHI, conseill\u00e8re m\u00e9tropolitaine<\/p>\n<p>Jessy NAKACHE, conseiller des 11\u00e8me et 12\u00e8me arrondissements de Marseille<\/p>\n<p>Roger GUICHARD, conseiller des 11\u00e8me et 12\u00e8me arrondissements de Marseille<\/p>\n<p>Ren\u00e9 COULET, conseiller des 11\u00e8me et 12\u00e8me arrondissements de Marseille<\/p>\n","protected":false},"excerpt":{"rendered":"Politique TRIBUNE. Une dizaine d&rsquo;\u00e9lus et de personnalit\u00e9s politiques, qui soutiennent la candidature \u00e0 la mairie de Marseille&hellip;\n","protected":false},"author":2,"featured_media":605265,"comment_status":"","ping_status":"","sticky":false,"template":"","format":"standard","meta":{"footnotes":""},"categories":[2814],"tags":[1111,11,4188,1777,674,1011,27,20529,884,3434,12,882,1078,25],"class_list":{"0":"post-605264","1":"post","2":"type-post","3":"status-publish","4":"format-standard","5":"has-post-thumbnail","7":"category-marseille","8":"tag-actu","9":"tag-actualites","10":"tag-elections-municipales","11":"tag-eu","12":"tag-europe","13":"tag-fr","14":"tag-france","15":"tag-franck-allisio","16":"tag-marseille","17":"tag-municipales-2026","18":"tag-news","19":"tag-provence-alpes-cote-dazur","20":"tag-rassemblement-national","21":"tag-republique-francaise"},"share_on_mastodon":{"url":"https:\/\/pubeurope.com\/@fr\/115735081451581651","error":""},"_links":{"self":[{"href":"https:\/\/www.europesays.com\/fr\/wp-json\/wp\/v2\/posts\/605264","targetHints":{"allow":["GET"]}}],"collection":[{"href":"https:\/\/www.europesays.com\/fr\/wp-json\/wp\/v2\/posts"}],"about":[{"href":"https:\/\/www.europesays.com\/fr\/wp-json\/wp\/v2\/types\/post"}],"author":[{"embeddable":true,"href":"https:\/\/www.europesays.com\/fr\/wp-json\/wp\/v2\/users\/2"}],"replies":[{"embeddable":true,"href":"https:\/\/www.europesays.com\/fr\/wp-json\/wp\/v2\/comments?post=605264"}],"version-history":[{"count":0,"href":"https:\/\/www.europesays.com\/fr\/wp-json\/wp\/v2\/posts\/605264\/revisions"}],"wp:featuredmedia":[{"embeddable":true,"href":"https:\/\/www.europesays.com\/fr\/wp-json\/wp\/v2\/media\/605265"}],"wp:attachment":[{"href":"https:\/\/www.europesays.com\/fr\/wp-json\/wp\/v2\/media?parent=605264"}],"wp:term":[{"taxonomy":"category","embeddable":true,"href":"https:\/\/www.europesays.com\/fr\/wp-json\/wp\/v2\/categories?post=605264"},{"taxonomy":"post_tag","embeddable":true,"href":"https:\/\/www.europesays.com\/fr\/wp-json\/wp\/v2\/tags?post=605264"}],"curies":[{"name":"wp","href":"https:\/\/api.w.org\/{rel}","templated":true}]}}