{"id":605266,"date":"2025-12-17T13:12:13","date_gmt":"2025-12-17T13:12:13","guid":{"rendered":"https:\/\/www.europesays.com\/fr\/605266\/"},"modified":"2025-12-17T13:12:13","modified_gmt":"2025-12-17T13:12:13","slug":"lavion-easyjet-ne-peut-pas-atterrir-a-lyon-le-vol-deroute-au-dessus-des-alpes","status":"publish","type":"post","link":"https:\/\/www.europesays.com\/fr\/605266\/","title":{"rendered":"L&rsquo;avion easyJet ne peut pas atterrir \u00e0 Lyon, le vol d\u00e9rout\u00e9 au-dessus des Alpes"},"content":{"rendered":"<p>                    Par<br \/>\n        <strong><br \/>\n            <a href=\"https:\/\/actu.fr\/auteur\/anthony-soudani\" title=\"Consulter tous les articles de Anthony Soudani\" target=\"_blank\" rel=\"noopener\">Anthony Soudani<\/a><br \/>\n                    <\/strong><\/p>\n<p>        Publi\u00e9 le<\/p>\n<p>            17 d\u00e9c. 2025 \u00e0 12h29        <\/p>\n<p>Les passagers d\u2019un vol <a href=\"https:\/\/actu.fr\/tag\/easy-jet\" target=\"_blank\" rel=\"noopener\">easyJet<\/a> Gen\u00e8ve \u2013 Cracovie ont d\u00fb finir leur chemin par la route lundi 15 d\u00e9cembre\u2026 En raison des conditions m\u00e9t\u00e9o difficiles, leur avion a \u00e9t\u00e9 <strong>d\u00e9rout\u00e9 \u00e0 Katowice<\/strong>, a\u00e9roport polonais voisin de celui de Cracovie, selon les informations d\u2019actu Lyon.<\/p>\n<p class=\" wall-content\">L\u2019avion est ensuite <strong>reparti sans passager<\/strong> de Katowice vers Gen\u00e8ve pour retourner \u00e0 sa base dans la soir\u00e9e. Mais l\u00e0 encore, tout ne s\u2019est pas pass\u00e9 comme pr\u00e9vu.<\/p>\n<p>Impossible d\u2019atterrir \u00e0 Lyon au retour<\/p>\n<p class=\" wall-content\">Les gal\u00e8res se sont encha\u00een\u00e9es pour les pilotes puisqu\u2019ils ne pouvaient pas atterrir \u00e0 l\u2019a\u00e9roport suisse \u00e0 cause des <strong>limites du couvre-feu<\/strong>.\u00a0<\/p>\n<p class=\" wall-content\">Il \u00e9tait \u00e9galement impossible de se rabattre sur l\u2019<a href=\"https:\/\/actu.fr\/auvergne-rhone-alpes\/colombier-saugnieu_69299\/aeroport-de-lyon-cette-nouveaute-unique-au-monde-deployee-pour-faciliter-la-vie-des-passagers_63376328.html\" target=\"_blank\" rel=\"noopener\">a\u00e9roport de Lyon Saint-Exup\u00e9ry<\/a>, parce que l\u2019appareil allait se poser en dehors des <strong>limites d\u2019ouverture de l\u2019infrastructure.<\/strong><\/p>\n<p>D\u00e9rout\u00e9 \u00e0 Milan au dernier moment<\/p>\n<p class=\" wall-content\">L\u2019avion easyJet, alors<strong> sans passager<\/strong>, a donc d\u00fb \u00eatre une nouvelle fois d\u00e9rout\u00e9 au-dessus des Alpes en direction de l\u2019a\u00e9roport de Milan aux alentours de 23h45.\u00a0<\/p>\n<p class=\" wall-content\">C\u2019est seulement le lendemain, le mardi 16 d\u00e9cembre, que l\u2019avion a pu retourner sereinement \u00e0 sa base de Gen\u00e8ve, mettant fin \u00e0 ses p\u00e9rip\u00e9ties.<\/p>\n<p class=\" wall-content\">Personnalisez votre actualit\u00e9 en ajoutant vos villes et m\u00e9dias en favori avec <a href=\"https:\/\/moncompte.actu.fr\" title=\"D\u00e9couvez Mon Actu\" rel=\"nofollow noopener\" data-trk=\"{&quot;cta&quot;:{&quot;action&quot;:&quot;https:\\\/\\\/moncompte.actu.fr&quot;,&quot;category&quot;:&quot;mon compte&quot;,&quot;from&quot;:&quot;article footer&quot;,&quot;name&quot;:&quot;Mon actu&quot;,&quot;type&quot;:&quot;cta&quot;}}\" target=\"_blank\">Mon Actu<\/a>.<\/p>\n","protected":false},"excerpt":{"rendered":"Par Anthony Soudani Publi\u00e9 le 17 d\u00e9c. 2025 \u00e0 12h29 Les passagers d\u2019un vol easyJet Gen\u00e8ve \u2013 Cracovie&hellip;\n","protected":false},"author":2,"featured_media":605267,"comment_status":"","ping_status":"","sticky":false,"template":"","format":"standard","meta":{"footnotes":""},"categories":[1889],"tags":[1111,11,12526,2430,12527,1777,674,1011,27,2428,12,25,104],"class_list":{"0":"post-605266","1":"post","2":"type-post","3":"status-publish","4":"format-standard","5":"has-post-thumbnail","7":"category-lyon","8":"tag-actu","9":"tag-actualites","10":"tag-aeroport-lyon-saint-exupery","11":"tag-auvergne-rhone-alpes","12":"tag-easy-jet","13":"tag-eu","14":"tag-europe","15":"tag-fr","16":"tag-france","17":"tag-lyon","18":"tag-news","19":"tag-republique-francaise","20":"tag-societe"},"share_on_mastodon":{"url":"https:\/\/pubeurope.com\/@fr\/115735084774925640","error":""},"_links":{"self":[{"href":"https:\/\/www.europesays.com\/fr\/wp-json\/wp\/v2\/posts\/605266","targetHints":{"allow":["GET"]}}],"collection":[{"href":"https:\/\/www.europesays.com\/fr\/wp-json\/wp\/v2\/posts"}],"about":[{"href":"https:\/\/www.europesays.com\/fr\/wp-json\/wp\/v2\/types\/post"}],"author":[{"embeddable":true,"href":"https:\/\/www.europesays.com\/fr\/wp-json\/wp\/v2\/users\/2"}],"replies":[{"embeddable":true,"href":"https:\/\/www.europesays.com\/fr\/wp-json\/wp\/v2\/comments?post=605266"}],"version-history":[{"count":0,"href":"https:\/\/www.europesays.com\/fr\/wp-json\/wp\/v2\/posts\/605266\/revisions"}],"wp:featuredmedia":[{"embeddable":true,"href":"https:\/\/www.europesays.com\/fr\/wp-json\/wp\/v2\/media\/605267"}],"wp:attachment":[{"href":"https:\/\/www.europesays.com\/fr\/wp-json\/wp\/v2\/media?parent=605266"}],"wp:term":[{"taxonomy":"category","embeddable":true,"href":"https:\/\/www.europesays.com\/fr\/wp-json\/wp\/v2\/categories?post=605266"},{"taxonomy":"post_tag","embeddable":true,"href":"https:\/\/www.europesays.com\/fr\/wp-json\/wp\/v2\/tags?post=605266"}],"curies":[{"name":"wp","href":"https:\/\/api.w.org\/{rel}","templated":true}]}}