{"id":60528,"date":"2025-04-29T00:23:08","date_gmt":"2025-04-29T00:23:08","guid":{"rendered":"https:\/\/www.europesays.com\/fr\/60528\/"},"modified":"2025-04-29T00:23:08","modified_gmt":"2025-04-29T00:23:08","slug":"a-15-ans-dj-matiss-remporte-un-concours-tres-convoite","status":"publish","type":"post","link":"https:\/\/www.europesays.com\/fr\/60528\/","title":{"rendered":"\u00e0 15 ans, DJ Matiss remporte un concours tr\u00e8s convoit\u00e9"},"content":{"rendered":"<p>            Par<br \/>\n        <strong><br \/>\n            <a href=\"https:\/\/actu.fr\/auteur\/metropoop\" title=\"Consulter tous les articles de R\u00e9daction M\u00e9tropolitain\" rel=\"nofollow noopener\" target=\"_blank\">R\u00e9daction M\u00e9tropolitain<\/a><br \/>\n        <\/strong><\/p>\n<p>        Publi\u00e9 le<\/p>\n<p>            28 avr. 2025 \u00e0 19h38        <\/p>\n<p>Voil\u00e0 un <strong>DJ<\/strong>\u00a0en herbe qui conna\u00eet la musique : Mathys \u00e2g\u00e9 de 15 ans \u2013<strong>DJ Matiss<\/strong> lorsqu\u2019il est aux platines- originaire de Normandie, mais r\u00e9sidant avec sa famille \u00e0 <strong>Palavas-les-Flots<\/strong> vient de remporter le <strong>concours de la Night League<\/strong> \u00e0 N\u00eemes.\u00a0<\/p>\n<p class=\" wall-content\">Le tr\u00e8s convoit\u00e9 Night League est un concours de DJ qui rassemble des talents de toute la r\u00e9gion. Et ce sont des DJs professionnels reconnus aux platines qui jugent les participants sur la qualit\u00e9 de leurs morceaux, leur technique et leur cr\u00e9ativit\u00e9.<\/p>\n<p>    <a href=\"https:\/\/www.google.com\/maps\/embed?pb=!1m18!1m12!1m3!1d45328.36766768586!2d3.8568230865243587!3d43.53255258735082!2m3!1f0!2f0!3f0!3m2!1i1024!2i768!4f13.1!3m3!1m2!1s0x12b6baf4a5683725%3A0xb90ed85ee9f1935a!2s34250%20Palavas-les-Flots!5e0!3m2!1sfr!2sfr!4v1745775478870!5m2!1sfr!2sfr\" title=\"Ouvrie le lien\" rel=\"nofollow noopener\" target=\"_blank\">Cliquez ici pour visualiser le contenu<\/a><\/p>\n<p class=\" wall-content\">\u00ab\u00a0Mathys dit DJ Matiss \u00a0a su se d\u00e9marquer avec des morceaux de disco, afro-house, shatta et rap, ainsi que ses propres cr\u00e9ations.\u00a0Nous sommes fiers de ce jeune palavasien et de son parcours prometteur\u00a0\u00bb, se f\u00e9licite la mairie de Palavas-les-Flots.<\/p>\n<p class=\" wall-content\">\u00c0 N\u00eemes, il a eu vingt minutes pour s\u00e9duire et pour faire emporter le choix de la dizaine de DJs, dont <strong>Blaky<\/strong> et <strong>Laurent Pepper<\/strong> qui ont d\u00e9j\u00e0 fait leurs preuves dans ce m\u00e9tier, qui tend les bras \u00e0 l\u2019adolescent palavasien.<\/p>\n<p>Vid\u00e9os : en ce moment sur Actu<\/p>\n<p class=\" wall-content\"><strong>Mathys<\/strong> a des semaines charg\u00e9es, entre\u00a0sa scolarit\u00e9 au lyc\u00e9e professionnel Champollion, \u00e0 Lattes, la recherche d\u2019un stage dans la photographie pour sa principale passion en dehors de la zique, du sport pour garder la forme et pour et pr\u00e9parer son Set aux platines. DJ Matiss n\u2019a pas fini de faire parler de lui.<\/p>\n<p class=\" wall-content\">Suivez toute l\u2019actualit\u00e9 de vos villes et m\u00e9dias favoris en vous inscrivant \u00e0 <a href=\"https:\/\/moncompte.actu.fr\" title=\"D\u00e9couvez Mon Actu\" rel=\"nofollow noopener\" data-trk=\"{&quot;cta&quot;:{&quot;action&quot;:&quot;https:\\\/\\\/moncompte.actu.fr&quot;,&quot;category&quot;:&quot;mon compte&quot;,&quot;from&quot;:&quot;article footer&quot;,&quot;name&quot;:&quot;Mon actu&quot;,&quot;type&quot;:&quot;cta&quot;}}\" target=\"_blank\">Mon Actu<\/a>.<\/p>\n","protected":false},"excerpt":{"rendered":"Par R\u00e9daction M\u00e9tropolitain Publi\u00e9 le 28 avr. 2025 \u00e0 19h38 Voil\u00e0 un DJ\u00a0en herbe qui conna\u00eet la musique&hellip;\n","protected":false},"author":2,"featured_media":60529,"comment_status":"","ping_status":"","sticky":false,"template":"","format":"standard","meta":{"footnotes":""},"categories":[9599],"tags":[1111,11,1777,674,1011,27,1305,2208,12,2680,25],"class_list":{"0":"post-60528","1":"post","2":"type-post","3":"status-publish","4":"format-standard","5":"has-post-thumbnail","7":"category-montpellier","8":"tag-actu","9":"tag-actualites","10":"tag-eu","11":"tag-europe","12":"tag-fr","13":"tag-france","14":"tag-lifestyle","15":"tag-montpellier","16":"tag-news","17":"tag-occitanie","18":"tag-republique-francaise"},"share_on_mastodon":{"url":"https:\/\/pubeurope.com\/@fr\/114418404876692343","error":""},"_links":{"self":[{"href":"https:\/\/www.europesays.com\/fr\/wp-json\/wp\/v2\/posts\/60528","targetHints":{"allow":["GET"]}}],"collection":[{"href":"https:\/\/www.europesays.com\/fr\/wp-json\/wp\/v2\/posts"}],"about":[{"href":"https:\/\/www.europesays.com\/fr\/wp-json\/wp\/v2\/types\/post"}],"author":[{"embeddable":true,"href":"https:\/\/www.europesays.com\/fr\/wp-json\/wp\/v2\/users\/2"}],"replies":[{"embeddable":true,"href":"https:\/\/www.europesays.com\/fr\/wp-json\/wp\/v2\/comments?post=60528"}],"version-history":[{"count":0,"href":"https:\/\/www.europesays.com\/fr\/wp-json\/wp\/v2\/posts\/60528\/revisions"}],"wp:featuredmedia":[{"embeddable":true,"href":"https:\/\/www.europesays.com\/fr\/wp-json\/wp\/v2\/media\/60529"}],"wp:attachment":[{"href":"https:\/\/www.europesays.com\/fr\/wp-json\/wp\/v2\/media?parent=60528"}],"wp:term":[{"taxonomy":"category","embeddable":true,"href":"https:\/\/www.europesays.com\/fr\/wp-json\/wp\/v2\/categories?post=60528"},{"taxonomy":"post_tag","embeddable":true,"href":"https:\/\/www.europesays.com\/fr\/wp-json\/wp\/v2\/tags?post=60528"}],"curies":[{"name":"wp","href":"https:\/\/api.w.org\/{rel}","templated":true}]}}