{"id":605280,"date":"2025-12-17T13:20:18","date_gmt":"2025-12-17T13:20:18","guid":{"rendered":"https:\/\/www.europesays.com\/fr\/605280\/"},"modified":"2025-12-17T13:20:18","modified_gmt":"2025-12-17T13:20:18","slug":"xavier-moreau-ce-sulfureux-relais-francais-de-la-propagande-russe-sanctionne-par-lue","status":"publish","type":"post","link":"https:\/\/www.europesays.com\/fr\/605280\/","title":{"rendered":"Xavier Moreau, ce sulfureux relais fran\u00e7ais de la propagande russe sanctionn\u00e9 par l\u2019UE"},"content":{"rendered":"<p>Il est d\u00e9sign\u00e9 par le Quai d\u2019Orsay comme l\u2019un des principaux \u00ab\u00a0porte-parole de la propagande russe\u00a0\u00bb aupr\u00e8s des Fran\u00e7ais. Citoyen franco-russe Xavier Moreau, 54\u00a0ans, qui relaie la propagande du Kremlin depuis de nombreuses ann\u00e9es via ses articles et vid\u00e9os en ligne, figure sur la liste des douze personnalit\u00e9s vis\u00e9es par les nouvelles sanctions europ\u00e9ennes depuis lundi 15\u00a0d\u00e9cembre.<\/p>\n<p>Accus\u00e9 d\u2019avoir particip\u00e9 \u00e0 une entreprise de \u00ab\u00a0d\u00e9stabilisation\u00a0\u00bb, le Fran\u00e7ais install\u00e9 en Russie depuis plus de vingt ans ne pourra donc plus circuler librement au sein de l\u2019Union europ\u00e9enne et verra tous ses avoirs d\u00e9tenus dans les \u00c9tats membres gel\u00e9s.<\/p>\n<p>Sur son compte X, le principal int\u00e9ress\u00e9 affirme s\u2019en laver les mains\u00a0: \u00ab\u00a0Ma femme est russe et c\u2019est une battante. Mon fils a\u00een\u00e9 a 15\u00a0ans et s\u2019int\u00e9resse \u00e0 la politique et il vient juste d\u2019avoir un exemple de ce \u00e0 quoi ressemble une dictature\u00a0\u00bb, \u00e9crit Xavier Moreau.<\/p>\n<p>Proche des milieux identitaires d\u2019extr\u00eame droite, cet ancien militaire \u00e9tait dans le viseur des autorit\u00e9s fran\u00e7aises depuis une dizaine d\u2019ann\u00e9es, rep\u00e9r\u00e9 au moment de l\u2019annexion de la Crim\u00e9e ou encore lors de la crise des gilets jaunes.<\/p>\n<p>De Saint-Cyr aux th\u00e8ses prorusses<\/p>\n<p>Xavier Moreau est pass\u00e9 par l\u2019acad\u00e9mie de Saint-Cyr d\u2019o\u00f9 il est sorti lieutenant dans l\u2019arm\u00e9e de terre en 1995. Il affirme avoir \u00e9galement obtenu un dipl\u00f4me (DEA) en relations internationales \u00e0 la Sorbonne, avec une sp\u00e9cialisation sur les relations sovi\u00e9to-yougoslaves pendant la guerre froide. Apr\u00e8s quelques ann\u00e9es dans l\u2019arm\u00e9e, o\u00f9 il sert comme officier parachutiste, il d\u00e9missionne en 1999.<\/p>\n<p>Il se reconvertit alors dans la s\u00e9curit\u00e9 priv\u00e9e. Selon le magazine Challenges, il part s\u2019installer en Russie en 2000 et int\u00e8gre l\u2019entreprise Risk&amp;Co, charg\u00e9e de prot\u00e9ger les expatri\u00e9s fran\u00e7ais de Renault. Il fonde ensuite avec son fr\u00e8re sa propre entreprise de s\u00e9curit\u00e9 priv\u00e9e en Russie, baptis\u00e9e Sokol, qu\u2019il quitte en 2014, suite \u00e0 un diff\u00e9rend familial.<\/p>\n<p>Xavier Moreau, qui a acquis la nationalit\u00e9 russe en 2013, se r\u00e9oriente une nouvelle fois et cr\u00e9e le site Stratpol en 2014. Il entend fournir des \u00ab\u00a0analyses politico-strat\u00e9giques\u00a0\u00bb, \u00ab\u00a0sur toutes les zones, pays et continents\u00a0\u00bb, s\u2019adressant \u00ab\u00a0aux \u00e9tudiants et aux chercheurs, aussi bien qu\u2019aux d\u00e9cideurs politiques et aux acteurs \u00e9conomiques\u00a0\u00bb.<\/p>\n<p>Cette plateforme sert d\u00e8s le d\u00e9part de relais de la propagande du Kremlin. Xavier Moreau y pr\u00e9sente par exemple <a href=\"https:\/\/www.la-croix.com\/international\/Il-dix-ans-lUkraine-faisait-choix-lEurope-Maidan-2023-11-21-1201291613\" data-tracking=\"inpage_click\" data-tracking-action=\"lire un article\" data-tracking-category=\"recirculation\" target=\"_blank\" rel=\"noopener\">la r\u00e9volution ukrainienne de Ma\u00efdan<\/a> de 2014 comme un \u00ab\u00a0coup d\u2019\u00c9tat\u00a0\u00bb orchestr\u00e9 par Washington. <a href=\"https:\/\/www.la-croix.com\/international\/crash-du-mh17-une-agence-de-l-onu-juge-la-russie-responsable-de-la-destruction-de-lappareil-20250513\" data-tracking=\"inpage_click\" data-tracking-action=\"lire un article\" data-tracking-category=\"recirculation\" target=\"_blank\" rel=\"noopener\">Le crash du Boeing de la Malaysia Airlines,<\/a> atteint par un missile sol-air\u00a0au-dessus de l\u2019Ukraine \u00e0 l\u2019\u00e9t\u00e9 2014, devient un crime des \u00ab\u00a0Ukronazis\u00a0\u00bb.<\/p>\n<p>En 2015, il publie Ukraine\u00a0: pourquoi la France s\u2019est tromp\u00e9e, un ouvrage pr\u00e9fac\u00e9 par l\u2019eurod\u00e9put\u00e9 RN Thierry Mariani dont il est proche, qui revisite l\u2019histoire ukrainienne selon une vision prorusse. Il y affirme que l\u2019Otan est \u00ab\u00a0au bord d\u2019une d\u00e9faite magistrale\u00a0\u00bb, que Moscou \u00ab\u00a0a d\u00e9j\u00e0 gagn\u00e9 la guerre\u00a0\u00bb et r\u00e9gnera bient\u00f4t sur la \u00ab\u00a0Nouvelle Russie\u00a0\u00bb.<\/p>\n<p>Dans le viseur des autorit\u00e9s fran\u00e7aises<\/p>\n<p>Ses prises de position lui valent d\u2019\u00eatre remarqu\u00e9 en Russie. Selon Challenges, les autorit\u00e9s russes l\u2019accr\u00e9ditent un temps comme\u00a0reporter de guerre\u00a0dans le Donbass. En f\u00e9vrier\u00a02022, alors que la Russie lance son offensive sur Kiev il affirme que \u00ab\u00a0l\u2019Ukraine\u00a0a orchestr\u00e9 sa propre invasion afin d\u2019int\u00e9grer l\u2019Otan\u00a0\u00bb. En septembre cette ann\u00e9e-l\u00e0, il est missionn\u00e9 pour \u00eatre \u00ab\u00a0observateur \u00e9tranger\u00a0\u00bb <a href=\"https:\/\/www.la-croix.com\/Monde\/Guerre-Ukraine-regions-occupees-revendiquent-victoire-oui-referendums-dannexion-2022-09-28-1201235241\" data-tracking=\"inpage_click\" data-tracking-action=\"lire un article\" data-tracking-category=\"recirculation\" target=\"_blank\" rel=\"noopener\">lors des r\u00e9f\u00e9rendums d\u2019annexion<\/a> dans les r\u00e9gions ukrainiennes de Rostov, Donetsk et Taganrog.<\/p>\n<p>En France, il s\u2019est fait remarquer d\u00e8s 2018 pendant le mouvement des gilets jaunes, en posant lors de la manifestation du 8\u00a0d\u00e9cembre sur les Champs-\u00c9lys\u00e9es avec un drapeau de la R\u00e9publique populaire de Donetsk, entit\u00e9 s\u00e9paratiste en Ukraine.<\/p>\n<blockquote class=\"twitter-tweet\">\n<p lang=\"fr\" dir=\"ltr\"><a href=\"https:\/\/twitter.com\/hashtag\/Paris?src=hash&amp;ref_src=twsrc%5Etfw\" target=\"_blank\" rel=\"noopener\">#Paris<\/a>, dans la manif des <a href=\"https:\/\/twitter.com\/hashtag\/Giletsjaunes?src=hash&amp;ref_src=twsrc%5Etfw\" target=\"_blank\" rel=\"noopener\">#Giletsjaunes<\/a>, Les pro <a href=\"https:\/\/twitter.com\/hashtag\/Poutine?src=hash&amp;ref_src=twsrc%5Etfw\" target=\"_blank\" rel=\"noopener\">#Poutine<\/a> d\u00e9ploient le drapeau des r\u00e9gions s\u00e9paratistes du Donbass, \u00e0 l,est de l\u2019<a href=\"https:\/\/twitter.com\/hashtag\/Ukraine?src=hash&amp;ref_src=twsrc%5Etfw\" target=\"_blank\" rel=\"noopener\">#Ukraine<\/a>. \u00c0 droite, Xavier Moreau, bien connu \u00e0 Moscou <a href=\"https:\/\/t.co\/0Ovc87s31h\">https:\/\/t.co\/0Ovc87s31h<\/a> <a href=\"https:\/\/t.co\/5z2mTZ44YF\">https:\/\/t.co\/5z2mTZ44YF<\/a><\/p>\n<p>\u2014 Mandraud Isabelle (@mandraud) <a href=\"https:\/\/twitter.com\/mandraud\/status\/1071365971321982977?ref_src=twsrc%5Etfw\" target=\"_blank\" rel=\"noopener\">December 8, 2018<\/a><\/p><\/blockquote>\n<p class=\"article-embed-disclaimer__text\">\n                Ce contenu est bloqu\u00e9 car vous n&rsquo;avez pas accept\u00e9 les cookies et autres traceurs.\n            <\/p>\n<p>\n                Je g\u00e8re mes choix<br \/>\n                J&rsquo;autorise\n            <\/p>\n<p>En octobre\u00a02022, sa cha\u00eene francophone YouTube Stratpol (180\u00a0000 abonn\u00e9s selon le site Conspiracy Watch) est ferm\u00e9e pour violation des r\u00e8gles et incitation \u00e0 la haine. Xavier Moreau migre alors vers des plateformes alternatives telles Rumble et Odysee, pour continuer de diffuser ses contenus complotistes et prorusses. Il se voit \u00e9galement confier un talk-show \u00ab\u00a0Ici Moscou\u00a0!\u00a0\u00bb sur la cha\u00eene Russia Today, interdite en Europe, mais qui produit toujours des programmes en fran\u00e7ais, depuis Moscou.<\/p>\n<p>Selon le Quai d\u2019Orsay, Xavier Moreau administre une centaine de faux sites Web d\u2019actualit\u00e9. <a href=\"https:\/\/www.la-croix.com\/Debats\/Russie-cherche-attiser-lhostilite-contre-France-Afrique-2022-11-10-1201241544\" data-tracking=\"inpage_click\" data-tracking-action=\"lire un article\" data-tracking-category=\"recirculation\" target=\"_blank\" rel=\"noopener\">Maxime Audinet,<\/a> sp\u00e9cialiste de la Russie et chercheur \u00e0 l\u2019Irsem le d\u00e9crivait d\u00e8s 2024 \u2013 dans une commission d\u2019enqu\u00eate sur la lutte contre les influences \u00e9trang\u00e8res \u2013 comme \u00ab\u00a0l\u2019une des figures fran\u00e7aises les plus promotrices des informations pro-Kremlin et peut-\u00eatre m\u00eame l\u2019une des personnalit\u00e9s les plus \u201cpoutinophiles\u201d du petit \u00e9cosyst\u00e8me fran\u00e7ais \u00e0 Moscou\u00a0\u00bb.<\/p>\n<p>    <script async src=\"https:\/\/platform.twitter.com\/widgets.js\" charset=\"utf-8\"><\/script><\/p>\n","protected":false},"excerpt":{"rendered":"Il est d\u00e9sign\u00e9 par le Quai d\u2019Orsay comme l\u2019un des principaux \u00ab\u00a0porte-parole de la propagande russe\u00a0\u00bb aupr\u00e8s des&hellip;\n","protected":false},"author":2,"featured_media":605281,"comment_status":"","ping_status":"","sticky":false,"template":"","format":"standard","meta":{"footnotes":""},"categories":[1591],"tags":[11,1887,12,1885,1886,132],"class_list":{"0":"post-605280","1":"post","2":"type-post","3":"status-publish","4":"format-standard","5":"has-post-thumbnail","7":"category-russie","8":"tag-actualites","9":"tag-federation-de-russie","10":"tag-news","11":"tag-russia","12":"tag-russian-federation","13":"tag-russie"},"share_on_mastodon":{"url":"https:\/\/pubeurope.com\/@fr\/115735116264247998","error":""},"_links":{"self":[{"href":"https:\/\/www.europesays.com\/fr\/wp-json\/wp\/v2\/posts\/605280","targetHints":{"allow":["GET"]}}],"collection":[{"href":"https:\/\/www.europesays.com\/fr\/wp-json\/wp\/v2\/posts"}],"about":[{"href":"https:\/\/www.europesays.com\/fr\/wp-json\/wp\/v2\/types\/post"}],"author":[{"embeddable":true,"href":"https:\/\/www.europesays.com\/fr\/wp-json\/wp\/v2\/users\/2"}],"replies":[{"embeddable":true,"href":"https:\/\/www.europesays.com\/fr\/wp-json\/wp\/v2\/comments?post=605280"}],"version-history":[{"count":0,"href":"https:\/\/www.europesays.com\/fr\/wp-json\/wp\/v2\/posts\/605280\/revisions"}],"wp:featuredmedia":[{"embeddable":true,"href":"https:\/\/www.europesays.com\/fr\/wp-json\/wp\/v2\/media\/605281"}],"wp:attachment":[{"href":"https:\/\/www.europesays.com\/fr\/wp-json\/wp\/v2\/media?parent=605280"}],"wp:term":[{"taxonomy":"category","embeddable":true,"href":"https:\/\/www.europesays.com\/fr\/wp-json\/wp\/v2\/categories?post=605280"},{"taxonomy":"post_tag","embeddable":true,"href":"https:\/\/www.europesays.com\/fr\/wp-json\/wp\/v2\/tags?post=605280"}],"curies":[{"name":"wp","href":"https:\/\/api.w.org\/{rel}","templated":true}]}}