{"id":605287,"date":"2025-12-17T13:24:26","date_gmt":"2025-12-17T13:24:26","guid":{"rendered":"https:\/\/www.europesays.com\/fr\/605287\/"},"modified":"2025-12-17T13:24:26","modified_gmt":"2025-12-17T13:24:26","slug":"le-systeme-qui-fait-basculer-les-britanniques-vers-lexpatriation","status":"publish","type":"post","link":"https:\/\/www.europesays.com\/fr\/605287\/","title":{"rendered":"le syst\u00e8me qui fait basculer les Britanniques vers l\u2019expatriation"},"content":{"rendered":"\n<p><a class=\"ithalc\" data-ithal=\"lien_externe\" data-ithalc=\"[nav_article]\" target=\"_blank\" href=\"https:\/\/www.focus.de\/reisen\/andrew-will-wegen-der-neuen-eu-grenzregeln-auswandern-bin-frustrierter-und-wuetender-als-je-zuvor_b8fd6666-b141-4d5b-8526-a0cea76a65f6.html\" rel=\"nofollow noopener\">Le magazine allemand <strong>Focus<\/strong> <\/a>met l\u2019accent sur les effets des nouvelles r\u00e8gles europ\u00e9ennes de circulation sur les expatri\u00e9s britanniques post-Brexit. L\u2019auteur y d\u00e9taille le syst\u00e8me d\u2019entr\u00e9e-sortie (EES), \u201cun nouveau syst\u00e8me europ\u00e9en qui enregistre automatiquement les entr\u00e9es et sorties des voyageurs non europ\u00e9ens et impose des donn\u00e9es biom\u00e9triques \u00e0 chaque passage\u201d. Ce dispositif, entr\u00e9 en service le 12\u00a0octobre 2025, rend incontournable l\u2019application stricte de la r\u00e8gle des quatre-vingt-dix jours sur cent quatre-vingts\u00a0: un non-r\u00e9sident ne peut s\u00e9journer dans l\u2019espace Schengen que quatre-vingt-dix jours cumul\u00e9s sur une p\u00e9riode glissante de cent quatre-vingts jours, sans possibilit\u00e9 de d\u00e9passement, m\u00eame en cas d\u2019erreur ou d\u2019urgence.<\/p>\n<p>Pour Andrew Taylor, un Britannique de 61\u00a0ans propri\u00e9taire de deux maisons, l\u2019une en Espagne et l\u2019autre en Italie, ce tournant administratif transforme un simple s\u00e9jour en v\u00e9ritable parcours d\u2019obstacles. Andrew, cit\u00e9 longuement par l\u2019hebdomadaire, r\u00e9sume sa col\u00e8re\u00a0:<\/p>\n<blockquote><p>\u201cLes r\u00e8gles de l\u2019EES rendront les voyages en Europe encore plus difficiles et plus chronophages qu\u2019ils ne le sont d\u00e9j\u00e0. Je suis encore plus frustr\u00e9 et en col\u00e8re contre le Brexit qu\u2019auparavant.\u201d<\/p><\/blockquote>\n<p>Il poursuit, amer\u00a0: \u201cIl n\u2019y a plus aucune flexibilit\u00e9.\u201d \u00c0 ses yeux, la fin des contr\u00f4les manuels signifie que chaque jour pass\u00e9 dans l\u2019Union europ\u00e9enne compte m\u00e9caniquement, sans tol\u00e9rance pour les habitu\u00e9s du continent qui alternaient autrefois librement entre leurs diff\u00e9rents s\u00e9jours.<\/p>\n<p>Le magazine souligne que la rigidit\u00e9 du syst\u00e8me inqui\u00e8te ceux qui, depuis longtemps, passaient dans l\u2019espace Schengen sans contrainte majeure \u2013 d\u00e9sormais, toute erreur de calcul peut compromettre un projet de vie. Andrew Taylor le dit clairement\u00a0: \u201cSi l\u2019on commet une erreur avec les quatre-vingt-dix jours ou si l\u2019on doit voyager en urgence, cela posera un probl\u00e8me.\u201d \u00c0 ce resserrement des fronti\u00e8res s\u2019ajoutent les imp\u00f4ts en hausse au Royaume-Uni, qui renforcent chez nombre de retrait\u00e9s la tentation de partir.<\/p>\n<p>Le cas d\u2019Andrew Taylor devient alors un symbole\u00a0: celui d\u2019une g\u00e9n\u00e9ration de Britanniques forc\u00e9s depuis le Brexit de choisir entre rester chez eux ou se transformer en expatri\u00e9s \u00e0 part enti\u00e8re pour continuer \u00e0 vivre en Europe sans entraves. Car, note Focus, l\u2019EES n\u2019est pas seulement une r\u00e9forme technique\u00a0: il agit comme un r\u00e9v\u00e9lateur politique, transformant des visiteurs r\u00e9guliers en candidats au d\u00e9part d\u00e9finitif.<\/p>\n<p>                      <a href=\"https:\/\/evenements.courrierinternational.com\/2025\/la-soiree-expat\/#programme\" id=\"ci-banner-soiree-expat\" target=\"_blank\" class=\"ithalc\" data-ithalc=\"[cta_bloc]\" data-ithal=\"ciBannerSoireeExpatArticles2025\" rel=\"nofollow noopener\"> <video id=\"video\" preload=\"none\" class=\"initial\" src=\"https:\/\/evenements.courrierinternational.com\/2025\/la-soiree-expat\/assets\/images\/test3.mp4\" poster=\"https:\/\/evenements.courrierinternational.com\/2025\/la-soiree-expat\/assets\/images\/back.jpg\" playsinline=\"\" loop=\"\" muted=\"\"\/>     <\/a>                                                     <\/p>\n<p>Nos lecteurs ont lu\u00a0aussi<\/p>\n<p>Source de l\u2019article<\/p>\n<p>   <img decoding=\"async\" class=\"source-logo\" src=\"https:\/\/www.europesays.com\/fr\/wp-content\/uploads\/2025\/12\/9ef4a90_1643653157969-12002871-415820568610689-8382197726859173455-n.jpg\"  alt=\"Logo\" loading=\"lazy\" width=\"32\" height=\"32\"\/>  Courrier Expat  (Paris)       <\/p>\n<p>Lanc\u00e9 en\u00a0avril 2016 et destin\u00e9 aux expatri\u00e9s fran\u00e7ais et aux candidats \u00e0 l\u2019expatriation, <strong>Courrier Expat<\/strong> offre des informations puis\u00e9es dans la presse internationale sur l\u2019environnement professionnel et personnel des Fran\u00e7ais de l\u2019\u00e9tranger, sur le m\u00eame mod\u00e8le que Courrier international. Ces infos sont organis\u00e9es en trois rubriques\u00a0: business, \u00e9ducation, sant\u00e9.<\/p>\n<p>Courrier Expat explore \u00e9galement de nouvelles fronti\u00e8res, en alliant informations, services et dimension communautaire. Les lecteurs peuvent, en devenant membres du Club Courrier\u00a0Expat, avoir acc\u00e8s aux informations du site, acc\u00e9der \u00e0 des conseils d\u2019experts, consulter des offres d\u2019emploi, participer \u00e0 des forums et voyager gr\u00e2ce aux blogs de nos correspondants\u00a0expatri\u00e9s.<\/p>\n<p>      <a href=\"https:\/\/www.courrierinternational.com\/notule-source\/courrier-expat-paris\" class=\"source-link\" rel=\"nofollow noopener\" target=\"_blank\">Lire la suite<\/a>                   <\/p>\n<p>Nos services<\/p>\n<p>       <a class=\"gym-wrap ithalc\" href=\"https:\/\/www.courrierinternational.com\/_club-courrier\/gymglish\/gymglish-offre-speciale_224746?utm_source=site-ci&amp;utm_medium=cta-home&amp;utm_campaign=2022-ag-ci-partner-gymglish-offre-1mois-multi-langues\" data-ithalc=\"[bloc_agence]\" data-ithal=\"gymglish_home\" rel=\"nofollow noopener\" target=\"_blank\">   <img decoding=\"async\" loading=\"lazy\" src=\"https:\/\/www.courrierinternational.com\/bucket\/assets\/12d0cc57338e32a3c2c43763e1ff8013ae20e869\/img\/agence\/logos\/logo-ci-partner-light.svg\" height=\"30\" width=\"135\" alt=\"Logo Courrier international contenu partenaire\"\/> <img decoding=\"async\" loading=\"lazy\" src=\"https:\/\/www.europesays.com\/fr\/wp-content\/uploads\/2025\/12\/logo-gymglish.png\" height=\"20\" width=\"81\" alt=\"Logo Gymglish\"\/>  <\/p>\n<p class=\"gym-text\">Progressez dans la\u00a0langue de\u00a0votre choix gr\u00e2ce \u00e0\u00a0des cours en\u00a0ligne, dr\u00f4les, concis et\u00a0personnalis\u00e9s.<\/p>\n<p>   <img decoding=\"async\" loading=\"lazy\" width=\"150\" height=\"105\" class=\"gym-persos\" src=\"https:\/\/www.europesays.com\/fr\/wp-content\/uploads\/2025\/12\/persos-alex.png\" alt=\"Photo\"\/> <\/p>\n<p>1 mois gratuit<\/p>\n<p>  <\/a> <img decoding=\"async\" loading=\"lazy\" class=\"gym-bg left\" width=\"170\" heigh=\"320\" src=\"https:\/\/www.europesays.com\/fr\/wp-content\/uploads\/2025\/12\/bg-left.png\" alt=\"Image\"\/> <img decoding=\"async\" loading=\"lazy\" class=\"gym-bg right\" width=\"170\" heigh=\"320\" src=\"https:\/\/www.europesays.com\/fr\/wp-content\/uploads\/2025\/12\/bg-right.png\" alt=\"Image\"\/>    <\/p>\n","protected":false},"excerpt":{"rendered":"Le magazine allemand Focus met l\u2019accent sur les effets des nouvelles r\u00e8gles europ\u00e9ennes de circulation sur les expatri\u00e9s&hellip;\n","protected":false},"author":2,"featured_media":605288,"comment_status":"","ping_status":"","sticky":false,"template":"","format":"standard","meta":{"footnotes":""},"categories":[1587],"tags":[11,672,1353,1804,1856,1805,1803,1777,674,4315,1801,12,1802,473,2475],"class_list":{"0":"post-605287","1":"post","2":"type-post","3":"status-publish","4":"format-standard","5":"has-post-thumbnail","7":"category-allemagne","8":"tag-actualites","9":"tag-allemagne","10":"tag-brexit","11":"tag-bundesrepublik-deutschland","12":"tag-courrier-expat","13":"tag-de","14":"tag-deutschland","15":"tag-eu","16":"tag-europe","17":"tag-expatriation","18":"tag-germany","19":"tag-news","20":"tag-republique-federale-dallemagne","21":"tag-royaume-uni","22":"tag-union-europu00e9enne"},"share_on_mastodon":{"url":"https:\/\/pubeurope.com\/@fr\/115735132440263796","error":""},"_links":{"self":[{"href":"https:\/\/www.europesays.com\/fr\/wp-json\/wp\/v2\/posts\/605287","targetHints":{"allow":["GET"]}}],"collection":[{"href":"https:\/\/www.europesays.com\/fr\/wp-json\/wp\/v2\/posts"}],"about":[{"href":"https:\/\/www.europesays.com\/fr\/wp-json\/wp\/v2\/types\/post"}],"author":[{"embeddable":true,"href":"https:\/\/www.europesays.com\/fr\/wp-json\/wp\/v2\/users\/2"}],"replies":[{"embeddable":true,"href":"https:\/\/www.europesays.com\/fr\/wp-json\/wp\/v2\/comments?post=605287"}],"version-history":[{"count":0,"href":"https:\/\/www.europesays.com\/fr\/wp-json\/wp\/v2\/posts\/605287\/revisions"}],"wp:featuredmedia":[{"embeddable":true,"href":"https:\/\/www.europesays.com\/fr\/wp-json\/wp\/v2\/media\/605288"}],"wp:attachment":[{"href":"https:\/\/www.europesays.com\/fr\/wp-json\/wp\/v2\/media?parent=605287"}],"wp:term":[{"taxonomy":"category","embeddable":true,"href":"https:\/\/www.europesays.com\/fr\/wp-json\/wp\/v2\/categories?post=605287"},{"taxonomy":"post_tag","embeddable":true,"href":"https:\/\/www.europesays.com\/fr\/wp-json\/wp\/v2\/tags?post=605287"}],"curies":[{"name":"wp","href":"https:\/\/api.w.org\/{rel}","templated":true}]}}